{"id":42595,"date":"2015-08-08T23:03:42","date_gmt":"2015-08-08T20:03:42","guid":{"rendered":"https:\/\/www.enerjigazetesi.ist\/?p=42595"},"modified":"2015-08-08T23:03:42","modified_gmt":"2015-08-08T20:03:42","slug":"gesler-tarim-arazileri-icin-gercekten-tehdit-mi","status":"publish","type":"post","link":"https:\/\/www.enerjigazetesi.ist\/en\/gesler-tarim-arazileri-icin-gercekten-tehdit-mi\/","title":{"rendered":"(Turkish) GES\u2019ler Tar\u0131m Arazileri \u0130\u00e7in Ger\u00e7ekten Tehdit mi?"},"content":{"rendered":"<p class=\"qtranxs-available-languages-message qtranxs-available-languages-message-en\">Sorry, this entry is only available in <a href=\"https:\/\/www.enerjigazetesi.ist\/tr\/wp-json\/wp\/v2\/posts\/42595\" class=\"qtranxs-available-language-link qtranxs-available-language-link-tr\" title=\"Turkish\">Turkish<\/a>. For the sake of viewer convenience, the content is shown below in the alternative language. You may click the link to switch the active language.<\/p><p><\/p>\n<p style=\"color: #666666;\"><strong>G\u00fcne\u015f santrallerinin tar\u0131m i\u00e7in ciddi bir tehdit olu\u015fturmaya ba\u015flad\u0131\u011f\u0131na dair, hi\u00e7 bir yasal ve matematiksel dayana\u011f\u0131 olmayan haberler yay\u0131nland\u0131. T\u00fcrkiye\u2019nin en fazla takip edilen PV platformu olan Solarbaba\u2019n\u0131n y\u00f6neticisi Ate\u015f U\u011furel,\u00a0 Yahoo grubunda bu iddialarla ilgili bir analiz yapt\u0131. Sundu\u011fu verileri bir de biz inceledik ve biraz farkl\u0131 ama \u00f6z\u00fcnde tamamen ayn\u0131 rakam ve sonu\u00e7lara ula\u015ft\u0131k. Parantez i\u00e7indeki veriler bizim yorum ve verilerimizdir.<\/strong><\/p>\n<p style=\"color: #666666;\">\u201cT\u00fcrkiye\u2019de toplam tar\u0131m arazisi b\u00fcy\u00fckl\u00fc\u011f\u00fc 26.3 milyon hektar civar\u0131nda , yani 263 milyon d\u00f6n\u00fcm (<em><span style=\"font-weight: bold; color: #222222;\">maa<a href=\"https:\/\/www.enerjigazetesi.ist\/wp-content\/uploads\/2015\/08\/gesler-tarim-arazileri-icin-gercekten-tehdit-mi.jpg\"><img loading=\"lazy\" class=\"alignright size-medium wp-image-42596\" src=\"https:\/\/www.enerjigazetesi.ist\/wp-content\/uploads\/2015\/08\/gesler-tarim-arazileri-icin-gercekten-tehdit-mi-300x154.jpg\" alt=\"gesler-tarim-arazileri-icin-gercekten-tehdit-mi\" width=\"300\" height=\"154\" srcset=\"https:\/\/www.enerjigazetesi.ist\/wp-content\/uploads\/2015\/08\/gesler-tarim-arazileri-icin-gercekten-tehdit-mi-300x154.jpg 300w, https:\/\/www.enerjigazetesi.ist\/wp-content\/uploads\/2015\/08\/gesler-tarim-arazileri-icin-gercekten-tehdit-mi-500x258.jpg 500w, https:\/\/www.enerjigazetesi.ist\/wp-content\/uploads\/2015\/08\/gesler-tarim-arazileri-icin-gercekten-tehdit-mi-80x41.jpg 80w, https:\/\/www.enerjigazetesi.ist\/wp-content\/uploads\/2015\/08\/gesler-tarim-arazileri-icin-gercekten-tehdit-mi.jpg 620w\" sizes=\"(max-width: 300px) 100vw, 300px\" \/><\/a>lesef bu rakam 238 milyon d\u00f6n\u00fcme d\u00fc\u015fm\u00fc\u015f durumda 2013 sonu itibariyle)<\/span><\/em><\/p>\n<p style=\"color: #666666;\">\u015eu anda yakla\u015f\u0131k 18 d\u00f6n\u00fcml\u00fck bir alana 1MW GES kurabilirsiniz, MW ba\u015f\u0131na ihtiya\u00e7 duydu\u011funuz alan her sene azalacak g\u00fcne\u015f paneli verimi art\u0131\u015f\u0131na paralel olarak. Bir \u00e7\u0131lg\u0131n, do\u011fa d\u00fc\u015fman\u0131 yasa \u00e7\u0131ksa ve bize \u015funu emretse : \u201cArt\u0131k bundan sonra \u00e7at\u0131ya ve verimsiz \u00e7orak arazilere g\u00fcne\u015f santrali kurman\u0131z yasak, sadece en verimli tar\u0131m arazilerine kuracaks\u0131n\u0131z\u201d (<em><span style=\"font-weight: bold; color: #222222;\">\u015fu anda bildi\u011finiz gibi verimli arazilere herhangi bir enerji santrali kurmak YASAK. U\u011furel bunun aksini savunmuyor bu c\u00fcmlesinde. \u201cBir do\u011fa d\u00fc\u015fman\u0131 \u00e7\u0131ksa\u201d diyerek asl\u0131nda bunun ne kadar m\u00fcmk\u00fcns\u00fcz ve yanl\u0131\u015f oldu\u011funun da vurgusunu yap\u0131yor. Ama velev ki \u00e7\u0131kt\u0131 diyelim\u2026.)\u00a0<\/span><\/em>Bu yasaya uyarak toplam tar\u0131m arazilerinin\u00a0<span style=\"font-weight: bold; color: #222222;\">%1\u2032<\/span>ini kullansak 2.630.000 d\u00f6n\u00fcm arazi anlam\u0131na gelir bu, bu arazilerin \u00fczerine toplam 146GW GES kurabiliriz, yani T\u00fcrkiye\u2019nin bug\u00fcnk\u00fc<span style=\"font-weight: bold; color: #222222;\">\u00a0t\u00fcm toplam enerji kurulu g\u00fcc\u00fcn\u00fcn<\/span>\u00a0iki kat\u0131ndan daha fazlas\u0131n\u0131. (<em><span style=\"font-weight: bold; color: #222222;\">yukar\u0131daki d\u00fczeltmeden gidersek, 132 GW eder)<\/span><\/em><\/p>\n<p style=\"color: #666666;\"><strong>\u00d6zetlersek<\/strong><br \/>\n\u2014\u2014\u2014\u2014\u2013<br \/>\n1) T\u00fcrkiye\u2019de GES kurmak i\u00e7in istemedi\u011finiz kadar tar\u0131m d\u0131\u015f\u0131 arazi ve \u00e7at\u0131 mevcut<br \/>\n2) Bundan sonraki t\u00fcm kurulumlar\u0131 tar\u0131m arazisine kursan\u0131z bile % 0.3 gibi bir rakama ula\u015f\u0131rs\u0131n\u0131z nihai olarak<\/p>\n<p style=\"color: #666666;\">Dolay\u0131s\u0131 ile en do\u011fa d\u00fc\u015fman\u0131 ki\u015filer ve h\u00fck\u00fcmetler bile g\u00fcne\u015f enerjisi santrali kurulumu ile istese bile hi\u00e7bir \u015fekilde tar\u0131ma zarar veremez. \u00dcstelik d\u00fcnyada tar\u0131m+hayvanc\u0131l\u0131k+GES \u00fc\u00e7l\u00fcs\u00fcn\u00fcn birlikte oldu\u011fu \u00e7ok uygulama var art\u0131k.<br \/>\nBakal\u0131m bundan sonraki bahane ne olacak g\u00fcne\u015fe kar\u015f\u0131 \u00e7\u0131kmak i\u00e7in, merakla bekliyoruz. \u201cG\u00fcne\u015f enerjisi \u00e7ok pahal\u0131\u201d diyenlerin sesinin son 1-2 y\u0131ld\u0131r art\u0131k hi\u00e7 \u00e7\u0131kmad\u0131\u011f\u0131n\u0131 g\u00f6rmek sevindirici mesela.\u201d<\/p>\n<p style=\"color: #666666;\">Ate\u015f Bey\u2019in verdi\u011fi arazi ile ilgili rakamlar\u0131 incelerken, biz de baz\u0131 kaynaklara ula\u015ft\u0131k . Bundan tam 1 sene \u00f6nce T\u00fcrkiye Ziraat Odalar\u0131 Birli\u011fi (TZOB) Genel Ba\u015fkan\u0131 \u015eemsi Bayraktar demi\u015fler ki: \u201c\u201cVerimli baz\u0131 tar\u0131m arazileri tar\u0131m d\u0131\u015f\u0131 ama\u00e7larla kullan\u0131l\u0131rken, orman ve mera olarak kullan\u0131lmas\u0131 gereken 6 milyon hektar kadar arazide ise i\u015flemeli tar\u0131m yap\u0131l\u0131yor.\u00a0<span style=\"font-weight: bold; color: #222222;\">Tar\u0131m alanlar\u0131n\u0131n \u015fehirle\u015fmeye ve sanayi tesislerine d\u00f6n\u00fc\u015ft\u00fcr\u00fclmesi tar\u0131m alanlar\u0131n\u0131n azalmas\u0131ndaki en b\u00fcy\u00fck sebeptir. \u00c7ok uzun y\u0131llard\u0131r birinci s\u0131n\u0131f sulamaya uygun tar\u0131m arazileri imara a\u00e7\u0131larak, sanayi ve yerle\u015fim yerleri yap\u0131ld\u0131. \u015eehir, il\u00e7e ve beldelerde tar\u0131m arazileri imara a\u00e7\u0131ld\u0131, konutlar yap\u0131ld\u0131. T\u00fcrkiye\u2019de kentsel yap\u0131la\u015fman\u0131n, kaliteli tar\u0131m arazileri \u00fczerinde yo\u011funla\u015fmas\u0131, tar\u0131m yap\u0131lan alanlar\u0131n ise daha d\u00fc\u015f\u00fck nitelikli arazilere do\u011fru kaymas\u0131na neden oldu.\u00a0<\/span>Tar\u0131m alanlar\u0131n\u0131n ama\u00e7 d\u0131\u015f\u0131 kullan\u0131m\u0131nda ilk s\u0131ray\u0131 sanayi al\u0131yor. Sanayiyi, konut, turizm, madencilik ve ula\u015ft\u0131rma ama\u00e7l\u0131 kullan\u0131mlar izliyor. Tar\u0131m d\u0131\u015f\u0131 kullan\u0131m\u0131n\u0131n \u00f6zellikle \u00c7ukurova, Gediz, Menderes, Tarsus ovalar\u0131, \u0130zmir, Bursa, Antalya, Mersin, Kocaeli, Sakarya, D\u00fczce, Trakya gibi verimli tar\u0131m arazilerinin bulundu\u011fu yerlerde yo\u011funla\u015fmas\u0131, konunun ciddiyetini daha da art\u0131r\u0131yor.\u201d (<span style=\"color: rgb(153, 204, 0);\">\u00a0<a style=\"color: #fc8d8d;\" href=\"http:\/\/www.dunyabulteni.net\/haber\/290497\/tarim-alanlari-18-yilda-yuzde-113-azaldi\" target=\"_blank\"><span style=\"color: rgb(153, 204, 0);\">http:\/\/www.dunyabulteni.net\/haber\/290497\/tarim-alanlari-18-yilda-yuzde-113-azaldi<\/span><\/a>\u00a0)<\/span><\/p>\n<p style=\"color: #666666;\">G\u00f6r\u00fcnen o ki verimli arazilerin artan n\u00fcfus ve sanayile\u015fme dolay\u0131s\u0131yla u\u011frad\u0131klar\u0131 kay\u0131p, son 2 y\u0131lda artan GES\u2019lerle de\u011fil son 20 y\u0131ld\u0131r bina, OSB ve turizm yat\u0131r\u0131mlar\u0131 alan\u0131 a\u00e7mak i\u00e7in yay\u0131nlanan\u00a0h\u00fckm\u00fcnde kararnameler ve torba yasalarla\u00a0nedeniyle. <span style=\"color: rgb(153, 204, 0);\">\u00a0<a style=\"color: #fc8d8d;\" href=\"http:\/\/www.alternatifenerji.com\/gesler-tarim-arazileri-icin-gercekten-tehdit-mi\/kanun%20h%C3%BCkm%C3%BCnde%20kararnameler,%20torba%20yasalarla\" target=\"_blank\"><span style=\"color: rgb(153, 204, 0);\">http:\/\/www.haberler.com\/kanun-yonetmelik-ve-mevzuat-topraklarimizi-6751191-haberi\/<\/span><\/a><\/span><\/p>\n<p style=\"color: #666666;\">Bu nedenle sapla saman\u0131 kar\u0131\u015ft\u0131r\u0131p, s\u0131rf muhalefet olsun diye ger\u00e7ekleri sapt\u0131rarak yap\u0131lan haberlere itibar etmeyiniz.<\/p>\n<p style=\"color: #666666;\">Kaynak: Alternatif Enerji<\/p>\n<p><\/p>","protected":false},"excerpt":{"rendered":"<p>Sorry, this entry is only available in Turkish. For the sake of viewer convenience, the content is shown below in the alternative language. You may click the link to switch the active language. G\u00fcne\u015f santrallerinin tar\u0131m i\u00e7in ciddi bir tehdit olu\u015fturmaya ba\u015flad\u0131\u011f\u0131na dair, hi\u00e7 bir yasal ve matematiksel dayana\u011f\u0131 olmayan haberler yay\u0131nland\u0131. T\u00fcrkiye\u2019nin en fazla [&hellip;]<\/p>\n","protected":false},"author":1,"featured_media":42596,"comment_status":"open","ping_status":"open","sticky":false,"template":"","format":"standard","meta":[],"categories":[53,49],"tags":[63,67,1009,2698,165,2326,21886,227,13,2569,21768,24737,10985],"views":1655,"_links":{"self":[{"href":"https:\/\/www.enerjigazetesi.ist\/en\/wp-json\/wp\/v2\/posts\/42595"}],"collection":[{"href":"https:\/\/www.enerjigazetesi.ist\/en\/wp-json\/wp\/v2\/posts"}],"about":[{"href":"https:\/\/www.enerjigazetesi.ist\/en\/wp-json\/wp\/v2\/types\/post"}],"author":[{"embeddable":true,"href":"https:\/\/www.enerjigazetesi.ist\/en\/wp-json\/wp\/v2\/users\/1"}],"replies":[{"embeddable":true,"href":"https:\/\/www.enerjigazetesi.ist\/en\/wp-json\/wp\/v2\/comments?post=42595"}],"version-history":[{"count":1,"href":"https:\/\/www.enerjigazetesi.ist\/en\/wp-json\/wp\/v2\/posts\/42595\/revisions"}],"predecessor-version":[{"id":42597,"href":"https:\/\/www.enerjigazetesi.ist\/en\/wp-json\/wp\/v2\/posts\/42595\/revisions\/42597"}],"wp:featuredmedia":[{"embeddable":true,"href":"https:\/\/www.enerjigazetesi.ist\/en\/wp-json\/wp\/v2\/media\/42596"}],"wp:attachment":[{"href":"https:\/\/www.enerjigazetesi.ist\/en\/wp-json\/wp\/v2\/media?parent=42595"}],"wp:term":[{"taxonomy":"category","embeddable":true,"href":"https:\/\/www.enerjigazetesi.ist\/en\/wp-json\/wp\/v2\/categories?post=42595"},{"taxonomy":"post_tag","embeddable":true,"href":"https:\/\/www.enerjigazetesi.ist\/en\/wp-json\/wp\/v2\/tags?post=42595"}],"curies":[{"name":"wp","href":"https:\/\/api.w.org\/{rel}","templated":true}]}}