{"id":42579,"date":"2015-08-08T11:46:43","date_gmt":"2015-08-08T08:46:43","guid":{"rendered":"https:\/\/www.enerjigazetesi.ist\/?p=42579"},"modified":"2015-08-08T11:46:43","modified_gmt":"2015-08-08T08:46:43","slug":"asiri-sicaklar-elektrik-kesintisine-sebep-oluyor","status":"publish","type":"post","link":"https:\/\/www.enerjigazetesi.ist\/en\/asiri-sicaklar-elektrik-kesintisine-sebep-oluyor\/","title":{"rendered":"(Turkish) A\u015f\u0131r\u0131 S\u0131caklar Elektrik Kesintisine Sebep Oluyor!"},"content":{"rendered":"<p class=\"qtranxs-available-languages-message qtranxs-available-languages-message-en\">Sorry, this entry is only available in <a href=\"https:\/\/www.enerjigazetesi.ist\/tr\/wp-json\/wp\/v2\/posts\/42579\" class=\"qtranxs-available-language-link qtranxs-available-language-link-tr\" title=\"Turkish\">Turkish<\/a>. For the sake of viewer convenience, the content is shown below in the alternative language. You may click the link to switch the active language.<\/p><p><strong>Toroslar Elektrik Da\u011f\u0131t\u0131m A.\u015e., Adana\u2019da a\u015f\u0131r\u0131 s\u0131caklar nedeniyle a\u015f\u0131r\u0131 y\u00fcklenmelerin trafolarda ar\u0131zalanmalara sebep oldu\u011funu a\u00e7\u0131klad\u0131.<\/strong><\/p>\n<p>Toroslar Elektrik Da\u011f\u0131t\u0131m A.\u015e.\u2019den yap\u0131lan a\u00e7\u0131klamada, Adana\u2019da ya\u015fanan elektrik kesintisinin nedeninin a\u015f\u0131r\u0131 s\u0131cakl\u0131klar oldu\u011fu belirtilerek, \u201cAdana ilinde son d\u00f6nemde ya\u015fanan elektrik kesintisi a\u015f\u0131r\u0131 s\u0131caklar sonucu da\u011f\u0131t\u0131m \u015firketimize bilg<a href=\"https:\/\/www.enerjigazetesi.ist\/wp-content\/uploads\/2015\/08\/asiri-sicaklar-elektrik-kesintisine-sebep-oluyor.jpg\"><img loading=\"lazy\" class=\"alignleft wp-image-42580\" src=\"https:\/\/www.enerjigazetesi.ist\/wp-content\/uploads\/2015\/08\/asiri-sicaklar-elektrik-kesintisine-sebep-oluyor.jpg\" alt=\"asiri-sicaklar-elektrik-kesintisine-sebep-oluyor\" width=\"300\" height=\"221\" \/><\/a>i vermeksizin ilave g\u00fc\u00e7 art\u0131\u015flar\u0131 nedeniyle baz\u0131 trafolarda a\u015f\u0131r\u0131 y\u00fcklenmeler ya\u015fanmaktad\u0131r. A\u015f\u0131r\u0131 y\u00fcklenmeler trafolarda ar\u0131zalanmalar\u0131na sebep olmaktad\u0131r. Bu trafolarda gerekli teknik incelemeler yap\u0131larak en k\u0131sa s\u00fcrede g\u00fc\u00e7 y\u00fckseltimi veya di\u011fer trafolara y\u00fck aktar\u0131m\u0131 yap\u0131larak sorunlar \u00e7\u00f6z\u00fclmektedir. Baz\u0131 mahallerimizde trafolar\u0131m\u0131zdan ya\u011f \u00e7al\u0131nm\u0131\u015ft\u0131r. Bununla birlikte baz\u0131 kesintiler da\u011f\u0131t\u0131m \u015febekemiz kaynakl\u0131 olmay\u0131p ulusal iletim hatt\u0131 kaynakl\u0131 ya\u015fanm\u0131\u015ft\u0131r\u201d denildi.<\/p>\n<p>Olumsuz hava ko\u015fullar\u0131n\u0131n etkilerinin m\u00fcmk\u00fcn olan en \u00fcst d\u00fczeyde azaltmaya y\u00f6nelik Toroslar Elektrik Da\u011f\u0131t\u0131m A.\u015e. taraf\u0131ndan al\u0131nan tedbirler ise \u015f\u00f6yle:<\/p>\n<p>\u201cKriz masas\u0131 kurulmu\u015f ve t\u00fcm ar\u0131za ekiplerimiz vardiya sistemi olmaks\u0131z\u0131n 24 saat esas\u0131na g\u00f6re mesaili olacak \u015fekilde \u00e7al\u0131\u015fmaya ba\u015flam\u0131\u015ft\u0131r. Normal \u015febeke ko\u015fullar\u0131ndaki ekip kapasitesine y\u00fczde 30 ilave ar\u0131za-bak\u0131m ekipleri g\u00f6revlendirilmi\u015ftir. S\u00fcre\u00e7te \u00f6ncelikle can ve mal g\u00fcvenli\u011finin sa\u011flanmas\u0131 ad\u0131na risk unsuru ta\u015f\u0131yan iletken kopmalar\u0131na m\u00fcdahale edilmi\u015ftir. Alternatif besleme kanallar\u0131 devreye sokularak m\u00fcmk\u00fcn olan b\u00f6lgelerde enerjilendirme sa\u011flanm\u0131\u015ft\u0131r. \u0130lgili t\u00fcm kurum ve kurulu\u015flarla koordinasyon azami \u00f6l\u00e7\u00fcde sa\u011flanm\u0131\u015ft\u0131r. Bu s\u00fcre\u00e7 i\u00e7erisinde yo\u011fun olarak kullan\u0131lan 186 \u00e7a\u011fr\u0131 merkezimiz gelen \u00e7a\u011fr\u0131lar\u0131n y\u00fczde 80\u2019ini kar\u015f\u0131lam\u0131\u015ft\u0131r.\u201d<\/p>\n<p>Kaynak: \u0130HA<\/p>\n<p>&nbsp;<\/p>\n<p>&nbsp;<\/p>","protected":false},"excerpt":{"rendered":"<p>Sorry, this entry is only available in Turkish. For the sake of viewer convenience, the content is shown below in the alternative language. You may click the link to switch the active language.Toroslar Elektrik Da\u011f\u0131t\u0131m A.\u015e., Adana\u2019da a\u015f\u0131r\u0131 s\u0131caklar nedeniyle a\u015f\u0131r\u0131 y\u00fcklenmelerin trafolarda ar\u0131zalanmalara sebep oldu\u011funu a\u00e7\u0131klad\u0131. Toroslar Elektrik Da\u011f\u0131t\u0131m A.\u015e.\u2019den yap\u0131lan a\u00e7\u0131klamada, Adana\u2019da ya\u015fanan [&hellip;]<\/p>\n","protected":false},"author":1,"featured_media":42580,"comment_status":"open","ping_status":"open","sticky":false,"template":"","format":"standard","meta":[],"categories":[51,53],"tags":[24454,68,61,11276,140,63,67,1009,2698,165,24733,22383,14945,24734],"views":974,"_links":{"self":[{"href":"https:\/\/www.enerjigazetesi.ist\/en\/wp-json\/wp\/v2\/posts\/42579"}],"collection":[{"href":"https:\/\/www.enerjigazetesi.ist\/en\/wp-json\/wp\/v2\/posts"}],"about":[{"href":"https:\/\/www.enerjigazetesi.ist\/en\/wp-json\/wp\/v2\/types\/post"}],"author":[{"embeddable":true,"href":"https:\/\/www.enerjigazetesi.ist\/en\/wp-json\/wp\/v2\/users\/1"}],"replies":[{"embeddable":true,"href":"https:\/\/www.enerjigazetesi.ist\/en\/wp-json\/wp\/v2\/comments?post=42579"}],"version-history":[{"count":1,"href":"https:\/\/www.enerjigazetesi.ist\/en\/wp-json\/wp\/v2\/posts\/42579\/revisions"}],"predecessor-version":[{"id":42581,"href":"https:\/\/www.enerjigazetesi.ist\/en\/wp-json\/wp\/v2\/posts\/42579\/revisions\/42581"}],"wp:featuredmedia":[{"embeddable":true,"href":"https:\/\/www.enerjigazetesi.ist\/en\/wp-json\/wp\/v2\/media\/42580"}],"wp:attachment":[{"href":"https:\/\/www.enerjigazetesi.ist\/en\/wp-json\/wp\/v2\/media?parent=42579"}],"wp:term":[{"taxonomy":"category","embeddable":true,"href":"https:\/\/www.enerjigazetesi.ist\/en\/wp-json\/wp\/v2\/categories?post=42579"},{"taxonomy":"post_tag","embeddable":true,"href":"https:\/\/www.enerjigazetesi.ist\/en\/wp-json\/wp\/v2\/tags?post=42579"}],"curies":[{"name":"wp","href":"https:\/\/api.w.org\/{rel}","templated":true}]}}