{"id":42513,"date":"2015-08-07T08:58:48","date_gmt":"2015-08-07T05:58:48","guid":{"rendered":"https:\/\/www.enerjigazetesi.ist\/?p=42513"},"modified":"2015-08-07T13:25:18","modified_gmt":"2015-08-07T10:25:18","slug":"goodyeardan-elektrik-ureten-lastik","status":"publish","type":"post","link":"https:\/\/www.enerjigazetesi.ist\/en\/goodyeardan-elektrik-ureten-lastik\/","title":{"rendered":"(Turkish) Goodyear\u2019dan Elektrik \u00dcreten Lastik&#8230;"},"content":{"rendered":"<p class=\"qtranxs-available-languages-message qtranxs-available-languages-message-en\">Sorry, this entry is only available in <a href=\"https:\/\/www.enerjigazetesi.ist\/tr\/wp-json\/wp\/v2\/posts\/42513\" class=\"qtranxs-available-language-link qtranxs-available-language-link-tr\" title=\"Turkish\">Turkish<\/a>. For the sake of viewer convenience, the content is shown below in the alternative language. You may click the link to switch the active language.<\/p><p><\/p>\n<p style=\"color: #666666;\"><strong>Elektrikli otomobiller,\u00a0ekonomik ve \u00e7evre dostu olmalar\u0131 sebebiyle yak\u0131n gelecekte\u00a0ula\u015f\u0131m ara\u00e7lar\u0131\u00a0i\u00e7inde g\u00f6z bebe\u011fi konumunda olacak.<img loading=\"lazy\" class=\"alignright  wp-image-42514\" src=\"https:\/\/www.enerjigazetesi.ist\/wp-content\/uploads\/2015\/08\/alternatif-enerji-elektrikli-lastik-goodyear-500x500_c-300x300.jpg\" alt=\"alternatif-enerji-elektrikli-lastik-goodyear-500x500_c\" width=\"280\" height=\"280\" srcset=\"https:\/\/www.enerjigazetesi.ist\/wp-content\/uploads\/2015\/08\/alternatif-enerji-elektrikli-lastik-goodyear-500x500_c-300x300.jpg 300w, https:\/\/www.enerjigazetesi.ist\/wp-content\/uploads\/2015\/08\/alternatif-enerji-elektrikli-lastik-goodyear-500x500_c-150x150.jpg 150w, https:\/\/www.enerjigazetesi.ist\/wp-content\/uploads\/2015\/08\/alternatif-enerji-elektrikli-lastik-goodyear-500x500_c-400x400.jpg 400w, https:\/\/www.enerjigazetesi.ist\/wp-content\/uploads\/2015\/08\/alternatif-enerji-elektrikli-lastik-goodyear-500x500_c-50x50.jpg 50w, https:\/\/www.enerjigazetesi.ist\/wp-content\/uploads\/2015\/08\/alternatif-enerji-elektrikli-lastik-goodyear-500x500_c.jpg 500w\" sizes=\"(max-width: 280px) 100vw, 280px\" \/> <\/strong><\/p>\n<p style=\"color: #666666;\">Ancak bu otomobillerde elektrik enerjisi depolama sorunu nedeniyle menzil k\u0131sal\u0131\u011f\u0131 \u00e7\u00f6z\u00fclmesi gereken\u00a0b\u00fcy\u00fck bir problem olarak \u00e7\u00f6z\u00fcm beklemektedir. Goodyear\u2019\u0131n \u00fcretti\u011fi yeni inovatif lastik,\u00a0<strong style=\"font-weight: bold; color: #222222;\">elektrik enerjisi<\/strong>\u00a0\u00fcreterek tek \u015farjda gidilebilen yolu maksimum seviyelere \u00e7ekiyor.<\/p>\n<p style=\"color: #666666;\">Alternatif enerjinin kullan\u0131ld\u0131\u011f\u0131 alanlar giderek farkl\u0131la\u015f\u0131yor ve \u00e7e\u015fitleniyor.<\/p>\n<p style=\"color: #666666;\">G\u00fcn\u00fcm\u00fczde elektrikli otomobillerin menzilleri genellikle 150-200 km ile s\u0131n\u0131rl\u0131. Bu menzil sorunuda s\u00fcr\u00fcc\u00fclerde \u2018Acaba yolda kal\u0131r m\u0131y\u0131m?\u2019 sorusunu beraberinde getiriyor. Ayr\u0131ca \u00e7o\u011fu \u00fclkede elektrikli otomobil \u015farj istasyonu say\u0131s\u0131n\u0131n \u00e7ok az oldu\u011fu hatta baz\u0131 b\u00f6lgelerde hi\u00e7 olmad\u0131\u011f\u0131 da d\u00fc\u015f\u00fcn\u00fcld\u00fc\u011f\u00fcnde bu soru s\u00fcr\u00fcc\u00fcler i\u00e7in korku haline geliyor.<\/p>\n<p style=\"color: #666666;\">Haberin devam\u0131 i\u00e7in\u00a0<a style=\"color: #fc8d8d;\" href=\"http:\/\/www.elektrikport.com\/haber-roportaj\/elektrik-ureten-lastik-goodyear-bh03\/16565#ad-image-0\" target=\"_blank\">t\u0131klay\u0131n<\/a><\/p>\n<p style=\"color: #666666;\">Kaynak: AlternatifEnerji<\/p>\n<p><\/p>","protected":false},"excerpt":{"rendered":"<p>Sorry, this entry is only available in Turkish. For the sake of viewer convenience, the content is shown below in the alternative language. You may click the link to switch the active language. Elektrikli otomobiller,\u00a0ekonomik ve \u00e7evre dostu olmalar\u0131 sebebiyle yak\u0131n gelecekte\u00a0ula\u015f\u0131m ara\u00e7lar\u0131\u00a0i\u00e7inde g\u00f6z bebe\u011fi konumunda olacak. Ancak bu otomobillerde elektrik enerjisi depolama sorunu nedeniyle [&hellip;]<\/p>\n","protected":false},"author":1,"featured_media":42514,"comment_status":"open","ping_status":"open","sticky":false,"template":"","format":"standard","meta":[],"categories":[51,53],"tags":[215,3008],"views":1426,"_links":{"self":[{"href":"https:\/\/www.enerjigazetesi.ist\/en\/wp-json\/wp\/v2\/posts\/42513"}],"collection":[{"href":"https:\/\/www.enerjigazetesi.ist\/en\/wp-json\/wp\/v2\/posts"}],"about":[{"href":"https:\/\/www.enerjigazetesi.ist\/en\/wp-json\/wp\/v2\/types\/post"}],"author":[{"embeddable":true,"href":"https:\/\/www.enerjigazetesi.ist\/en\/wp-json\/wp\/v2\/users\/1"}],"replies":[{"embeddable":true,"href":"https:\/\/www.enerjigazetesi.ist\/en\/wp-json\/wp\/v2\/comments?post=42513"}],"version-history":[{"count":2,"href":"https:\/\/www.enerjigazetesi.ist\/en\/wp-json\/wp\/v2\/posts\/42513\/revisions"}],"predecessor-version":[{"id":42523,"href":"https:\/\/www.enerjigazetesi.ist\/en\/wp-json\/wp\/v2\/posts\/42513\/revisions\/42523"}],"wp:featuredmedia":[{"embeddable":true,"href":"https:\/\/www.enerjigazetesi.ist\/en\/wp-json\/wp\/v2\/media\/42514"}],"wp:attachment":[{"href":"https:\/\/www.enerjigazetesi.ist\/en\/wp-json\/wp\/v2\/media?parent=42513"}],"wp:term":[{"taxonomy":"category","embeddable":true,"href":"https:\/\/www.enerjigazetesi.ist\/en\/wp-json\/wp\/v2\/categories?post=42513"},{"taxonomy":"post_tag","embeddable":true,"href":"https:\/\/www.enerjigazetesi.ist\/en\/wp-json\/wp\/v2\/tags?post=42513"}],"curies":[{"name":"wp","href":"https:\/\/api.w.org\/{rel}","templated":true}]}}