{"id":42459,"date":"2015-08-06T17:39:22","date_gmt":"2015-08-06T14:39:22","guid":{"rendered":"https:\/\/www.enerjigazetesi.ist\/?p=42459"},"modified":"2015-08-06T17:39:22","modified_gmt":"2015-08-06T14:39:22","slug":"3150-gencten-53-doga-projesi","status":"publish","type":"post","link":"https:\/\/www.enerjigazetesi.ist\/en\/3150-gencten-53-doga-projesi\/","title":{"rendered":"(Turkish) 3150 Gen\u00e7ten 53 Do\u011fa Projesi&#8230;"},"content":{"rendered":"<p class=\"qtranxs-available-languages-message qtranxs-available-languages-message-en\">Sorry, this entry is only available in <a href=\"https:\/\/www.enerjigazetesi.ist\/tr\/wp-json\/wp\/v2\/posts\/42459\" class=\"qtranxs-available-language-link qtranxs-available-language-link-tr\" title=\"Turkish\">Turkish<\/a>. For the sake of viewer convenience, the content is shown below in the alternative language. You may click the link to switch the active language.<\/p><p><\/p>\n<p style=\"color: #4d4e53;\"><span style=\"font-weight: bold; color: #242424;\">Ad\u0131m Ad\u0131m Olu\u015fumu ko\u015fucular\u0131n\u0131n toplad\u0131\u011f\u0131 ba\u011f\u0131\u015flar TEMA Vakf\u0131&#8217;n\u0131n 2013&#8217;ten bu yana s\u00fcrd\u00fcrd\u00fc\u011f\u00fc ve Gen\u00e7 TEMA g\u00f6n\u00fcll\u00fcleri taraf\u0131ndan uygulanan D\u00fcnyay\u0131 Kurtaran Ad\u0131m Projesi\u2019ne akt\u0131.<a href=\"https:\/\/www.enerjigazetesi.ist\/wp-content\/uploads\/2015\/08\/17.jpg\"><img loading=\"lazy\" class=\"alignright  wp-image-42460\" src=\"https:\/\/www.enerjigazetesi.ist\/wp-content\/uploads\/2015\/08\/17.jpg\" alt=\"1\" width=\"317\" height=\"238\" srcset=\"https:\/\/www.enerjigazetesi.ist\/wp-content\/uploads\/2015\/08\/17.jpg 300w, https:\/\/www.enerjigazetesi.ist\/wp-content\/uploads\/2015\/08\/17-66x50.jpg 66w\" sizes=\"(max-width: 317px) 100vw, 317px\" \/><\/a><\/span><\/p>\n<p style=\"color: #4d4e53;\"><strong>D\u0130DEM ERYAR \u00dcNL\u00dc<\/strong><\/p>\n<p style=\"color: #4d4e53;\">Gen\u00e7 TEMA g\u00f6n\u00fcll\u00fcleri D\u00fcnyay\u0131 Kurtaran Ad\u0131m Projesi ile 50 farkl\u0131 ilde 53 yerel \u00e7evre projesi ger\u00e7ekle\u015ftirdi. Proje kapsam\u0131nda verilen \u00e7evre ve liderlik e\u011fitimleriyle bulunduklar\u0131 b\u00f6lgedeki \u00e7evre sorunlar\u0131na ili\u015fkin fark\u0131ndal\u0131\u011f\u0131 artan gen\u00e7ler yerel \u00e7evre projeleri geli\u015ftirip uygulad\u0131. Bu e\u011fitimi alan gen\u00e7lerin say\u0131s\u0131 3150 olurken, 53 yerel \u00e7evre projesiyle yakla\u015f\u0131k 16 bin ki\u015fiye ula\u015f\u0131ld\u0131. Gen\u00e7ler su kirlili\u011finden kurakl\u0131\u011fa, an\u0131z yang\u0131nlar\u0131ndan biyo\u00e7e\u015fitlili\u011fe kadar farkl\u0131 alanlarda projeler ger\u00e7ekle\u015ftirdi.<\/p>\n<p style=\"color: #4d4e53;\"><strong>Ac\u0131 \u00c7ay\u2019\u0131 ara\u015ft\u0131rd\u0131lar\u00a0<\/strong><br \/>\n\u00c7ank\u0131r\u0131 Karatekin \u00dcniversitesi Gen\u00e7 TEMA Toplulu\u011fu, Ac\u0131 \u00c7ay\u2019\u0131n kirlili\u011fine dikkat \u00e7ekmek i\u00e7in \u00f6ncelik-le \u00c7ank\u0131r\u0131l\u0131lar&#8217;\u0131n bu konudaki g\u00f6r\u00fc\u015flerini \u00f6\u011frenmek amac\u0131yla bir kamuoyu ara\u015ft\u0131rmas\u0131 yapt\u0131. \u015eehir merkezinde ya\u015fayan 200 ki\u015finin kat\u0131ld\u0131\u011f\u0131 ve y\u00fcz y\u00fcze anket y\u00f6ntemi ile ger\u00e7ekle\u015fen ara\u015ft\u0131rmada sorun ve beklentiler saptand\u0131. Ankete kat\u0131lanlar\u0131n y\u00fczde 76\u2019s\u0131 \u00e7ay ve \u00e7evresinin yeterince temiz tutulmad\u0131\u011f\u0131n\u0131, y\u00fczde 76\u2019s\u0131 \u00e7ay\u0131n kirlili\u011finin insan ve do\u011fa sa\u011fl\u0131\u011f\u0131n\u0131 etkiledi\u011fini, y\u00fczde 59\u2019u \u00e7ay\u0131 ve \u00e7evresini g\u00fcvenli bulmad\u0131\u011f\u0131n\u0131, y\u00fczde 61\u2019i ise \u00e7ay\u0131n g\u00f6r\u00fcnt\u00fc kirlili\u011fi de olu\u015fturdu\u011funu belirtti. Ac\u0131 \u00c7ay\u2019la ilgili \u00e7al\u0131\u015fmalar\u0131 s\u0131ras\u0131nda anketin yan\u0131 s\u0131ra 300 \u00c7ank\u0131r\u0131l\u0131\u2019yla da bilgilendirme g\u00f6r\u00fc\u015fmesi yapan gen\u00e7ler ara\u015ft\u0131rma sonu\u00e7lar\u0131n\u0131 yerel y\u00f6neticilerle payla\u015facak.<\/p>\n<p style=\"color: #4d4e53;\"><strong>Buca \u00dcz\u00fcm\u00fc an\u0131larda kalmas\u0131n!\u00a0<\/strong><br \/>\n\u0130zmir Dokuz Eyl\u00fcl \u00dcniversitesi Gen\u00e7 TEMA Toplulu\u011fu, \u0130zmir\u2019in me\u015fhur \u00fcz\u00fcm t\u00fcrlerinden biri olan Buca \u00dcz\u00fcm\u00fc\u2019n\u00fcn yok olma tehlikesine kar\u015f\u0131 koruma projesi ba\u015flatt\u0131. Gen\u00e7ler Buca \u00dcz\u00fcm\u00fc\u2019n\u00fcn yo\u011fun g\u00f6\u00e7, \u00e7arp\u0131k kentle\u015fme gibi nedenlerle yok olmak \u00fczere oldu\u011funu tespit etti. \u00d6ncelikle Buca Kaynaklar K\u00f6y\u00fc\u2019n\u00fc ziyaret eden gen\u00e7ler, ba\u011f sahiplerinden Buca \u00dcz\u00fcm\u00fc&#8217;ne dair sorunlar\u0131 dinledi. \u00dcz\u00fcm Kokan Semt Dergisi\u2019ne, D\u00fcnyay\u0131 Kurtaran Ad\u0131m Projesi&#8217;ni ve Buca \u00dcz\u00fcm\u00fc i\u00e7in y\u00fcr\u00fctt\u00fckleri \u00e7al\u0131\u015fmalar\u0131 anlatt\u0131. T\u00fcr\u00fc korumak i\u00e7in 25 adet asma fidan\u0131n\u0131 toprakla bulu\u015fturdu. Gen\u00e7ler, asma fidanlar\u0131n\u0131n bak\u0131m\u0131n\u0131 s\u00fcrd\u00fcrmeye devam ediyor.<\/p>\n<p style=\"color: #4d4e53;\"><strong>Mardin\u2019in g\u00fcndeminde an\u0131z yak\u0131lmas\u0131 vard\u0131\u00a0<\/strong><br \/>\nMardin Artuklu \u00dcniversitesi Gen\u00e7 TEMA Toplulu\u011fu\u2019nun g\u00fcndemindeyse topra\u011f\u0131 tehdit eden an\u0131z yang\u0131nlar\u0131 vard\u0131. Gen\u00e7ler \u00e7ift\u00e7ilere an\u0131z yang\u0131nlar\u0131n\u0131n zararlar\u0131n\u0131 anlatt\u0131, b\u00f6lgedeki ziraat m\u00fchendisleri ile bir araya gelerek dan\u0131\u015fma toplant\u0131lar\u0131na kat\u0131ld\u0131, Mardin Tar\u0131m Fuar\u0131\u2019nda stant kurarak an\u0131z yang\u0131nlar\u0131n\u0131n zararlar\u0131na dikkat \u00e7ekti. T\u00fcm bunlar\u0131n yan\u0131 s\u0131ra, Mardin \u0130l Tar\u0131m, G\u0131da ve Hayvanc\u0131l\u0131k M\u00fcd\u00fcrl\u00fc\u011f\u00fc ve \u00c7evre ve \u015eehircilik \u0130l M\u00fcd\u00fcrl\u00fc\u011f\u00fc ile g\u00f6r\u00fc\u015fmeler yaparak an\u0131z yang\u0131nlar\u0131n\u0131n \u00f6nlenebilmesi i\u00e7in talep ve g\u00f6r\u00fc\u015flerini iletti. Mardinli gen\u00e7lerin \u00e7al\u0131\u015fmalar\u0131 sonucunda 700 \u00e7ift\u00e7iye ula\u015f\u0131ld\u0131.<\/p>\n<p style=\"color: #4d4e53;\"><strong>Endemik t\u00fcrlerle bulu\u015ftular\u00a0<\/strong><br \/>\n\u00c7anakkale 18 Mart \u00dcniversitesi Gen\u00e7 TEMA Toplulu\u011fu, gen\u00e7lerin Kaz Da\u011flar\u0131 endemik bitki t\u00fcrlerini yeterince tan\u0131mamas\u0131 sorunundan yola \u00e7\u0131karak gen\u00e7lere bu t\u00fcrleri tan\u0131tmak i\u00e7in \u201cKaz Da\u011flar\u0131 Endemik Bitki T\u00fcrleri\u201d konulu bir s\u00f6yle\u015fi organize etti.<\/p>\n<p style=\"color: #4d4e53;\">Gen\u00e7ler Yrd. Do\u00e7. Dr. Ersin Karabacak ile yakla\u015f\u0131k 80 ki\u015finin kat\u0131l\u0131m\u0131yla Kaz Da\u011flar\u0131&#8217;na \u00e7\u0131k\u0131p endemik t\u00fcrleri yerinde g\u00f6zlemledi.<\/p>\n<p style=\"color: #4d4e53;\">T\u00fcrler hakk\u0131nda tan\u0131t\u0131c\u0131 bir do\u011fa y\u00fcr\u00fcy\u00fc\u015f\u00fc ger\u00e7ekle\u015ftirildi. Endemik t\u00fcrlerle ilgili foto\u011fraf yar\u0131\u015fmas\u0131 d\u00fczenlendi.<\/p>\n<p style=\"color: #4d4e53;\"><strong>K\u0131saca, ad\u0131m ad\u0131m<\/strong><br \/>\nAd\u0131m Ad\u0131m, Mart 2008\u2019te, yurtd\u0131\u015f\u0131nda \u2018charity run\u2019 olarak bilinen kolektif yard\u0131mseverlik ko\u015fusunu T\u00fcrkiye\u2019de tan\u0131tmak ve yayg\u0131nla\u015ft\u0131rmak i\u00e7in kurulan ilk sivil toplum olu\u015fumu. Ad\u0131m Ad\u0131m Olu\u015fumu, ba\u015fta ko\u015fu olmak \u00fczere y\u00fczme, bisiklet, da\u011fc\u0131l\u0131k gibi dayan\u0131kl\u0131l\u0131k gerektiren sporlar arac\u0131l\u0131\u011f\u0131yla \u00fclkemizin \u00f6nemli sosyal sorumluluk projelerine maddi kaynak ve tan\u0131t\u0131m deste\u011fi sa\u011fl\u0131yor. Mart 2015 itibariyle 6 bin g\u00f6n\u00fcll\u00fc ko\u015fucusu ve 66 bin ba\u011f\u0131\u015f\u00e7\u0131 arac\u0131l\u0131\u011f\u0131yla b\u00fcnyesinde yer alan STK&#8217;lara aktar\u0131lan kaynak 9 milyon TL\u2019ye ula\u015ft\u0131.<\/p>\n<p style=\"color: #4d4e53;\"><strong>Eskiden buralar \/ \u0130stanbul&#8217;un biyo\u00e7e\u015fitlili\u011fi<\/strong><br \/>\n10 farkl\u0131 \u00fcniversiteyi kapsayan \u0130stanbul Gen\u00e7 TEMA Topluluklar\u0131, yerel projelerini birlikte hayata ge\u00e7irmeye karar verdi. \u0130stanbul\u2019un kaybolan biyolojik \u00e7e\u015fitlili\u011fine dikkat \u00e7ekmek i\u00e7in kentle\u015fme, Bo\u011fazi\u00e7i, fundal\u0131klar ve ku\u015f g\u00f6\u00e7 yollar\u0131 konular\u0131ndaki do\u011fa sorunlar\u0131n\u0131 anlatan k\u0131sa filmler \u00e7ekildi. Sosyal medyada #EskidenBuralar etiketiyle bir kampanya ger\u00e7ekle\u015ftirildi. 1.621 farkl\u0131 ki\u015fi taraf\u0131ndan 9.201 tweet at\u0131lan #EskidenBuralar etiketi T\u00fcrkiye\u2019de en \u00e7ok konu\u015fulan konular (trend topic) listesine girdi. Gen\u00e7 TEMA\u2019lar, \u00fcnl\u00fc isimlerin de deste\u011fini ald\u0131klar\u0131 kampanya sonras\u0131 \u00e7arpan etkisiyle yakla\u015f\u0131k 5.000 ki\u015fide \u0130stanbul\u2019un kaybolan biyolojik \u00e7e\u015fitlili\u011fi hakk\u0131nda fark\u0131ndal\u0131k yaratt\u0131.<\/p>\n<p style=\"color: #4d4e53;\"><strong>T\u00fcrkiye&#8217;nin bu\u011fday ambar\u0131n\u0131 ate\u015fe atmay\u0131n<\/strong><br \/>\nKaramano\u011flu Mehmet Bey \u00dcniversitesi Gen\u00e7 TEMA Toplulu\u011fu, Konya (Karap\u0131nar) &#8211; Karaman (Ak\u00e7a\u015fehir) b\u00f6lgesinde kurulmas\u0131 planlanan k\u00f6m\u00fcr ocaklar\u0131 ve termik santralin T\u00fcrkiye&#8217;nin bu\u011fday ambar\u0131n\u0131 ate\u015fe atmak olaca\u011f\u0131n\u0131 anlatmak i\u00e7in \u00e7al\u0131\u015ft\u0131. \u00dcniversitede \u201cK\u00f6m\u00fcr Madencili\u011fi ve Termik Santral\u201d konulu foto\u011fraf sergisi d\u00fczenledi. Foto\u011fraf sergisini, akademik ve idari personelin yan\u0131 s\u0131ra 300\u2019e yak\u0131n \u00f6\u011frenci ziyaret etti.<\/p>\n<p style=\"color: #4d4e53;\"><strong>Meke G\u00f6l\u00fc kurumas\u0131n!<\/strong><br \/>\nKuruma tehdidi alt\u0131ndaki volkanik bir krater g\u00f6l\u00fc olan Meke G\u00f6l\u00fc ise Konya Necmettin Erbakan \u00dcniversitesi Gen\u00e7 TEMA Toplulu\u011fu\u2019nun yerel proje konusuydu. Gen\u00e7ler, T\u00fcrkiye\u2019deki jeolojik miras\u0131n simgelerinden Meke G\u00f6l\u00fc\u2019n\u00fcn kuruma tehdidini akranlar\u0131na g\u00f6stererek anlatman\u0131n en iyi yol oldu\u011funu d\u00fc\u015f\u00fcnd\u00fc ve Meke G\u00f6l\u00fc\u2019ne alan ziyareti d\u00fczenledi. Ortaokul \u00f6\u011frencilerine de su, kurakl\u0131k ve sulak alanlar konulu e\u011fitimler verilerek fark\u0131ndal\u0131k sa\u011fland\u0131.<\/p>\n<p style=\"color: #4d4e53;\">Kaynak: D\u00fcnya<\/p>\n<p><\/p>","protected":false},"excerpt":{"rendered":"<p>Sorry, this entry is only available in Turkish. For the sake of viewer convenience, the content is shown below in the alternative language. You may click the link to switch the active language. Ad\u0131m Ad\u0131m Olu\u015fumu ko\u015fucular\u0131n\u0131n toplad\u0131\u011f\u0131 ba\u011f\u0131\u015flar TEMA Vakf\u0131&#8217;n\u0131n 2013&#8217;ten bu yana s\u00fcrd\u00fcrd\u00fc\u011f\u00fc ve Gen\u00e7 TEMA g\u00f6n\u00fcll\u00fcleri taraf\u0131ndan uygulanan D\u00fcnyay\u0131 Kurtaran Ad\u0131m Projesi\u2019ne [&hellip;]<\/p>\n","protected":false},"author":1,"featured_media":42460,"comment_status":"open","ping_status":"open","sticky":false,"template":"","format":"standard","meta":[],"categories":[53],"tags":[21602,24685],"views":766,"_links":{"self":[{"href":"https:\/\/www.enerjigazetesi.ist\/en\/wp-json\/wp\/v2\/posts\/42459"}],"collection":[{"href":"https:\/\/www.enerjigazetesi.ist\/en\/wp-json\/wp\/v2\/posts"}],"about":[{"href":"https:\/\/www.enerjigazetesi.ist\/en\/wp-json\/wp\/v2\/types\/post"}],"author":[{"embeddable":true,"href":"https:\/\/www.enerjigazetesi.ist\/en\/wp-json\/wp\/v2\/users\/1"}],"replies":[{"embeddable":true,"href":"https:\/\/www.enerjigazetesi.ist\/en\/wp-json\/wp\/v2\/comments?post=42459"}],"version-history":[{"count":1,"href":"https:\/\/www.enerjigazetesi.ist\/en\/wp-json\/wp\/v2\/posts\/42459\/revisions"}],"predecessor-version":[{"id":42461,"href":"https:\/\/www.enerjigazetesi.ist\/en\/wp-json\/wp\/v2\/posts\/42459\/revisions\/42461"}],"wp:featuredmedia":[{"embeddable":true,"href":"https:\/\/www.enerjigazetesi.ist\/en\/wp-json\/wp\/v2\/media\/42460"}],"wp:attachment":[{"href":"https:\/\/www.enerjigazetesi.ist\/en\/wp-json\/wp\/v2\/media?parent=42459"}],"wp:term":[{"taxonomy":"category","embeddable":true,"href":"https:\/\/www.enerjigazetesi.ist\/en\/wp-json\/wp\/v2\/categories?post=42459"},{"taxonomy":"post_tag","embeddable":true,"href":"https:\/\/www.enerjigazetesi.ist\/en\/wp-json\/wp\/v2\/tags?post=42459"}],"curies":[{"name":"wp","href":"https:\/\/api.w.org\/{rel}","templated":true}]}}