{"id":42448,"date":"2015-08-06T10:38:34","date_gmt":"2015-08-06T07:38:34","guid":{"rendered":"https:\/\/www.enerjigazetesi.ist\/?p=42448"},"modified":"2015-08-06T10:38:34","modified_gmt":"2015-08-06T07:38:34","slug":"7-aylik-celik-ihracati-61-milyar-dolara-ulasti","status":"publish","type":"post","link":"https:\/\/www.enerjigazetesi.ist\/en\/7-aylik-celik-ihracati-61-milyar-dolara-ulasti\/","title":{"rendered":"(Turkish) 7 Ayl\u0131k \u00c7elik \u0130hracat\u0131 6,1 Milyar Dolara Ula\u015ft\u0131!"},"content":{"rendered":"<p class=\"qtranxs-available-languages-message qtranxs-available-languages-message-en\">Sorry, this entry is only available in <a href=\"https:\/\/www.enerjigazetesi.ist\/tr\/wp-json\/wp\/v2\/posts\/42448\" class=\"qtranxs-available-language-link qtranxs-available-language-link-tr\" title=\"Turkish\">Turkish<\/a>. For the sake of viewer convenience, the content is shown below in the alternative language. You may click the link to switch the active language.<\/p><p><\/p>\n<p style=\"color: #363636;\"><strong>Ocak ay\u0131ndan itibaren gerek miktar gerekse de\u011fer baz\u0131nda d\u00fc\u015f\u00fc\u015flerin ya\u015fand\u0131\u011f\u0131 ve \u00f6zellikle May\u0131s ay\u0131nda dip seviyeyi g\u00f6ren \u00e7elik ihracat\u0131, son iki ayda miktar baz\u0131nda yakalad\u0131\u011f\u0131 y\u00fczde 11\u2019lik art\u0131\u015f ile moral buldu.<br \/>\n<\/strong><\/p>\n<p style=\"color: #363636;\">\u00c7elik \u0130hracat\u00e7\u0131lar\u0131 Birli\u011fi verilerine g\u00f6re; T\u00fcrk \u00e7elik sekt\u00f6r\u00fc y\u0131l\u0131n yedi ayl\u0131k d\u00f6nemini de\u011ferde 6,1 milyar dolar, miktarda ise 9,5 milyon ton ihracat ile tamamlad\u0131. Ocak-Temmuz d\u00f6neminde en fazla dikkat \u00e7eken \u00fclkeler, miktar baz\u0131nda y\u00fczde 173 y\u00fckseli\u015fin ger\u00e7ekle\u015fti\u011fi Suriye ile art\u0131\u015f oran\u0131n\u0131n y\u00fczde 147\u2019yi buldu\u011fu Umman oldu.<\/p>\n<p style=\"color: #363636;\">\u00c7elik \u0130hracat\u00e7\u0131lar<img loading=\"lazy\" class=\"alignleft size-full wp-image-42449\" src=\"https:\/\/www.enerjigazetesi.ist\/wp-content\/uploads\/2015\/08\/43.jpg\" alt=\"4\" width=\"300\" height=\"300\" srcset=\"https:\/\/www.enerjigazetesi.ist\/wp-content\/uploads\/2015\/08\/43.jpg 300w, https:\/\/www.enerjigazetesi.ist\/wp-content\/uploads\/2015\/08\/43-150x150.jpg 150w, https:\/\/www.enerjigazetesi.ist\/wp-content\/uploads\/2015\/08\/43-50x50.jpg 50w\" sizes=\"(max-width: 300px) 100vw, 300px\" \/>\u0131 Birli\u011fi taraf\u0131ndan a\u00e7\u0131klanan 2015 y\u0131l\u0131 Ocak-Temmuz d\u00f6nemi ihracat verilerine g\u00f6re; T\u00fcrkiye\u2019nin \u00e7elik ihracat\u0131 ge\u00e7en y\u0131l\u0131n ayn\u0131 d\u00f6nemine k\u0131yasla de\u011fer baz\u0131nda y\u00fczde 23,6 d\u00fc\u015f\u00fc\u015f ile 6,1 milyar dolar olurken, miktar baz\u0131nda ise y\u00fczde 10,3 azal\u0131\u015f ile 9,5 milyon ton olarak ger\u00e7ekle\u015fti.<\/p>\n<p style=\"color: #363636;\">\u00c7elik sekt\u00f6r\u00fcn\u00fcn direkt ihracat\u0131na di\u011fer birliklerin faaliyet alan\u0131na giren demir \u00e7elik \u00fcr\u00fcnleri de eklendi\u011finde T\u00fcrkiye\u2019nin 2015 y\u0131l\u0131 yedi aydaki toplam \u00e7elik ihracat\u0131 de\u011fer baz\u0131nda 7,3 milyar dolara, miktar baz\u0131nda ise 10 milyon tona ula\u015ft\u0131.<\/p>\n<p style=\"color: #363636;\">Yedi ayl\u0131k d\u00f6nemde b\u00f6lgeler baz\u0131nda; miktarda 3,6 milyon ton ile Ortado\u011fu liderli\u011fi \u00fcstlenirken, bu b\u00f6lgeyi 1,6 milyon tonla AB \u00fclkeleri ve 1,1 milyon tonla Kuzey Afrika \u00fclkeleri izledi. Ocak-Temmuz d\u00f6nemi \u00e7elik ihracat\u0131nda en y\u00fcksek art\u0131\u015f\u0131n g\u00f6zlendi\u011fi \u00fclkeler ise Suriye ve Umman oldu. S\u00f6z konusu d\u00f6nemde Suriye\u2019ye miktar baz\u0131nda y\u00fczde 173 art\u0131\u015f ile 139 bin ton; Umman\u2019a miktar baz\u0131nda y\u00fczde 147 art\u0131\u015f ile 121 bin ton ihracat yap\u0131ld\u0131.<\/p>\n<p style=\"color: #363636;\">\u00c7elik \u0130hracat\u00e7\u0131lar\u0131 Birli\u011fi\u2019nin verilerine g\u00f6re; 2015 y\u0131l\u0131 Temmuz ay\u0131nda \u00e7elik ihracat\u0131 ge\u00e7en y\u0131l\u0131n ayn\u0131 ay\u0131na g\u00f6re de\u011fer baz\u0131nda y\u00fczde 22,8\u2019lik d\u00fc\u015f\u00fc\u015f ile 805 milyon dolar, miktar baz\u0131nda ise y\u00fczde 4,1 d\u00fc\u015f\u00fc\u015f ile 1,3 milyon tona ula\u015ft\u0131.<br \/>\n\u00c7elik \u0130hracat\u00e7\u0131lar\u0131 Birli\u011fi Y\u00f6netim Kurulu Ba\u015fkan\u0131 Nam\u0131k Ekinci, \u00e7elik sekt\u00f6r\u00fcn\u00fcn yedi ayl\u0131k ihracat verileri ile ilgili yapt\u0131\u011f\u0131 de\u011ferlendirmede; \u201cSekt\u00f6r olarak yedi ayl\u0131k d\u00f6nemi de\u011ferde 6,1 milyar dolar, miktarda ise 9,5 milyon ton ihracat ile geride b\u0131rakt\u0131k. \u00d6nemli pazarlar\u0131m\u0131z aras\u0131nda yer alan Ortado\u011fu\u2019da ya\u015fanan geli\u015fmeler, Kuzey Afrika pazar\u0131ndaki kay\u0131plar\u0131n halen telafi edilememi\u015f olmas\u0131 gibi bir\u00e7ok olumsuzluk \u00e7elik ihracat\u0131n\u0131 olumsuz etkiliyor. Son iki ayda miktar baz\u0131nda yakalad\u0131\u011f\u0131m\u0131z toplam y\u00fczde 11\u2019lik art\u0131\u015fla moral bulmam\u0131za ra\u011fmen y\u0131lsonunda belirledi\u011fimiz hedefe ula\u015fmak \u015fuan i\u00e7in m\u00fcmk\u00fcn g\u00f6r\u00fcnm\u00fcyor. T\u00fcrk \u00e7elik sekt\u00f6r\u00fc olarak 2015 y\u0131l\u0131 hedefimizi 16,5 milyon ton olarak revize ettik. Bu sadece T\u00fcrk \u00e7elik sekt\u00f6r\u00fcne \u00f6zel bir durum de\u011fil. D\u00fcnya genelinde belirsizliklerin artmas\u0131, \u00e7elik \u00fcretimi ve ihracat\u0131nda d\u00fc\u015f\u00fc\u015flere neden oluyor\u201d dedi.<\/p>\n<p style=\"color: #363636;\">Nam\u0131k Ekinci, s\u00f6zlerine \u015fu \u015fekilde devam etti: \u201c\u00c7elik sekt\u00f6r\u00fcn\u00fc hedef pazarlardaki k\u0131r\u0131lganl\u0131klara kar\u015f\u0131 daha g\u00fc\u00e7l\u00fc k\u0131lmak ad\u0131na Birlik olarak \u00e7al\u0131\u015fmalar\u0131m\u0131za devam etmekteyiz. Bu kapsamda at\u0131lacak en \u00f6nemli ad\u0131m, \u00fcretim s\u00fcrecinde yap\u0131sal de\u011fi\u015fikli\u011fe gitmek olacakt\u0131r. Bu ama\u00e7la, sekt\u00f6r\u00fcm\u00fcz\u00fcn mevcut elektrikli ark ocaklar\u0131nda hurda kullan\u0131m\u0131n\u0131n yan\u0131nda cevher kullanarak maliyetlerini d\u00fc\u015f\u00fcrmesini ve \u00fcr\u00fcn yelpazesini geni\u015fletmesi i\u00e7in gerekli d\u00f6n\u00fc\u015f\u00fcmlerin sa\u011flanmas\u0131 ad\u0131na \u00e7al\u0131\u015fmalar\u0131m\u0131z\u0131 s\u00fcrd\u00fcrmekteyiz. Bu sayede ithal ikamesi yarataca\u011f\u0131m\u0131z gibi ihracat\u0131m\u0131z\u0131 da art\u0131rm\u0131\u015f olaca\u011f\u0131z. \u00d6zellikle son d\u00f6nemde katma de\u011ferli \u00fcretim ve yeni teknolojik geli\u015fmelere odakland\u0131k. Bu do\u011frultuda ge\u00e7ti\u011fimiz hafta \u00c7inli firmalar\u0131n tesislerini ve \u00fcretim tekniklerini yerinde inceledik. Olduk\u00e7a olumlu ge\u00e7en bu ziyaret, global \u00f6l\u00e7ekte pazar\u0131 etkileyen ve hedef pazarlar\u0131m\u0131zdaki en b\u00fcy\u00fck rakibimiz olan \u00c7in\u2019i daha yak\u0131ndan tan\u0131mak ad\u0131na verimli sonu\u00e7lar almam\u0131z\u0131 sa\u011flad\u0131. \u0130lerleyen aylarda da d\u00fcnyadaki yeni geli\u015fmeleri yak\u0131ndan takip etmeye devam edece\u011fiz.\u201d<\/p>\n<p style=\"color: #363636;\">Kaynak: B\u00fcltenler<\/p>\n<p><\/p>","protected":false},"excerpt":{"rendered":"<p>Sorry, this entry is only available in Turkish. For the sake of viewer convenience, the content is shown below in the alternative language. You may click the link to switch the active language. Ocak ay\u0131ndan itibaren gerek miktar gerekse de\u011fer baz\u0131nda d\u00fc\u015f\u00fc\u015flerin ya\u015fand\u0131\u011f\u0131 ve \u00f6zellikle May\u0131s ay\u0131nda dip seviyeyi g\u00f6ren \u00e7elik ihracat\u0131, son iki ayda [&hellip;]<\/p>\n","protected":false},"author":1,"featured_media":42449,"comment_status":"open","ping_status":"open","sticky":false,"template":"","format":"standard","meta":[],"categories":[53],"tags":[24683,24682],"views":736,"_links":{"self":[{"href":"https:\/\/www.enerjigazetesi.ist\/en\/wp-json\/wp\/v2\/posts\/42448"}],"collection":[{"href":"https:\/\/www.enerjigazetesi.ist\/en\/wp-json\/wp\/v2\/posts"}],"about":[{"href":"https:\/\/www.enerjigazetesi.ist\/en\/wp-json\/wp\/v2\/types\/post"}],"author":[{"embeddable":true,"href":"https:\/\/www.enerjigazetesi.ist\/en\/wp-json\/wp\/v2\/users\/1"}],"replies":[{"embeddable":true,"href":"https:\/\/www.enerjigazetesi.ist\/en\/wp-json\/wp\/v2\/comments?post=42448"}],"version-history":[{"count":1,"href":"https:\/\/www.enerjigazetesi.ist\/en\/wp-json\/wp\/v2\/posts\/42448\/revisions"}],"predecessor-version":[{"id":42450,"href":"https:\/\/www.enerjigazetesi.ist\/en\/wp-json\/wp\/v2\/posts\/42448\/revisions\/42450"}],"wp:featuredmedia":[{"embeddable":true,"href":"https:\/\/www.enerjigazetesi.ist\/en\/wp-json\/wp\/v2\/media\/42449"}],"wp:attachment":[{"href":"https:\/\/www.enerjigazetesi.ist\/en\/wp-json\/wp\/v2\/media?parent=42448"}],"wp:term":[{"taxonomy":"category","embeddable":true,"href":"https:\/\/www.enerjigazetesi.ist\/en\/wp-json\/wp\/v2\/categories?post=42448"},{"taxonomy":"post_tag","embeddable":true,"href":"https:\/\/www.enerjigazetesi.ist\/en\/wp-json\/wp\/v2\/tags?post=42448"}],"curies":[{"name":"wp","href":"https:\/\/api.w.org\/{rel}","templated":true}]}}