{"id":42441,"date":"2015-08-06T09:36:55","date_gmt":"2015-08-06T06:36:55","guid":{"rendered":"https:\/\/www.enerjigazetesi.ist\/?p=42441"},"modified":"2015-08-06T09:36:55","modified_gmt":"2015-08-06T06:36:55","slug":"pkklilar-diyarbakirda-petrol-kuyusu-santiyesine-saldirdi","status":"publish","type":"post","link":"https:\/\/www.enerjigazetesi.ist\/en\/pkklilar-diyarbakirda-petrol-kuyusu-santiyesine-saldirdi\/","title":{"rendered":"(Turkish) PKK\u2019l\u0131lar Diyarbak\u0131r\u2019da Petrol Kuyusu \u015eantiyesine Sald\u0131rd\u0131!"},"content":{"rendered":"<p class=\"qtranxs-available-languages-message qtranxs-available-languages-message-en\">Sorry, this entry is only available in <a href=\"https:\/\/www.enerjigazetesi.ist\/tr\/wp-json\/wp\/v2\/posts\/42441\" class=\"qtranxs-available-language-link qtranxs-available-language-link-tr\" title=\"Turkish\">Turkish<\/a>. For the sake of viewer convenience, the content is shown below in the alternative language. You may click the link to switch the active language.<\/p><p><\/p>\n<p style=\"color: #222222;\"><strong>Diyarbak\u0131r\u2019\u0131n Silvan \u0130l\u00e7esi\u2019nde bulunan \u00f6zel bir firmaya ait petrol kuyusu \u015fantiyesini basan bir grup PKK\u2019l\u0131 i\u015f\u00e7ilerin kald\u0131\u011f\u0131 konteyner ile jenerat\u00f6r dairesini yakt\u0131.<\/strong><span id=\"more-73014\"><\/span><\/p>\n<p style=\"color: #222222;\">Diyarbak\u0131r\u2019\u0131n Silvan \u0130l\u00e7esi\u2019nin Akdere Mahallesi\u2019nde bulunan \u00f6<a href=\"https:\/\/www.enerjigazetesi.ist\/wp-content\/uploads\/2015\/08\/38.jpg\"><img loading=\"lazy\" class=\"alignleft  wp-image-42442\" src=\"https:\/\/www.enerjigazetesi.ist\/wp-content\/uploads\/2015\/08\/38-300x165.jpg\" alt=\"3,\" width=\"300\" height=\"171\" \/><\/a>zel bir firmaya ait petrol kuyusu istasyonu \u015fantiyesine Sal\u0131 g\u00fcn\u00fc\u00a0saat 23.00 s\u0131ralar\u0131nda PKK\u2019l\u0131lar\u0131n sald\u0131r\u0131s\u0131na u\u011frad\u0131. Ellerinde silah bulunan bir grup ter\u00f6rist, \u015fantiyede bulunan i\u015f\u00e7ileri silah tehdidi ile \u015fantiyeden uzakla\u015ft\u0131rd\u0131ktan sonra i\u015f\u00e7ilerin kald\u0131\u011f\u0131 konteyner ile jenarat\u00f6r dairesini ate\u015fe verip yakt\u0131. Konteyner ile jenarat\u00f6r dairesi yanarak kullan\u0131lamaz hale geldikten sonra PKK\u2019l\u0131lar b\u00f6lgeden uzakla\u015ft\u0131.<\/p>\n<p style=\"color: #222222;\">Ter\u00f6ristlerin ka\u00e7mas\u0131ndan sonra i\u015f\u00e7ilerin haber vermesi \u00fczerine gelen itfaiye ekipleri yang\u0131n\u0131 s\u00f6nd\u00fcrd\u00fc. G\u00fcvenlik g\u00fc\u00e7leri PKK\u2019l\u0131lar\u0131 yakalamak i\u00e7in b\u00f6lgede \u00e7al\u0131\u015fmalar\u0131n\u0131 s\u00fcrd\u00fcr\u00fcyor.<\/p>\n<p style=\"color: #222222;\">Kaynak: EnerjiEnstit\u00fcs\u00fc<\/p>\n<p><\/p>","protected":false},"excerpt":{"rendered":"<p>Sorry, this entry is only available in Turkish. For the sake of viewer convenience, the content is shown below in the alternative language. You may click the link to switch the active language. Diyarbak\u0131r\u2019\u0131n Silvan \u0130l\u00e7esi\u2019nde bulunan \u00f6zel bir firmaya ait petrol kuyusu \u015fantiyesini basan bir grup PKK\u2019l\u0131 i\u015f\u00e7ilerin kald\u0131\u011f\u0131 konteyner ile jenerat\u00f6r dairesini yakt\u0131. [&hellip;]<\/p>\n","protected":false},"author":1,"featured_media":42442,"comment_status":"open","ping_status":"open","sticky":false,"template":"","format":"standard","meta":[],"categories":[53,44],"tags":[671,24679,16455,2811,16939],"views":881,"_links":{"self":[{"href":"https:\/\/www.enerjigazetesi.ist\/en\/wp-json\/wp\/v2\/posts\/42441"}],"collection":[{"href":"https:\/\/www.enerjigazetesi.ist\/en\/wp-json\/wp\/v2\/posts"}],"about":[{"href":"https:\/\/www.enerjigazetesi.ist\/en\/wp-json\/wp\/v2\/types\/post"}],"author":[{"embeddable":true,"href":"https:\/\/www.enerjigazetesi.ist\/en\/wp-json\/wp\/v2\/users\/1"}],"replies":[{"embeddable":true,"href":"https:\/\/www.enerjigazetesi.ist\/en\/wp-json\/wp\/v2\/comments?post=42441"}],"version-history":[{"count":1,"href":"https:\/\/www.enerjigazetesi.ist\/en\/wp-json\/wp\/v2\/posts\/42441\/revisions"}],"predecessor-version":[{"id":42443,"href":"https:\/\/www.enerjigazetesi.ist\/en\/wp-json\/wp\/v2\/posts\/42441\/revisions\/42443"}],"wp:featuredmedia":[{"embeddable":true,"href":"https:\/\/www.enerjigazetesi.ist\/en\/wp-json\/wp\/v2\/media\/42442"}],"wp:attachment":[{"href":"https:\/\/www.enerjigazetesi.ist\/en\/wp-json\/wp\/v2\/media?parent=42441"}],"wp:term":[{"taxonomy":"category","embeddable":true,"href":"https:\/\/www.enerjigazetesi.ist\/en\/wp-json\/wp\/v2\/categories?post=42441"},{"taxonomy":"post_tag","embeddable":true,"href":"https:\/\/www.enerjigazetesi.ist\/en\/wp-json\/wp\/v2\/tags?post=42441"}],"curies":[{"name":"wp","href":"https:\/\/api.w.org\/{rel}","templated":true}]}}