{"id":42315,"date":"2015-08-04T17:36:33","date_gmt":"2015-08-04T14:36:33","guid":{"rendered":"https:\/\/www.enerjigazetesi.ist\/?p=42315"},"modified":"2015-08-04T21:54:21","modified_gmt":"2015-08-04T18:54:21","slug":"meramda-gunes-enerjili-parklar","status":"publish","type":"post","link":"https:\/\/www.enerjigazetesi.ist\/en\/meramda-gunes-enerjili-parklar\/","title":{"rendered":"(Turkish) Meram\u2019da G\u00fcne\u015f Enerjili Parklar&#8230;"},"content":{"rendered":"<p class=\"qtranxs-available-languages-message qtranxs-available-languages-message-en\">Sorry, this entry is only available in <a href=\"https:\/\/www.enerjigazetesi.ist\/tr\/wp-json\/wp\/v2\/posts\/42315\" class=\"qtranxs-available-language-link qtranxs-available-language-link-tr\" title=\"Turkish\">Turkish<\/a>. For the sake of viewer convenience, the content is shown below in the alternative language. You may click the link to switch the active language.<\/p><p><\/p>\n<p style=\"color: #666666;\"><strong style=\"font-weight: bold; color: #222222;\">Mevlana Kalk\u0131nma Ajans\u0131 (MEVKA) 2015 Y\u0131l\u0131 Yenilenebilir Enerji Mali Destek Program\u0131 kapsam\u0131nda Konya\u2019n\u0131n merkez Meram \u0130l\u00e7e Belediyesi\u2019nin \u201cMeram\u2019da Parklar G\u00fcne\u015f Enerjisi \u0130le Ayd\u0131nlan\u0131yor\u201d ba\u015fl\u0131kl\u0131 projesi destek almaya hak kazand\u0131.<\/strong><\/p>\n<p style=\"color: #666666;\">T\u00fcrkiye\u2019de\u00a0<strong style=\"font-weight: bold; color: #222222;\">g\u00fcne\u015f enerjisi\u00a0<\/strong>sosyal<img loading=\"lazy\" class=\"alignleft  wp-image-42316\" src=\"https:\/\/www.enerjigazetesi.ist\/wp-content\/uploads\/2015\/08\/w-300x300.jpg\" alt=\"w\" width=\"287\" height=\"220\" \/> donat\u0131 alanlar\u0131nda giderek daha \u00e7ok kullan\u0131lmaya ba\u015fland\u0131.<\/p>\n<p style=\"color: #666666;\">Mevlana Kalk\u0131nma Ajans\u0131 (MEVKA) 2015 Y\u0131l\u0131 Yenilenebilir Enerji Mali Destek Program\u0131 kapsam\u0131nda Konya\u2019n\u0131n merkez Meram \u0130l\u00e7e Belediyesi\u2019nin \u201cMeram\u2019da Parklar G\u00fcne\u015f Enerjisi \u0130le Ayd\u0131nlan\u0131yor\u201d ba\u015fl\u0131kl\u0131 projesi destek almaya hak kazand\u0131.<\/p>\n<p style=\"color: #666666;\">MEVKA\u2019da d\u00fczenlenen destek s\u00f6zle\u015fmesi imza t\u00f6renine Meram Belediye Ba\u015fkan\u0131 Fatma Toru, MEVKA Genel Sekreteri Ahmet Akman ve proje teknik ekibi kat\u0131ld\u0131.<\/p>\n<p style=\"color: #666666;\"><strong style=\"font-weight: bold; color: #222222;\">\u201cDo\u011fal kaynaklar\u0131m\u0131z b\u00fcy\u00fck \u00f6nem arz ediyor\u201d<\/strong><\/p>\n<p style=\"color: #666666;\">MEVKA ile ilk kez proje imzalaman\u0131n heyecan\u0131n\u0131 ya\u015fad\u0131klar\u0131n\u0131 ifade eden Meram Belediye Ba\u015fkan\u0131 Fatma Toru, \u201cMeram, Konya\u2019n\u0131n g\u00f6zbebe\u011fi. Do\u011fal kaynaklar\u0131m\u0131z da bizim i\u00e7in \u00e7ok b\u00fcy\u00fck bir \u00f6nem arz ediyor. D\u00fcnya geneline bak\u0131ld\u0131\u011f\u0131nda geli\u015fmi\u015f \u00fclkelerin hepsinde\u00a0<strong style=\"font-weight: bold; color: #222222;\">yenilenebilir enerjinin<\/strong>\u00a0\u00f6n planda oldu\u011fu g\u00f6r\u00fcl\u00fcyor. Biz de bu kapsamda il\u00e7emizdeki 3 b\u00fcy\u00fck park\u0131m\u0131z\u0131\u00a0<strong style=\"font-weight: bold; color: #222222;\">g\u00fcne\u015f enerjisiyle ayd\u0131nlatarak<\/strong>\u00a0hem \u00e7evreye daha duyarl\u0131 bir ortam olu\u015fturmak ve\u00a0<strong style=\"font-weight: bold; color: #222222;\">s\u00fcrd\u00fcr\u00fclebilir enerji verimlili\u011fi\u00a0<\/strong>sa\u011flamak hem de kaynaklar\u0131m\u0131z\u0131 daha verimli kullanabilmek ad\u0131na bir proje haz\u0131rlad\u0131k. Toplam 364 bin TL\u2019lik bu projenin bug\u00fcn imzas\u0131n\u0131 att\u0131k. 284 bin TL\u2019sini MEVKA kar\u015f\u0131layacak\u201d diye konu\u015ftu.<\/p>\n<p style=\"color: #666666;\">Bu projeyle birlikte \u00e7evreye duyarl\u0131 yeni projelerin gelece\u011fini m\u00fcjdeleyen Ba\u015fkan Toru, \u201cMeram genelinde\u00a0<strong style=\"font-weight: bold; color: #222222;\">ye\u015fil dokuyu\u00a0<\/strong>koruyarak,\u00a0<strong style=\"font-weight: bold; color: #222222;\">\u00e7evre kirlili\u011fini \u00f6nleyerek ve enerji kaynaklar\u0131n\u0131 da verimli kullanarak<\/strong>\u00a0bu t\u00fcr \u00e7al\u0131\u015fmalar\u0131m\u0131z artarak devam edecek. Desteklerinden dolay\u0131 MEVKA\u2019ya ve eme\u011fi ge\u00e7en t\u00fcm arkada\u015flar\u0131m\u0131za te\u015fekk\u00fcr ediyorum. Hay\u0131rl\u0131 olsun\u201d ifadelerini kulland\u0131.<\/p>\n<p style=\"color: #666666;\">Haberin devam\u0131 i\u00e7in<a style=\"color: #fc8d8d;\" href=\"http:\/\/www.milliyet.com.tr\/meram-da-parklar-gunes-enerjisiyle-aydinlaniyor-konya-yerelhaber-910077\/\" target=\"_blank\">\u00a0<span style=\"color: #99cc00;\">t\u0131klay\u0131n&gt;&gt;&gt;<\/span><\/a><\/p>\n<p style=\"color: #666666;\">Kaynak: AlternatifEnerji<\/p>\n<p><\/p>","protected":false},"excerpt":{"rendered":"<p>Sorry, this entry is only available in Turkish. For the sake of viewer convenience, the content is shown below in the alternative language. You may click the link to switch the active language. Mevlana Kalk\u0131nma Ajans\u0131 (MEVKA) 2015 Y\u0131l\u0131 Yenilenebilir Enerji Mali Destek Program\u0131 kapsam\u0131nda Konya\u2019n\u0131n merkez Meram \u0130l\u00e7e Belediyesi\u2019nin \u201cMeram\u2019da Parklar G\u00fcne\u015f Enerjisi \u0130le [&hellip;]<\/p>\n","protected":false},"author":1,"featured_media":42316,"comment_status":"open","ping_status":"open","sticky":false,"template":"","format":"standard","meta":[],"categories":[53,49,157],"tags":[63,67,1009,2698,165,12,227,13,23416,24627,23133,24624,24626,24625,62,105],"views":1335,"_links":{"self":[{"href":"https:\/\/www.enerjigazetesi.ist\/en\/wp-json\/wp\/v2\/posts\/42315"}],"collection":[{"href":"https:\/\/www.enerjigazetesi.ist\/en\/wp-json\/wp\/v2\/posts"}],"about":[{"href":"https:\/\/www.enerjigazetesi.ist\/en\/wp-json\/wp\/v2\/types\/post"}],"author":[{"embeddable":true,"href":"https:\/\/www.enerjigazetesi.ist\/en\/wp-json\/wp\/v2\/users\/1"}],"replies":[{"embeddable":true,"href":"https:\/\/www.enerjigazetesi.ist\/en\/wp-json\/wp\/v2\/comments?post=42315"}],"version-history":[{"count":5,"href":"https:\/\/www.enerjigazetesi.ist\/en\/wp-json\/wp\/v2\/posts\/42315\/revisions"}],"predecessor-version":[{"id":42327,"href":"https:\/\/www.enerjigazetesi.ist\/en\/wp-json\/wp\/v2\/posts\/42315\/revisions\/42327"}],"wp:featuredmedia":[{"embeddable":true,"href":"https:\/\/www.enerjigazetesi.ist\/en\/wp-json\/wp\/v2\/media\/42316"}],"wp:attachment":[{"href":"https:\/\/www.enerjigazetesi.ist\/en\/wp-json\/wp\/v2\/media?parent=42315"}],"wp:term":[{"taxonomy":"category","embeddable":true,"href":"https:\/\/www.enerjigazetesi.ist\/en\/wp-json\/wp\/v2\/categories?post=42315"},{"taxonomy":"post_tag","embeddable":true,"href":"https:\/\/www.enerjigazetesi.ist\/en\/wp-json\/wp\/v2\/tags?post=42315"}],"curies":[{"name":"wp","href":"https:\/\/api.w.org\/{rel}","templated":true}]}}