{"id":42306,"date":"2015-08-04T16:56:46","date_gmt":"2015-08-04T13:56:46","guid":{"rendered":"https:\/\/www.enerjigazetesi.ist\/?p=42306"},"modified":"2015-08-04T22:04:49","modified_gmt":"2015-08-04T19:04:49","slug":"baku-tiflis-kars-erzurum-dogalgaz-boru-hattinda-patlama","status":"publish","type":"post","link":"https:\/\/www.enerjigazetesi.ist\/en\/baku-tiflis-kars-erzurum-dogalgaz-boru-hattinda-patlama\/","title":{"rendered":"(Turkish) Bak\u00fc-Tiflis-Kars-Erzurum Do\u011falgaz Boru Hatt\u0131\u2019nda Patlama!"},"content":{"rendered":"<p class=\"qtranxs-available-languages-message qtranxs-available-languages-message-en\">Sorry, this entry is only available in <a href=\"https:\/\/www.enerjigazetesi.ist\/tr\/wp-json\/wp\/v2\/posts\/42306\" class=\"qtranxs-available-language-link qtranxs-available-language-link-tr\" title=\"Turkish\">Turkish<\/a>. For the sake of viewer convenience, the content is shown below in the alternative language. You may click the link to switch the active language.<\/p><p><\/p>\n<p style=\"color: #222222;\"><strong>Kars\u2019\u0131n Sar\u0131kam\u0131\u015f il\u00e7esinden ge\u00e7en Bak\u00fc-Tiflis-Kars-Erzurum Do\u011falgaz Boru Hatt\u0131\u2019nda hen\u00fcz belirlenemeyen nedenle patlama meydana geldi.<img loading=\"lazy\" class=\"alignright  wp-image-42307\" src=\"https:\/\/www.enerjigazetesi.ist\/wp-content\/uploads\/2015\/08\/gaz-boru-hatt\u0131-patlama-2389773293-696x385-300x165.jpg\" alt=\"gaz-boru-hatt\u0131-patlama-2389773293-696x385\" width=\"290\" height=\"206\" \/><\/strong><span id=\"more-72990\"><\/span><\/p>\n<p style=\"color: #222222;\">Kars Valisi G\u00fcnay \u00d6zdemir, Bak\u00fc-Tiflis-Kars-Erzurum Do\u011falgaz Boru Hatt\u0131\u2019nda bir patlama meydana geldi\u011fini ve ara\u015ft\u0131rmalar\u0131n s\u00fcrd\u00fc\u011f\u00fcn\u00fc belirterek, b\u00f6lgedeki gaz ak\u0131\u015f\u0131n\u0131n kesildi\u011fini s\u00f6yledi.<\/p>\n<p style=\"color: #222222;\">\u00d6zdemir yapt\u0131\u011f\u0131 a\u00e7\u0131klamada, Sar\u0131kam\u0131\u015f il\u00e7esinden ge\u00e7en Bak\u00fc-Tiflis-Kars-Erzurum Do\u011falgaz Boru Hatt\u0131\u2019nda hen\u00fcz belirlenemeyen nedenle patlama oldu\u011funu belirtti.<\/p>\n<p style=\"color: #222222;\">Konuyla ilgili ara\u015ft\u0131rmalar\u0131n s\u00fcrd\u00fc\u011f\u00fcn\u00fc ve olay\u0131n akabinde gerekli tedbirlerin al\u0131nd\u0131\u011f\u0131n\u0131 dile getiren Vali \u00d6zdemir, \u201cYa\u011fbasan mevkisinde gaz ak\u0131\u015f\u0131 kesildi. Ormanl\u0131k alana herhangi bir s\u0131\u00e7rama durumu yok.\u00a0Arkada\u015flar\u0131m\u0131z o b\u00f6lgeye ge\u00e7iyorlar\u201d diye konu\u015ftu.<\/p>\n<p style=\"color: #222222;\">\u00d6te yandan, ormanl\u0131k alandaki patlaman\u0131n ard\u0131ndan borudan \u00e7\u0131kan gaz sesi yakla\u015f\u0131k 20 kilometre mesafedeki Sar\u0131kam\u0131\u015f il\u00e7esinden duyuldu.<\/p>\n<p style=\"color: #222222;\">Kaynak:EnerjiEnstit\u00fcs\u00fc<\/p>\n<p><\/p>","protected":false},"excerpt":{"rendered":"<p>Sorry, this entry is only available in Turkish. For the sake of viewer convenience, the content is shown below in the alternative language. You may click the link to switch the active language. Kars\u2019\u0131n Sar\u0131kam\u0131\u015f il\u00e7esinden ge\u00e7en Bak\u00fc-Tiflis-Kars-Erzurum Do\u011falgaz Boru Hatt\u0131\u2019nda hen\u00fcz belirlenemeyen nedenle patlama meydana geldi. Kars Valisi G\u00fcnay \u00d6zdemir, Bak\u00fc-Tiflis-Kars-Erzurum Do\u011falgaz Boru Hatt\u0131\u2019nda [&hellip;]<\/p>\n","protected":false},"author":1,"featured_media":42307,"comment_status":"open","ping_status":"open","sticky":false,"template":"","format":"standard","meta":[],"categories":[46,53],"tags":[24612,24613,92,876,226,19761,2092,63,67,1009,2698,165,5805,4992,24614],"views":1128,"_links":{"self":[{"href":"https:\/\/www.enerjigazetesi.ist\/en\/wp-json\/wp\/v2\/posts\/42306"}],"collection":[{"href":"https:\/\/www.enerjigazetesi.ist\/en\/wp-json\/wp\/v2\/posts"}],"about":[{"href":"https:\/\/www.enerjigazetesi.ist\/en\/wp-json\/wp\/v2\/types\/post"}],"author":[{"embeddable":true,"href":"https:\/\/www.enerjigazetesi.ist\/en\/wp-json\/wp\/v2\/users\/1"}],"replies":[{"embeddable":true,"href":"https:\/\/www.enerjigazetesi.ist\/en\/wp-json\/wp\/v2\/comments?post=42306"}],"version-history":[{"count":3,"href":"https:\/\/www.enerjigazetesi.ist\/en\/wp-json\/wp\/v2\/posts\/42306\/revisions"}],"predecessor-version":[{"id":42334,"href":"https:\/\/www.enerjigazetesi.ist\/en\/wp-json\/wp\/v2\/posts\/42306\/revisions\/42334"}],"wp:featuredmedia":[{"embeddable":true,"href":"https:\/\/www.enerjigazetesi.ist\/en\/wp-json\/wp\/v2\/media\/42307"}],"wp:attachment":[{"href":"https:\/\/www.enerjigazetesi.ist\/en\/wp-json\/wp\/v2\/media?parent=42306"}],"wp:term":[{"taxonomy":"category","embeddable":true,"href":"https:\/\/www.enerjigazetesi.ist\/en\/wp-json\/wp\/v2\/categories?post=42306"},{"taxonomy":"post_tag","embeddable":true,"href":"https:\/\/www.enerjigazetesi.ist\/en\/wp-json\/wp\/v2\/tags?post=42306"}],"curies":[{"name":"wp","href":"https:\/\/api.w.org\/{rel}","templated":true}]}}