{"id":4230,"date":"2012-12-10T11:21:23","date_gmt":"2012-12-10T08:21:23","guid":{"rendered":"https:\/\/www.enerjigazetesi.ist\/?p=4230"},"modified":"2012-12-10T11:21:23","modified_gmt":"2012-12-10T08:21:23","slug":"heslere-cevre-uyarisi-geliyor","status":"publish","type":"post","link":"https:\/\/www.enerjigazetesi.ist\/en\/heslere-cevre-uyarisi-geliyor\/","title":{"rendered":"(Turkish) HES\u2019lere \u00c7evre Uyar\u0131s\u0131 Geliyor"},"content":{"rendered":"<p class=\"qtranxs-available-languages-message qtranxs-available-languages-message-en\">Sorry, this entry is only available in <a href=\"https:\/\/www.enerjigazetesi.ist\/tr\/wp-json\/wp\/v2\/posts\/4230\" class=\"qtranxs-available-language-link qtranxs-available-language-link-tr\" title=\"Turkish\">Turkish<\/a>. For the sake of viewer convenience, the content is shown below in the alternative language. You may click the link to switch the active language.<\/p><p><strong>Enerji ve Tabii Kaynaklar Bakan\u0131 Taner Y\u0131ld\u0131z, termik santrallerin \u00e7evreye zarar vermemesi i\u00e7in 1 milyar liral\u0131k yat\u0131r\u0131m yap\u0131laca\u011f\u0131n\u0131 bildirdi.<\/strong><\/p>\n<p><img loading=\"lazy\" class=\"alignleft size-medium wp-image-4231\" title=\"hes-lere-cevre-uyarisi-geliyor-2836583\" src=\"https:\/\/www.enerjigazetesi.ist\/wp-content\/uploads\/2012\/12\/hes-lere-cevre-uyarisi-geliyor-2836583-300x168.jpg\" alt=\"\" width=\"300\" height=\"168\" srcset=\"https:\/\/www.enerjigazetesi.ist\/wp-content\/uploads\/2012\/12\/hes-lere-cevre-uyarisi-geliyor-2836583-300x168.jpg 300w, https:\/\/www.enerjigazetesi.ist\/wp-content\/uploads\/2012\/12\/hes-lere-cevre-uyarisi-geliyor-2836583-500x280.jpg 500w, https:\/\/www.enerjigazetesi.ist\/wp-content\/uploads\/2012\/12\/hes-lere-cevre-uyarisi-geliyor-2836583-80x44.jpg 80w, https:\/\/www.enerjigazetesi.ist\/wp-content\/uploads\/2012\/12\/hes-lere-cevre-uyarisi-geliyor-2836583.jpg 606w\" sizes=\"(max-width: 300px) 100vw, 300px\" \/>Y\u0131ld\u0131z, gerekli \u00e7evre hassasiyetini g\u00f6stermeyen HES yat\u0131r\u0131mlar\u0131na da sorumluluklar\u0131n\u0131n an\u0131msat\u0131laca\u011f\u0131n\u0131 s\u00f6yledi. Bakan Taner Y\u0131ld\u0131z, TBMM \u00c7evre Komisyonu \u00fcyeleriyle bir araya geldi. Y\u0131ld\u0131z, milletvekillerine yapt\u0131\u011f\u0131 sunumda, termik santrallerin \u00e7evreye etkisi i\u00e7in, \u201cElektrik \u00fcretim santrallerinin \u00e7evreye verdi\u011fi zararlar\u0131 en aza indirmek i\u00e7in yat\u0131r\u0131mlar\u0131m\u0131z\u0131 yap\u0131yoruz. Termik santrallerde baca gaz\u0131 k\u00fck\u00fcrt ar\u0131tma tesisleri, elektrofiltreler ve k\u00fcl stoklama sahalar\u0131 i\u00e7in 1.2 milyar liral\u0131k yat\u0131r\u0131m yap\u0131ld\u0131. Ayn\u0131 \u015fekilde termik santrallerimizin \u00e7evresinde a\u011fa\u00e7land\u0131rma \u00e7al\u0131\u015fmalar\u0131m\u0131z\u0131 s\u00fcrd\u00fcr\u00fcyoruz. \u00d6n\u00fcm\u00fczdeki d\u00f6nemde santrallerimizde en az 1 milyar liral\u0131k daha \u00e7evre yat\u0131r\u0131m\u0131 yapaca\u011f\u0131z\u201d dedi.<br \/>\n<strong><\/strong><\/p>\n<p><strong>N\u00fckleere Fransa \u00f6rne\u011fi<\/strong><\/p>\n<p>Bakan Y\u0131ld\u0131z, n\u00fckleer santrallerden \u00fcretilecek elektri\u011fi sudan ve r\u00fczg\u00e2rdan \u00fcretilecek elektri\u011fin yerine koymayacaklar\u0131n\u0131, yurtd\u0131\u015f\u0131ndan al\u0131nan do\u011falgaz\u0131n pay\u0131n\u0131 azaltacaklar\u0131n\u0131, n\u00fckleer santralle asl\u0131nda ithalat\u0131n azalaca\u011f\u0131n\u0131 kaydetti. Y\u0131ld\u0131z, n\u00fckleer santrallerin \u00e7evreye zararl\u0131 oldu\u011fu ele\u015ftirilerine kar\u015f\u0131l\u0131k, \u201cFransa\u2019da d\u00fcnya k\u00fclt\u00fcr miras\u0131 i\u00e7inde yer alan Louvre Nehri \u00fczerinde 14 n\u00fckleer santral bulunuyor. Bu nehirde bal\u0131k\u00e7\u0131l\u0131k ve turizme devam ediliyor. Fransa\u2019da \u00e7evreye zarar vermeyen n\u00fckleer santral, T\u00fcrkiye\u2019de gerekli tedbirler al\u0131nd\u0131ktan sonra \u00e7evreye zarar vermeyecektir\u201d dedi.<\/p>\n<p><strong>\u2018Sorumluluklar\u0131 hat\u0131rlat\u0131lacak\u2019<\/strong><\/p>\n<p>Bakan Taner Y\u0131ld\u0131z, T\u00fcrkiye\u2019nin enerji talep art\u0131\u015f\u0131nda \u00c7in\u2019den sonra ikinci oldu\u011funu, 10 y\u0131l sonras\u0131 projeksiyonlara bak\u0131ld\u0131\u011f\u0131nda bu talep art\u0131\u015f\u0131n\u0131 kar\u015f\u0131lamak i\u00e7in, t\u00fcm enerji kaynaklar\u0131n\u0131 harekete ge\u00e7irmek zorunda olduklar\u0131n\u0131 s\u00f6yledi. K\u00fc\u00e7\u00fck HES\u2019lerin de bu yerli kaynaklar kapsam\u0131nda oldu\u011funu s\u00f6yleyen Y\u0131ld\u0131z, k\u00fc\u00e7\u00fck HES\u2019lerin \u00e7evreye etkileriyle ilgili olarak hassas davrand\u0131klar\u0131n\u0131, \u00e7evreye zarar veren HES yat\u0131r\u0131mlar\u0131na kar\u015f\u0131 olduklar\u0131n\u0131 kaydetti. Y\u0131ld\u0131z, \u201cGerekli \u00e7evre hassasiyetini g\u00f6stermeyen HES yat\u0131r\u0131mlar\u0131na sorumluluklar\u0131 hat\u0131rlat\u0131lacak. Ancak \u00e7evre d\u00fczenlemesini yapm\u0131\u015f, b\u00f6lgenin kalk\u0131nmas\u0131n\u0131 art\u0131racak HES yat\u0131r\u0131mlar\u0131na da destek olunacak\u201d diye konu\u015ftu. Baz\u0131 madencilik faaliyetlerinin \u00e7evreye zarar verdi\u011fi y\u00f6n\u00fcnde komisyon \u00fcyelerinin sorular\u0131n\u0131 da yan\u0131tlayan Y\u0131ld\u0131z, T\u00fcrkiye\u2019nin madencilikte d\u00fcnyan\u0131n ilk 10 \u00fclkesi aras\u0131nda oldu\u011funu, T\u00fcrkiye\u2019nin bu do\u011fal zenginlikten faydalanman\u0131n en do\u011fal hakk\u0131 oldu\u011funu belirterek, \u201cHangi varl\u0131\u011f\u0131m\u0131z \u00fclkemiz i\u00e7in daha de\u011ferliyse \u00f6nceli\u011fimiz odur. Yerin alt\u0131ndaki maden daha de\u011ferliyse onu de\u011ferlendirmek zorunday\u0131z. Ancak, yerin \u00fcst\u00fcndeki tabiat varl\u0131\u011f\u0131m\u0131z bu de\u011ferin \u00f6n\u00fcne ge\u00e7iyorsa onu da korumak zorunday\u0131z\u201d \u015feklinde konu\u015ftu.<\/p>\n<p>Kaynak: <a href=\"http:\/\/ekonomi.milliyet.com.tr\/hes-lere-cevre-uyarisi-geliyor\/ekonomi\/ekonomidetay\/30.11.2012\/1635036\/default.htm\" target=\"_blank\">Milliyet<\/a><\/p>","protected":false},"excerpt":{"rendered":"<p>Sorry, this entry is only available in Turkish. For the sake of viewer convenience, the content is shown below in the alternative language. You may click the link to switch the active language.Enerji ve Tabii Kaynaklar Bakan\u0131 Taner Y\u0131ld\u0131z, termik santrallerin \u00e7evreye zarar vermemesi i\u00e7in 1 milyar liral\u0131k yat\u0131r\u0131m yap\u0131laca\u011f\u0131n\u0131 bildirdi. Y\u0131ld\u0131z, gerekli \u00e7evre hassasiyetini [&hellip;]<\/p>\n","protected":false},"author":1,"featured_media":4231,"comment_status":"open","ping_status":"open","sticky":false,"template":"","format":"standard","meta":[],"categories":[53,47],"tags":[1285,67,35370,88,438,1286],"views":1176,"_links":{"self":[{"href":"https:\/\/www.enerjigazetesi.ist\/en\/wp-json\/wp\/v2\/posts\/4230"}],"collection":[{"href":"https:\/\/www.enerjigazetesi.ist\/en\/wp-json\/wp\/v2\/posts"}],"about":[{"href":"https:\/\/www.enerjigazetesi.ist\/en\/wp-json\/wp\/v2\/types\/post"}],"author":[{"embeddable":true,"href":"https:\/\/www.enerjigazetesi.ist\/en\/wp-json\/wp\/v2\/users\/1"}],"replies":[{"embeddable":true,"href":"https:\/\/www.enerjigazetesi.ist\/en\/wp-json\/wp\/v2\/comments?post=4230"}],"version-history":[{"count":1,"href":"https:\/\/www.enerjigazetesi.ist\/en\/wp-json\/wp\/v2\/posts\/4230\/revisions"}],"predecessor-version":[{"id":4232,"href":"https:\/\/www.enerjigazetesi.ist\/en\/wp-json\/wp\/v2\/posts\/4230\/revisions\/4232"}],"wp:featuredmedia":[{"embeddable":true,"href":"https:\/\/www.enerjigazetesi.ist\/en\/wp-json\/wp\/v2\/media\/4231"}],"wp:attachment":[{"href":"https:\/\/www.enerjigazetesi.ist\/en\/wp-json\/wp\/v2\/media?parent=4230"}],"wp:term":[{"taxonomy":"category","embeddable":true,"href":"https:\/\/www.enerjigazetesi.ist\/en\/wp-json\/wp\/v2\/categories?post=4230"},{"taxonomy":"post_tag","embeddable":true,"href":"https:\/\/www.enerjigazetesi.ist\/en\/wp-json\/wp\/v2\/tags?post=4230"}],"curies":[{"name":"wp","href":"https:\/\/api.w.org\/{rel}","templated":true}]}}