{"id":42297,"date":"2015-08-04T10:10:20","date_gmt":"2015-08-04T07:10:20","guid":{"rendered":"https:\/\/www.enerjigazetesi.ist\/?p=42297"},"modified":"2015-08-04T22:31:58","modified_gmt":"2015-08-04T19:31:58","slug":"3-teker-uzerinde-mini-serali-solar-kahve-dukkani","status":"publish","type":"post","link":"https:\/\/www.enerjigazetesi.ist\/en\/3-teker-uzerinde-mini-serali-solar-kahve-dukkani\/","title":{"rendered":"(Turkish) 3 Teker \u00dczerinde Mini Seral\u0131, Solar Kahve D\u00fckkan\u0131&#8230;"},"content":{"rendered":"<p class=\"qtranxs-available-languages-message qtranxs-available-languages-message-en\">Sorry, this entry is only available in <a href=\"https:\/\/www.enerjigazetesi.ist\/tr\/wp-json\/wp\/v2\/posts\/42297\" class=\"qtranxs-available-language-link qtranxs-available-language-link-tr\" title=\"Turkish\">Turkish<\/a>. For the sake of viewer convenience, the content is shown below in the alternative language. You may click the link to switch the active language.<\/p><p><\/p>\n<p style=\"color: #666666;\"><span style=\"color: #000000;\"><strong>3. versiyonunu \u00e7\u0131kartmaya haz\u0131rlanan inovatif mobil kahveci Wheelys, art\u0131k solar kahve arabalar\u0131 ile kar\u015f\u0131m\u0131zda olacak.<\/strong><\/span><\/p>\n<p style=\"color: #666666;\"><a style=\"color: #666666;\" href=\"https:\/\/www.enerjigazetesi.ist\/wp-content\/uploads\/2015\/08\/jpg1\"><img loading=\"lazy\" class=\"alignleft  wp-image-42298\" src=\"https:\/\/www.enerjigazetesi.ist\/wp-content\/uploads\/2015\/08\/jpg1-300x300.\" alt=\",\" width=\"289\" height=\"200\" \/><\/a><\/p>\n<p>\u0130lk versiyonunda eklenebilir k\u00fc\u00e7\u00fck seras\u0131nda kendi kahve \u00e7ekirde\u011finizi hasat etmeye imkan veren Wheelys,<\/p>\n<p>2. versiyonuna pedal\u0131ndan enerji \u00fcreten dinamosunu eklemi\u015fti.<\/p>\n<p>\u0130skandinav Nordic Society for Invention and Discovery Ekibi taraf\u0131ndan geli\u015ftirilen mobil d\u00fckkan\u0131n \u00fcr\u00fcnlerinin tazeli\u011fi aplikasyonu ile takip edilebilmekte, ayn\u0131 zaman da bu aplikasyon vas\u0131tas\u0131 ile kahve d\u00fckkan\u0131 b\u00f6lgesel reklam da verebilmekte. Bu muhte\u015fem d\u00fckkan\u0131n \u00f6zellikleri bununla da bitmiyor, \u00fczerinde 1 ya\u011fmur suyu toplama tank\u0131, 1 gri su ayr\u0131\u015ft\u0131rma tank\u0131, bir de T\u00fcrk Kahvesi pi\u015firicisi bulunuyor\u2026<\/p>\n<p>Yarat\u0131c\u0131 mobil d\u00fckkan Indiegogo \u00fczerinden 2999 Dolar fiyatla sat\u0131\u015fta, ilgililere duyurulur\u2026<\/p>\n<p>Kaynak: AlternatifEnerji<\/p>","protected":false},"excerpt":{"rendered":"<p>Sorry, this entry is only available in Turkish. For the sake of viewer convenience, the content is shown below in the alternative language. You may click the link to switch the active language. 3. versiyonunu \u00e7\u0131kartmaya haz\u0131rlanan inovatif mobil kahveci Wheelys, art\u0131k solar kahve arabalar\u0131 ile kar\u015f\u0131m\u0131zda olacak. \u0130lk versiyonunda eklenebilir k\u00fc\u00e7\u00fck seras\u0131nda kendi kahve [&hellip;]<\/p>\n","protected":false},"author":1,"featured_media":42298,"comment_status":"open","ping_status":"open","sticky":false,"template":"","format":"standard","meta":[],"categories":[53,49],"tags":[63,67,1009,2698,165,227,13,24646,803,275,24647],"views":1763,"_links":{"self":[{"href":"https:\/\/www.enerjigazetesi.ist\/en\/wp-json\/wp\/v2\/posts\/42297"}],"collection":[{"href":"https:\/\/www.enerjigazetesi.ist\/en\/wp-json\/wp\/v2\/posts"}],"about":[{"href":"https:\/\/www.enerjigazetesi.ist\/en\/wp-json\/wp\/v2\/types\/post"}],"author":[{"embeddable":true,"href":"https:\/\/www.enerjigazetesi.ist\/en\/wp-json\/wp\/v2\/users\/1"}],"replies":[{"embeddable":true,"href":"https:\/\/www.enerjigazetesi.ist\/en\/wp-json\/wp\/v2\/comments?post=42297"}],"version-history":[{"count":6,"href":"https:\/\/www.enerjigazetesi.ist\/en\/wp-json\/wp\/v2\/posts\/42297\/revisions"}],"predecessor-version":[{"id":42349,"href":"https:\/\/www.enerjigazetesi.ist\/en\/wp-json\/wp\/v2\/posts\/42297\/revisions\/42349"}],"wp:featuredmedia":[{"embeddable":true,"href":"https:\/\/www.enerjigazetesi.ist\/en\/wp-json\/wp\/v2\/media\/42298"}],"wp:attachment":[{"href":"https:\/\/www.enerjigazetesi.ist\/en\/wp-json\/wp\/v2\/media?parent=42297"}],"wp:term":[{"taxonomy":"category","embeddable":true,"href":"https:\/\/www.enerjigazetesi.ist\/en\/wp-json\/wp\/v2\/categories?post=42297"},{"taxonomy":"post_tag","embeddable":true,"href":"https:\/\/www.enerjigazetesi.ist\/en\/wp-json\/wp\/v2\/tags?post=42297"}],"curies":[{"name":"wp","href":"https:\/\/api.w.org\/{rel}","templated":true}]}}