{"id":42197,"date":"2015-08-03T09:47:39","date_gmt":"2015-08-03T06:47:39","guid":{"rendered":"https:\/\/www.enerjigazetesi.ist\/?p=42197"},"modified":"2015-08-03T10:18:04","modified_gmt":"2015-08-03T07:18:04","slug":"alarko-carrier-iklim-degisikligi-icin-fotograf-yarismasi-duzenliyor","status":"publish","type":"post","link":"https:\/\/www.enerjigazetesi.ist\/en\/alarko-carrier-iklim-degisikligi-icin-fotograf-yarismasi-duzenliyor\/","title":{"rendered":"(Turkish) Alarko Carrier \u0130klim De\u011fi\u015fikli\u011fi \u0130\u00e7in Foto\u011fraf Yar\u0131\u015fmas\u0131 D\u00fczenliyor&#8230;"},"content":{"rendered":"<p class=\"qtranxs-available-languages-message qtranxs-available-languages-message-en\">Sorry, this entry is only available in <a href=\"https:\/\/www.enerjigazetesi.ist\/tr\/wp-json\/wp\/v2\/posts\/42197\" class=\"qtranxs-available-language-link qtranxs-available-language-link-tr\" title=\"Turkish\">Turkish<\/a>. For the sake of viewer convenience, the content is shown below in the alternative language. You may click the link to switch the active language.<\/p><p><span style=\"color: #333333;\"><strong>\u2018\u2019K\u00fcresel \u0130klim De\u011fi\u015fikli\u011fi\u2019\u2019\u00a0 temal\u0131 yar\u0131\u015fman\u0131n ba\u015fvuru s\u00fcresi A\u011fustos sonuna kadar uzat\u0131ld\u0131.<a href=\"https:\/\/www.enerjigazetesi.ist\/wp-content\/uploads\/2015\/08\/4.jpg\"><img loading=\"lazy\" class=\"alignright  wp-image-42198\" src=\"https:\/\/www.enerjigazetesi.ist\/wp-content\/uploads\/2015\/08\/4-300x163.jpg\" alt=\"4\" width=\"300\" height=\"258\" \/><\/a><\/strong><\/span><\/p>\n<p style=\"color: #444444;\">Alarko Carrier taraf\u0131ndan bu y\u0131l ikincisi d\u00fczenlenen \u2018\u2019K\u00fcresel \u0130klim De\u011fi\u015fikli\u011fi\u2019\u2019 temal\u0131 foto\u011fraf yar\u0131\u015fmas\u0131n\u0131n ba\u015fvuru s\u00fcresi uzat\u0131ld\u0131\u011f\u0131 bildirildi.<\/p>\n<p style=\"color: #444444;\">\u015eirket taraf\u0131ndan yap\u0131lan a\u00e7\u0131klamada 10 Haziran tarihinde ba\u015flayan ba\u015fvuru s\u00fcrecinde \u015fimdiye kadar 400\u2019\u00fcn \u00fczerinde ba\u015fvurunun yap\u0131ld\u0131\u011f\u0131n\u0131, yo\u011fun ilgi nedeni ile son ba\u015fvuru s\u00fcresinin ise\u00a0 31 A\u011fustos 2015\u2019 kadar uzat\u0131ld\u0131\u011f\u0131 bildirildi.<\/p>\n<p style=\"color: #444444;\">Yar\u0131\u015fmaya Alarko Carrier mensuplar\u0131 ile Se\u00e7ici Kurul \u00fcyelerinin d\u0131s\u0327\u0131nda; 18 yas\u0327\u0131n\u0131 doldurmus\u0327 t\u00fcm amat\u00f6r ve profesyonel fotog\u0306raf\u00e7\u0131lar www.alarko\u00adcarrier.com.tr\/fotograf\u00a0 adresi \u00fczerinden ba\u015fvuru yapabiliyor.<\/p>\n<p style=\"color: #444444;\">Yar\u0131\u015fman\u0131n se\u00e7ici kurulunda ise Alarko Holding Y\u00f6netim Kurulu \u00dcyesi Leyla Alaton, Alsim Alarko Genel Koordinat\u00f6r Yard\u0131mc\u0131s\u0131 Alper Kaptanog\u0306lu, sanat\u00e7\u0131 S\u0327\u00fckran Moral ve fotog\u0306raf\u00e7\u0131 Ani \u00c7elik Arevyan yer alacak. Fotog\u0306raflar; yar\u0131s\u0327ma temas\u0131na uygunluk, yarat\u0131c\u0131l\u0131k, anlat\u0131m g\u00fcc\u00fc ve teknik kriterlere g\u00f6re deg\u0306erlendirilecek.<\/p>\n<p style=\"color: #444444;\">Yar\u0131\u015fman\u0131n kazananlar\u0131 Eyl\u00fcl ay\u0131nda a\u00e7\u0131klanacak iken, yar\u0131\u015fman\u0131n birincisi Canon EOS 70D fotog\u0306raf makinesi, ikincisi Toshiba RAS 13 N3 KVR klima \u00fc\u00e7\u00fcnc\u00fcs\u00fc Toshiba RAS 13 S3 KV klima, 4\u2019\u00fcnc\u00fcs\u00fc ve 5\u2019incisi iPad Mini 3, 6\u2019nc\u0131s\u0131 ise Asus Ak\u0131ll\u0131 Telefon kazanacak.<\/p>\n<p style=\"color: #444444;\">Kaynak: Ye\u015filEkonomi<\/p>\n<p><\/p>","protected":false},"excerpt":{"rendered":"<p>Sorry, this entry is only available in Turkish. For the sake of viewer convenience, the content is shown below in the alternative language. You may click the link to switch the active language.\u2018\u2019K\u00fcresel \u0130klim De\u011fi\u015fikli\u011fi\u2019\u2019\u00a0 temal\u0131 yar\u0131\u015fman\u0131n ba\u015fvuru s\u00fcresi A\u011fustos sonuna kadar uzat\u0131ld\u0131. Alarko Carrier taraf\u0131ndan bu y\u0131l ikincisi d\u00fczenlenen \u2018\u2019K\u00fcresel \u0130klim De\u011fi\u015fikli\u011fi\u2019\u2019 temal\u0131 foto\u011fraf [&hellip;]<\/p>\n","protected":false},"author":1,"featured_media":42198,"comment_status":"open","ping_status":"open","sticky":false,"template":"","format":"standard","meta":[],"categories":[53],"tags":[1311,6476,1296,97,105,90],"views":880,"_links":{"self":[{"href":"https:\/\/www.enerjigazetesi.ist\/en\/wp-json\/wp\/v2\/posts\/42197"}],"collection":[{"href":"https:\/\/www.enerjigazetesi.ist\/en\/wp-json\/wp\/v2\/posts"}],"about":[{"href":"https:\/\/www.enerjigazetesi.ist\/en\/wp-json\/wp\/v2\/types\/post"}],"author":[{"embeddable":true,"href":"https:\/\/www.enerjigazetesi.ist\/en\/wp-json\/wp\/v2\/users\/1"}],"replies":[{"embeddable":true,"href":"https:\/\/www.enerjigazetesi.ist\/en\/wp-json\/wp\/v2\/comments?post=42197"}],"version-history":[{"count":1,"href":"https:\/\/www.enerjigazetesi.ist\/en\/wp-json\/wp\/v2\/posts\/42197\/revisions"}],"predecessor-version":[{"id":42199,"href":"https:\/\/www.enerjigazetesi.ist\/en\/wp-json\/wp\/v2\/posts\/42197\/revisions\/42199"}],"wp:featuredmedia":[{"embeddable":true,"href":"https:\/\/www.enerjigazetesi.ist\/en\/wp-json\/wp\/v2\/media\/42198"}],"wp:attachment":[{"href":"https:\/\/www.enerjigazetesi.ist\/en\/wp-json\/wp\/v2\/media?parent=42197"}],"wp:term":[{"taxonomy":"category","embeddable":true,"href":"https:\/\/www.enerjigazetesi.ist\/en\/wp-json\/wp\/v2\/categories?post=42197"},{"taxonomy":"post_tag","embeddable":true,"href":"https:\/\/www.enerjigazetesi.ist\/en\/wp-json\/wp\/v2\/tags?post=42197"}],"curies":[{"name":"wp","href":"https:\/\/api.w.org\/{rel}","templated":true}]}}