{"id":42127,"date":"2015-08-01T17:00:25","date_gmt":"2015-08-01T14:00:25","guid":{"rendered":"https:\/\/www.enerjigazetesi.ist\/?p=42127"},"modified":"2015-08-01T17:08:29","modified_gmt":"2015-08-01T14:08:29","slug":"enerji-is-toplu-is-sozlesmesi-hakki-kazandi","status":"publish","type":"post","link":"https:\/\/www.enerjigazetesi.ist\/en\/enerji-is-toplu-is-sozlesmesi-hakki-kazandi\/","title":{"rendered":"(Turkish) Enerji-\u0130\u015f Toplu i\u015f S\u00f6zle\u015fmesi Hakk\u0131 Kazand\u0131!"},"content":{"rendered":"<p class=\"qtranxs-available-languages-message qtranxs-available-languages-message-en\">Sorry, this entry is only available in <a href=\"https:\/\/www.enerjigazetesi.ist\/tr\/wp-json\/wp\/v2\/posts\/42127\" class=\"qtranxs-available-language-link qtranxs-available-language-link-tr\" title=\"Turkish\">Turkish<\/a>. For the sake of viewer convenience, the content is shown below in the alternative language. You may click the link to switch the active language.<\/p><p><\/p>\n<p style=\"color: #363636;\"><strong>Hak-\u0130\u015f Konfederasyonuna ba\u011fl\u0131 Enerji-\u0130\u015f Sendikas\u0131, \u00fcye say\u0131s\u0131n\u0131 3 bin 280\u2032e \u00e7\u0131kararak y\u00fczde birliki\u015f kolu baraj\u0131n\u0131 a\u015farak enerji alan\u0131nda toplu i\u015f s\u00f6zle\u015fmesi yetkisi alan ikinci sendika oldu.<\/strong><\/p>\n<p style=\"color: #363636;\">Resmi Gazete\u2019de yay\u0131nlanan i\u015fkolu i\u015f\u00e7i say\u0131lar\u0131 ve sendikalar\u0131n \u00fcye say\u0131lar\u0131na ili\u015fkin Temmuz 2015 tarihli istatistiklere g\u00f6re, enerji i\u015f sekt\u00f6r\u00fcnde 253 bin 340 i\u015f\u00e7i \u00e7al\u0131\u015f\u0131yor. Toplam yedi sendikan\u0131n faaliyet g\u00f6sterdi\u011fi sekt\u00f6rde, bu y<a href=\"https:\/\/www.enerjigazetesi.ist\/wp-content\/uploads\/2015\/08\/enerji-is-toplu-is-sozlesmesi-hakki-kazandi.jpg\"><img loading=\"lazy\" class=\"alignright  wp-image-42128\" src=\"https:\/\/www.enerjigazetesi.ist\/wp-content\/uploads\/2015\/08\/enerji-is-toplu-is-sozlesmesi-hakki-kazandi.jpg\" alt=\"enerji-is-toplu-is-sozlesmesi-hakki-kazandi\" width=\"300\" height=\"213\" \/><\/a>etkiye sahip tek sendika 58 bin 706 \u00fcyesi bulunan T\u00fcrk-\u0130\u015f\u2019e ba\u011fl\u0131 Tes-\u0130\u015f sendikas\u0131yd\u0131.<\/p>\n<p style=\"color: #363636;\">Enerji-\u0130\u015f Sendikas\u0131 Ba\u015fkan\u0131 Mahmud Altunsoy, 1963\u2032ten 2012 y\u0131l\u0131na kadar enerji sekt\u00f6r\u00fcn\u00fcn T\u00fcrk-\u0130\u015f\u2019e ba\u011fl\u0131 Tes-\u0130\u015f sendikas\u0131n\u0131n tekelinde oldu\u011funu an\u0131msatarak, 6356 say\u0131l\u0131 sendikalar kanunu ile y\u00fczde on olan temsil baraj\u0131n\u0131n d\u00fc\u015ft\u00fc\u011f\u00fcn\u00fc ve enerji sekt\u00f6r\u00fcn\u00fcn \u00f6n\u00fcn\u00fcn a\u00e7\u0131ld\u0131\u011f\u0131n\u0131 belirtti.<\/p>\n<p style=\"color: #363636;\">Ta\u015feron olarak \u00e7al\u0131\u015fan i\u015f\u00e7ilerden Enerji-\u0130\u015f\u2019e b\u00fcy\u00fck bir ra\u011fbet oldu\u011funu ifade eden Altunsoy, sekt\u00f6rdeki s\u00f6z konusu i\u015f\u00e7ilere sendikal\u0131la\u015fman\u0131n yolunu a\u00e7an ilk sendika olman\u0131n gururunu ta\u015f\u0131d\u0131klar\u0131n\u0131 s\u00f6yledi.<\/p>\n<p style=\"color: #363636;\">Altunsoy, kamuda T\u00fcrkiye\u2019de yar\u0131m as\u0131rd\u0131r tek bir sendikan\u0131n hakim olmas\u0131ndan dolay\u0131 t\u00fcm \u00e7al\u0131\u015fanlar\u0131n Tes-\u0130\u015f\u2019e \u00fcye olduklar\u0131na dikkati \u00e7ekerek, kamudaki s\u00f6zle\u015fmelerin yap\u0131lmas\u0131ndan sonra o alanda da faaliyetlere ba\u015flayacaklar\u0131n\u0131 dile getirdi.<\/p>\n<p style=\"color: #363636;\">Sosyal bir sendika olmak i\u00e7in yola \u00e7\u0131kt\u0131klar\u0131n\u0131 belirten Altunsoy, enerji i\u015f kolunda grev yapma hakk\u0131n\u0131n bulunmad\u0131\u011f\u0131n\u0131 ve grev durumunda i\u015f\u00e7ilerin sosyal imkanlar\u0131n\u0131 kar\u015f\u0131layabilmek i\u00e7in toplanan aidatlar\u0131 i\u015f\u00e7iler i\u00e7in harcamay\u0131 planlad\u0131klar\u0131n\u0131 kaydetti.<\/p>\n<p style=\"color: #363636;\">Altunsoy, i\u015f\u00e7ilerin \u00e7ocuklar\u0131 i\u00e7in e\u011fitim deste\u011fi ve aileleri i\u00e7in sosyal tesisler gibi projeler planlad\u0131klar\u0131na de\u011finerek, \u201cDi\u011fer sendikalar bu tip sosyal tesisleri ticarethaneye \u00e7evirdiler. \u00dcyelere yer yok ama ba\u015fka herkes girebiliyor. Biz ticari mant\u0131kla faaliyet g\u00f6stermeyece\u011fiz. \u0130\u015f\u00e7ilerimizin lehine yapabilece\u011fimiz ne varsa yapaca\u011f\u0131z\u201d diye konu\u015ftu.<\/p>\n<p style=\"color: #363636;\">Kaynak: AA<\/p>\n<p><\/p>","protected":false},"excerpt":{"rendered":"<p>Sorry, this entry is only available in Turkish. For the sake of viewer convenience, the content is shown below in the alternative language. You may click the link to switch the active language. Hak-\u0130\u015f Konfederasyonuna ba\u011fl\u0131 Enerji-\u0130\u015f Sendikas\u0131, \u00fcye say\u0131s\u0131n\u0131 3 bin 280\u2032e \u00e7\u0131kararak y\u00fczde birliki\u015f kolu baraj\u0131n\u0131 a\u015farak enerji alan\u0131nda toplu i\u015f s\u00f6zle\u015fmesi yetkisi [&hellip;]<\/p>\n","protected":false},"author":1,"featured_media":42128,"comment_status":"open","ping_status":"open","sticky":false,"template":"","format":"standard","meta":[],"categories":[53],"tags":[63,67,1009,24461,2698,165,24531,24463,24530],"views":1180,"_links":{"self":[{"href":"https:\/\/www.enerjigazetesi.ist\/en\/wp-json\/wp\/v2\/posts\/42127"}],"collection":[{"href":"https:\/\/www.enerjigazetesi.ist\/en\/wp-json\/wp\/v2\/posts"}],"about":[{"href":"https:\/\/www.enerjigazetesi.ist\/en\/wp-json\/wp\/v2\/types\/post"}],"author":[{"embeddable":true,"href":"https:\/\/www.enerjigazetesi.ist\/en\/wp-json\/wp\/v2\/users\/1"}],"replies":[{"embeddable":true,"href":"https:\/\/www.enerjigazetesi.ist\/en\/wp-json\/wp\/v2\/comments?post=42127"}],"version-history":[{"count":1,"href":"https:\/\/www.enerjigazetesi.ist\/en\/wp-json\/wp\/v2\/posts\/42127\/revisions"}],"predecessor-version":[{"id":42129,"href":"https:\/\/www.enerjigazetesi.ist\/en\/wp-json\/wp\/v2\/posts\/42127\/revisions\/42129"}],"wp:featuredmedia":[{"embeddable":true,"href":"https:\/\/www.enerjigazetesi.ist\/en\/wp-json\/wp\/v2\/media\/42128"}],"wp:attachment":[{"href":"https:\/\/www.enerjigazetesi.ist\/en\/wp-json\/wp\/v2\/media?parent=42127"}],"wp:term":[{"taxonomy":"category","embeddable":true,"href":"https:\/\/www.enerjigazetesi.ist\/en\/wp-json\/wp\/v2\/categories?post=42127"},{"taxonomy":"post_tag","embeddable":true,"href":"https:\/\/www.enerjigazetesi.ist\/en\/wp-json\/wp\/v2\/tags?post=42127"}],"curies":[{"name":"wp","href":"https:\/\/api.w.org\/{rel}","templated":true}]}}