{"id":42019,"date":"2015-07-30T18:17:11","date_gmt":"2015-07-30T15:17:11","guid":{"rendered":"https:\/\/www.enerjigazetesi.ist\/?p=42019"},"modified":"2015-07-31T14:32:25","modified_gmt":"2015-07-31T11:32:25","slug":"axitec-solar-ile-bw-energy-isbirligi-yapti","status":"publish","type":"post","link":"https:\/\/www.enerjigazetesi.ist\/en\/axitec-solar-ile-bw-energy-isbirligi-yapti\/","title":{"rendered":"(Turkish) AXITEC Solar ile B&#038;W Energy \u0130\u015fbirli\u011fi Yapt\u0131&#8230;"},"content":{"rendered":"<p class=\"qtranxs-available-languages-message qtranxs-available-languages-message-en\">Sorry, this entry is only available in <a href=\"https:\/\/www.enerjigazetesi.ist\/tr\/wp-json\/wp\/v2\/posts\/42019\" class=\"qtranxs-available-language-link qtranxs-available-language-link-tr\" title=\"Turkish\">Turkish<\/a>. For the sake of viewer convenience, the content is shown below in the alternative language. You may click the link to switch the active language.<\/p><p><\/p>\n<p style=\"color: #666666;\"><strong style=\"font-weight: bold; color: #222222;\">AXITEC Solar ve B&amp;W Energy T\u00fcrkiye aras\u0131nda 24.07.2015 tarihinde 26,4 megawatt\u2019l\u0131k solar panel tedarik anla\u015fmas\u0131 ger\u00e7ekle\u015fti.<\/strong><\/p>\n<p style=\"color: #666666;\">AXITEC Solar ve<img loading=\"lazy\" class=\"alignleft  wp-image-42020\" src=\"https:\/\/www.enerjigazetesi.ist\/wp-content\/uploads\/2015\/07\/51-300x300.jpg\" alt=\"5\" width=\"286\" height=\"286\" srcset=\"https:\/\/www.enerjigazetesi.ist\/wp-content\/uploads\/2015\/07\/51-300x300.jpg 300w, https:\/\/www.enerjigazetesi.ist\/wp-content\/uploads\/2015\/07\/51-150x150.jpg 150w, https:\/\/www.enerjigazetesi.ist\/wp-content\/uploads\/2015\/07\/51-400x400.jpg 400w, https:\/\/www.enerjigazetesi.ist\/wp-content\/uploads\/2015\/07\/51-50x50.jpg 50w, https:\/\/www.enerjigazetesi.ist\/wp-content\/uploads\/2015\/07\/51.jpg 500w\" sizes=\"(max-width: 286px) 100vw, 286px\" \/> B&amp;W Energy T\u00fcrkiye aras\u0131nda 24.07.2015 tarihinde 26,4 megawatt\u2019l\u0131k\u00a0<strong style=\"font-weight: bold; color: #222222;\">solar panel\u00a0<\/strong>tedarik anlasmas\u0131 yap\u0131ld\u0131. Kayseri, Afyon, \u00c7orum ve Yozgat\u2019ta ger\u00e7ekle\u015ftirilecek<br \/>\nprojeler i\u00e7in 5 ay s\u00fcrecek tedarik s\u00fcresi kapsam\u0131nda, AC-250P\/156-60S ve AC-260P\/156-60S panelleri kullan\u0131lacak.<br \/>\nB&amp;W Energy T<br \/>\n\u00fcrkiye Y\u00f6netim Kurlu Ba\u015fkan\u0131 Mehmet Eresin konuyla ilgili olarak yapt\u0131\u011f\u0131 a\u00e7\u0131klamada, \u201c2013 y\u0131l\u0131ndan beri B&amp;W Enerji A.\u015e. olarak T\u00fcrkiye de\u00a0<strong style=\"font-weight: bold; color: #222222;\">GES projelerine yeni bir soluk getirmi\u015ftir.<\/strong>\u00a0<strong style=\"font-weight: bold; color: #222222;\">Yenilenebilir Enerji\u00a0<\/strong>konusunda deneyimli m\u00fchendislik, montaj ve y\u00f6netim kadrosu ile anahtar teslim projelere imza atm\u0131\u015ft\u0131r. Axitec Solar ile yapaca\u011f\u0131m\u0131z i\u015f partnerli\u011fi ile daha kaliteli g\u00fcvenilir i\u015fler yapabilece\u011fimize inanmaktay\u0131z\u201d dedi.<\/p>\n<p style=\"color: #666666;\">AXITEC T\u00fcrkiye Genel M\u00fcd\u00fcr\u00fc Atalay Yazgan\u2019da \u015funlar\u0131 s\u00f6yledi: \u201c2001 senesinden itibaren sekt\u00f6r\u00fcn en eskilerinden olarak AXITEC Solar uzun soluklu ticari anlay\u0131\u015f\u0131 ve felsefesi sayesinde her sene daha da b\u00fcy\u00fcyen nadir Alman Solar panel \u00fcreticilerinden olmay\u0131 basard\u0131. \u00dcretim kanad\u0131n\u0131n hem Avrupa hem de Asya\u00b4da olmas\u0131, hem rekabet\u00e7i olmas\u0131n\u0131 hem de kalitede d\u00fcnyanin en b\u00fcy\u00fck\u00a0<strong style=\"font-weight: bold; color: #222222;\">EPC ve Solar<\/strong>\u00a0sirketlerinin ana tedarikcisi olmas\u0131n\u0131 sa\u011flam\u0131\u015ft\u0131r. Yak\u0131n s\u00fcre\u00e7 icerisinde isletmeye girecek olan AXITEC G\u00fcnes Enerjisi San. Ve Tic. Ltd. Sti ile birlikte m\u00fc\u015fterilerimize daha iyi hizmet sunuyor olabilece\u011fiz. B&amp;W Enerji ile Avrupa\u00b4da basta Almanya olmak \u00fczere bir cok uluslararas\u0131 projede g\u00f6rev aldik. Bu i\u015fbirli\u011finin T\u00fcrkiye\u00b4de de olmas\u0131 bizi ayr\u0131ca onore etti.\u201c<\/p>\n<p style=\"color: #666666;\">Kaynak: Alternatif Enerji<\/p>\n<p><\/p>","protected":false},"excerpt":{"rendered":"<p>Sorry, this entry is only available in Turkish. For the sake of viewer convenience, the content is shown below in the alternative language. You may click the link to switch the active language. AXITEC Solar ve B&amp;W Energy T\u00fcrkiye aras\u0131nda 24.07.2015 tarihinde 26,4 megawatt\u2019l\u0131k solar panel tedarik anla\u015fmas\u0131 ger\u00e7ekle\u015fti. AXITEC Solar ve B&amp;W Energy T\u00fcrkiye [&hellip;]<\/p>\n","protected":false},"author":1,"featured_media":42020,"comment_status":"open","ping_status":"open","sticky":false,"template":"","format":"standard","meta":[],"categories":[53,49],"tags":[24480,24481,63,67,1009,2698,165,227,24478,13,24482,105],"views":1639,"_links":{"self":[{"href":"https:\/\/www.enerjigazetesi.ist\/en\/wp-json\/wp\/v2\/posts\/42019"}],"collection":[{"href":"https:\/\/www.enerjigazetesi.ist\/en\/wp-json\/wp\/v2\/posts"}],"about":[{"href":"https:\/\/www.enerjigazetesi.ist\/en\/wp-json\/wp\/v2\/types\/post"}],"author":[{"embeddable":true,"href":"https:\/\/www.enerjigazetesi.ist\/en\/wp-json\/wp\/v2\/users\/1"}],"replies":[{"embeddable":true,"href":"https:\/\/www.enerjigazetesi.ist\/en\/wp-json\/wp\/v2\/comments?post=42019"}],"version-history":[{"count":2,"href":"https:\/\/www.enerjigazetesi.ist\/en\/wp-json\/wp\/v2\/posts\/42019\/revisions"}],"predecessor-version":[{"id":42022,"href":"https:\/\/www.enerjigazetesi.ist\/en\/wp-json\/wp\/v2\/posts\/42019\/revisions\/42022"}],"wp:featuredmedia":[{"embeddable":true,"href":"https:\/\/www.enerjigazetesi.ist\/en\/wp-json\/wp\/v2\/media\/42020"}],"wp:attachment":[{"href":"https:\/\/www.enerjigazetesi.ist\/en\/wp-json\/wp\/v2\/media?parent=42019"}],"wp:term":[{"taxonomy":"category","embeddable":true,"href":"https:\/\/www.enerjigazetesi.ist\/en\/wp-json\/wp\/v2\/categories?post=42019"},{"taxonomy":"post_tag","embeddable":true,"href":"https:\/\/www.enerjigazetesi.ist\/en\/wp-json\/wp\/v2\/tags?post=42019"}],"curies":[{"name":"wp","href":"https:\/\/api.w.org\/{rel}","templated":true}]}}