{"id":41976,"date":"2015-07-30T08:45:23","date_gmt":"2015-07-30T05:45:23","guid":{"rendered":"https:\/\/www.enerjigazetesi.ist\/?p=41976"},"modified":"2015-07-30T11:52:37","modified_gmt":"2015-07-30T08:52:37","slug":"deprem-parklarina-gunes-ve-ruzgar-enerjisiyle-kesintisiz-ve-ucretsiz-elektrik","status":"publish","type":"post","link":"https:\/\/www.enerjigazetesi.ist\/en\/deprem-parklarina-gunes-ve-ruzgar-enerjisiyle-kesintisiz-ve-ucretsiz-elektrik\/","title":{"rendered":"(Turkish) Deprem Parklar\u0131na G\u00fcne\u015f ve R\u00fczgar Enerjisiyle Kesintisiz ve \u00dccretsiz Elektrik!"},"content":{"rendered":"<p class=\"qtranxs-available-languages-message qtranxs-available-languages-message-en\">Sorry, this entry is only available in <a href=\"https:\/\/www.enerjigazetesi.ist\/tr\/wp-json\/wp\/v2\/posts\/41976\" class=\"qtranxs-available-language-link qtranxs-available-language-link-tr\" title=\"Turkish\">Turkish<\/a>. For the sake of viewer convenience, the content is shown below in the alternative language. You may click the link to switch the active language.<\/p><p><\/p>\n<p style=\"color: #222222;\"><strong>Ka\u011f\u0131thane Belediyesi, il\u00e7ede bulunan 4 adet park\u0131 afet an\u0131nda ve sonras\u0131nda ge\u00e7ici yerle\u015fim b\u00f6lgesi olarak kullan\u0131lmas\u0131 amac\u0131yla yeniden d\u00fczenledi. \u2018Deprem Parklar\u0131\u2019 ad\u0131n\u0131 verdi\u011fi bu alanlarda, olas\u0131 bir afet durumunda enerji kesintilerinin ya\u015fanmamas\u0131 i\u00e7in g\u00fcne\u015f panelleri ve r\u00fczgar t\u00fcrbinleri kuruldu.<br \/>\n<\/strong><span id=\"more-72872\"><\/span><\/p>\n<p style=\"color: #222222;\">Deprem, sel gibi felaketlerin s\u0131k\u00e7a ya\u015fand\u0131\u011f\u0131 \u00fclkemizde, kesintisiz \u00e7al\u0131\u015fan bir enerji sistemi olu\u015fturan Ka\u011f\u0131thane Belediyesi, il\u00e7ede bulunan 4 parka do\u011fal enerji sistemi kurdu. Bu sayede G\u00fcne\u015f, il\u00e7edeki parklara gece de enerji<img loading=\"lazy\" class=\"alignright  wp-image-41977\" src=\"https:\/\/www.enerjigazetesi.ist\/wp-content\/uploads\/2015\/07\/32-300x165.jpg\" alt=\"3\" width=\"350\" height=\"231\" \/> ve \u0131\u015f\u0131k verecek.<\/p>\n<p style=\"color: #222222;\">Parklar\u0131n g\u00fcne\u015f enerjili ayd\u0131nlatma sistemiyle ayd\u0131nlanmas\u0131n\u0131n hem do\u011fal enerji sa\u011flayarak\u00a0\u00e7evreyi korumay\u0131 hedefliyor hem de olas\u0131 bir afet durumunda kesintisiz enerji sa\u011fl\u0131yor. G\u00fcne\u015f Panelleri ve r\u00fczgar t\u00fcrbinleri sistemi ile yakla\u015f\u0131k 2-2.5 y\u0131l i\u00e7erisinde, yat\u0131r\u0131m maliyetini de amorti ederek, parklar\u0131n s\u0131f\u0131r maliyetle ayd\u0131nlat\u0131l-mas\u0131n\u0131 sa\u011flamaktad\u0131r.<\/p>\n<p style=\"color: #222222;\">\u00c7evre dostu g\u00fcne\u015f enerjili ayd\u0131nlatma sistemiyle kesintisiz enerji sa\u011flayacak enerji panelleri ve r\u00fczgar t\u00fcrbinleri yat\u0131r\u0131m maliyetini 2 y\u0131lda amorti edecek. B\u00f6ylece parklar kesintisiz ve \u00fccretsiz enerjiyle ayd\u0131nland\u0131\u011f\u0131 gibi ayr\u0131ca bu sistem maliyetini kendi kendine kar\u015f\u0131layacak.<\/p>\n<p style=\"color: #222222;\">Olas\u0131 bir afet durumunda kesintisiz enerji imk\u00e2n\u0131 veren do\u011fal enerji sistemi, M. Akif Ersoy Mahallesi G\u00fclbiri\u015fim Sokak Park\u0131, \u00c7a\u011flayan Mahallesi Se\u00e7kinler Park\u0131, \u015eirintepe Mahallesi Hilal Park\u0131 ve Seyrantepe Mahallesi Anadolu parklar\u0131nda hayata ge\u00e7irilirken, di\u011fer mahallelerde de deprem parklar\u0131 olu\u015fturulaca\u011f\u0131 belirtildi.<\/p>\n<p style=\"color: #222222;\">G\u00fcne\u015f enerjili ayd\u0131nlatma sisteminin kendi enerjisini kendisinin \u00fcretti\u011fini ve herhangi bir t\u00fcketim gideri \u00f6denmedi\u011fini ifade eden Ka\u011f\u0131thane Belediye Ba\u015fkan\u0131 Fazl\u0131 K\u0131l\u0131\u00e7, \u201cBildi\u011fimiz gibi \u0130stanbul deprem ku\u015fa\u011f\u0131nda olan bir \u015fehirdir. Tarihe bakt\u0131\u011f\u0131m\u0131z zaman yakla\u015f\u0131k 100 y\u0131lda bir b\u00fcy\u00fck sars\u0131nt\u0131l\u0131 depremler ya\u015f\u0131yoruz. Biz yerel y\u00f6netimler olarak \u2018Kentsel D\u00f6n\u00fc\u015f\u00fcm\u2019 \u00e7al\u0131\u015fmalar\u0131 kapsam\u0131nda vatanda\u015flar\u0131m\u0131z\u0131n daha g\u00fcvenli alanlarda ya\u015famalar\u0131n\u0131 sa\u011flamaya \u00e7al\u0131\u015f\u0131yoruz. Deprem, sel gibi do\u011fal afetlerde merkezi sistemde olas\u0131 bir enerji kesintisi durumunda kendi enerjisini \u00fcretecek sistemleri 4 park\u0131m\u0131za yerle\u015ftirdik. Ayr\u0131ca deprem parklar\u0131nda sa\u011fl\u0131k ve di\u011fer ihtiya\u00e7lar\u0131n kar\u015f\u0131lanmas\u0131 i\u00e7in medikal depolama sistemi kurduk\u201d dedi.<\/p>\n<p style=\"color: #222222;\">Kaynak: Enerji Enstit\u00fcs\u00fc<\/p>\n<p><\/p>","protected":false},"excerpt":{"rendered":"<p>Sorry, this entry is only available in Turkish. For the sake of viewer convenience, the content is shown below in the alternative language. You may click the link to switch the active language. Ka\u011f\u0131thane Belediyesi, il\u00e7ede bulunan 4 adet park\u0131 afet an\u0131nda ve sonras\u0131nda ge\u00e7ici yerle\u015fim b\u00f6lgesi olarak kullan\u0131lmas\u0131 amac\u0131yla yeniden d\u00fczenledi. \u2018Deprem Parklar\u0131\u2019 ad\u0131n\u0131 [&hellip;]<\/p>\n","protected":false},"author":1,"featured_media":41977,"comment_status":"open","ping_status":"open","sticky":false,"template":"","format":"standard","meta":[],"categories":[53,49,50],"tags":[24458,63,67,1009,2698,165,227,13,69,16],"views":1033,"_links":{"self":[{"href":"https:\/\/www.enerjigazetesi.ist\/en\/wp-json\/wp\/v2\/posts\/41976"}],"collection":[{"href":"https:\/\/www.enerjigazetesi.ist\/en\/wp-json\/wp\/v2\/posts"}],"about":[{"href":"https:\/\/www.enerjigazetesi.ist\/en\/wp-json\/wp\/v2\/types\/post"}],"author":[{"embeddable":true,"href":"https:\/\/www.enerjigazetesi.ist\/en\/wp-json\/wp\/v2\/users\/1"}],"replies":[{"embeddable":true,"href":"https:\/\/www.enerjigazetesi.ist\/en\/wp-json\/wp\/v2\/comments?post=41976"}],"version-history":[{"count":3,"href":"https:\/\/www.enerjigazetesi.ist\/en\/wp-json\/wp\/v2\/posts\/41976\/revisions"}],"predecessor-version":[{"id":41993,"href":"https:\/\/www.enerjigazetesi.ist\/en\/wp-json\/wp\/v2\/posts\/41976\/revisions\/41993"}],"wp:featuredmedia":[{"embeddable":true,"href":"https:\/\/www.enerjigazetesi.ist\/en\/wp-json\/wp\/v2\/media\/41977"}],"wp:attachment":[{"href":"https:\/\/www.enerjigazetesi.ist\/en\/wp-json\/wp\/v2\/media?parent=41976"}],"wp:term":[{"taxonomy":"category","embeddable":true,"href":"https:\/\/www.enerjigazetesi.ist\/en\/wp-json\/wp\/v2\/categories?post=41976"},{"taxonomy":"post_tag","embeddable":true,"href":"https:\/\/www.enerjigazetesi.ist\/en\/wp-json\/wp\/v2\/tags?post=41976"}],"curies":[{"name":"wp","href":"https:\/\/api.w.org\/{rel}","templated":true}]}}