{"id":41909,"date":"2015-07-28T16:03:32","date_gmt":"2015-07-28T13:03:32","guid":{"rendered":"https:\/\/www.enerjigazetesi.ist\/?p=41909"},"modified":"2015-07-28T16:03:32","modified_gmt":"2015-07-28T13:03:32","slug":"turkiye-iran-dogalgaz-boru-hattina-sabotaj","status":"publish","type":"post","link":"https:\/\/www.enerjigazetesi.ist\/en\/turkiye-iran-dogalgaz-boru-hattina-sabotaj\/","title":{"rendered":"(Turkish) T\u00fcrkiye-\u0130ran Do\u011falgaz Boru Hatt\u0131na Sabotaj&#8230;"},"content":{"rendered":"<p class=\"qtranxs-available-languages-message qtranxs-available-languages-message-en\">Sorry, this entry is only available in <a href=\"https:\/\/www.enerjigazetesi.ist\/tr\/wp-json\/wp\/v2\/posts\/41909\" class=\"qtranxs-available-language-link qtranxs-available-language-link-tr\" title=\"Turkish\">Turkish<\/a>. For the sake of viewer convenience, the content is shown below in the alternative language. You may click the link to switch the active language.<\/p><p><\/p>\n<p style=\"color: #222222;\"><strong>A\u011fr\u0131\u2019n\u0131n Do\u011fubayaz\u0131t il\u00e7esinde PKK\u2019l\u0131lar taraf\u0131ndan ate\u015fe verilen do\u011falgaz boru hatt\u0131nda patlama meydana geldi.<\/strong><\/p>\n<p style=\"color: #222222;\">D\u00fcn 18.00 sular\u0131nda Do\u011fubayaz\u0131t\u2019ta \u0130ran\u2019dan T\u00fcrkiye\u2019ye gelen do\u011falgaz boru hatt\u0131, iddiaya g\u00f6re PKK\u2019l\u0131 ter\u00f6ristlerce ate\u015fe verildi.<span id=\"more-72845\"><\/span>\u00a0K\u0131sa s\u00fcre sonra do\u011falgaz boru hatt\u0131nda meydana gelen patlama, \u00e7evredeki k\u00f6ylerden hissedildi. G\u00fcvenlik g\u00fc\u00e7leri, geni\u015f \u00e7apl\u0131 \u00f6nlem ald\u0131.<\/p>\n<p style=\"color: #222222;\">Enerji ve Tabii Kaynakla<a href=\"https:\/\/www.enerjigazetesi.ist\/wp-content\/uploads\/2015\/07\/turkiye-iran-dogalgaz-boru-hattina-sabotaj.jpg\"><img loading=\"lazy\" class=\"alignleft size-medium wp-image-41910\" src=\"https:\/\/www.enerjigazetesi.ist\/wp-content\/uploads\/2015\/07\/turkiye-iran-dogalgaz-boru-hattina-sabotaj-300x155.jpg\" alt=\"turkiye-iran-dogalgaz-boru-hattina-sabotaj\" width=\"300\" height=\"155\" srcset=\"https:\/\/www.enerjigazetesi.ist\/wp-content\/uploads\/2015\/07\/turkiye-iran-dogalgaz-boru-hattina-sabotaj-300x155.jpg 300w, https:\/\/www.enerjigazetesi.ist\/wp-content\/uploads\/2015\/07\/turkiye-iran-dogalgaz-boru-hattina-sabotaj-500x259.jpg 500w, https:\/\/www.enerjigazetesi.ist\/wp-content\/uploads\/2015\/07\/turkiye-iran-dogalgaz-boru-hattina-sabotaj-80x41.jpg 80w, https:\/\/www.enerjigazetesi.ist\/wp-content\/uploads\/2015\/07\/turkiye-iran-dogalgaz-boru-hattina-sabotaj.jpg 622w\" sizes=\"(max-width: 300px) 100vw, 300px\" \/><\/a>r Bakan\u0131 Taner Y\u0131ld\u0131z, \u201cBu ak\u015fam T\u00fcrkiye \u2013 \u0130ran Do\u011falgaz Boru Hatt\u0131\u2019n\u0131n; T\u00fcrkiye \u2013 \u0130ran s\u0131n\u0131r\u0131n\u0131n 15 km i\u00e7erisinde, A\u011fr\u0131 ilimizin s\u0131n\u0131rlar\u0131 i\u00e7erisindeki bir noktas\u0131na sabotaj d\u00fczenlenerek boru hatt\u0131 patlat\u0131ld\u0131. Bu sald\u0131r\u0131lar, ayn\u0131 zamanda o y\u00f6redeki vatanda\u015flar\u0131m\u0131z\u0131 ma\u011fdur etme \u00e7abas\u0131d\u0131r\u201d dedi.<\/p>\n<p style=\"color: #222222;\">Patlamaya ili\u015fkin yaz\u0131l\u0131 a\u00e7\u0131klama yapan Y\u0131ld\u0131z, \u015funlar\u0131 s\u00f6yledi:<\/p>\n<p style=\"color: #222222;\">\u201cPatlama sonucu olu\u015fan yang\u0131n k\u0131sa s\u00fcre sonra s\u00f6nd\u00fcr\u00fcld\u00fc. Boru hatt\u0131 onar\u0131ld\u0131ktan sonra \u0130ran\u2019dan do\u011falgaz ak\u0131\u015f\u0131 tekrar ba\u015flayacak. Do\u011falgaz talebini kar\u015f\u0131lama noktas\u0131nda t\u00fcm tedbirler al\u0131nd\u0131, bu konuda vatanda\u015flar\u0131m\u0131z ve sanayicilerimiz m\u00fcsterih olsunlar. Ancak birka\u00e7 g\u00fcn \u00f6nce Cizre \u2013 Silopi elektrik iletim hatt\u0131m\u0131za, ard\u0131ndan bu do\u011falgaz boru hatt\u0131na yap\u0131lan sabotaj; sadece devletimize veya h\u00fck\u00fcmetimize yap\u0131lan sald\u0131r\u0131lar de\u011fildir. Bu sald\u0131r\u0131lar, ayn\u0131 zamanda o y\u00f6redeki vatanda\u015flar\u0131m\u0131z\u0131 ma\u011fdur etme \u00e7abas\u0131d\u0131r. Ancak bu engellemeler bo\u015fa \u00e7\u0131kacakt\u0131r. Biz yine b\u00f6lgeye hizmet etmeye devam edece\u011fiz ve bu engellemelere kar\u015f\u0131 duraca\u011f\u0131z. Biz bu kirli odaklar\u0131n \u00fcst\u00fcne kararl\u0131kla gitmeye devam edece\u011fiz. Bu sald\u0131r\u0131lar, \u00f6zellikle verdi\u011fimiz \u015fehitler ve Suru\u00e7\u2019taki katliam, T\u00fcrkiye\u2019nin istikrar\u0131n\u0131, huzurunu ve milli beraberlik b\u00fct\u00fcnl\u00fc\u011f\u00fcn\u00fc bozmaya d\u00f6n\u00fckt\u00fcr. Devletin g\u00fcc\u00fcn\u00fcn zaafiyete u\u011frat\u0131ld\u0131\u011f\u0131 alg\u0131s\u0131n\u0131 olu\u015fturmak, bunlar\u0131n temel hedefidir. Vatanda\u015flar\u0131m\u0131z bunlara kesinlikle m\u00fcsaade etmeyece\u011fimizi, g\u00f6z\u00fcn\u00fc kan b\u00fcr\u00fcm\u00fc\u015f bu katillere bu \u00fclkeyi b\u0131rakmayaca\u011f\u0131m\u0131z\u0131 bilsinler. Bu y\u00fcrek bizde fazlas\u0131yla var.\u201d<\/p>\n<p style=\"color: #222222;\">T\u00fcrkiye\u2019nin b\u00fcy\u00fcyen ve ilerleyen yap\u0131s\u0131n\u0131n kesintiye u\u011frat\u0131lamayaca\u011f\u0131n\u0131 kaydeden Y\u0131ld\u0131z, \u201cSon sald\u0131r\u0131lardan sonra; HDP\u2019nin ne kadar ikiy\u00fczl\u00fc ve takiyeci oldu\u011funu g\u00f6rd\u00fck. Oysa ki resim \u00e7ok a\u00e7\u0131kt\u0131r. Resim bize, PKK\u2019n\u0131n siyasi platformda HDP ile temsil edildi\u011fini g\u00f6stermektedir. Ne kadar irtibat\u0131m\u0131z yok dense de, PKK\u2019y\u0131 tekzip edecek b\u0131rak\u0131n bir c\u00fcmle kullanmay\u0131, herhangi bir imada bile bulunamad\u0131lar. Bu \u015firinlikler art\u0131k bitmi\u015ftir. Ger\u00e7ek y\u00fcz ortaya \u00e7\u0131km\u0131\u015ft\u0131r. HDP, \u00e7\u00f6z\u00fcm s\u00fcrecini istismar etmi\u015ftir. Biz bu s\u00fcrece sad\u0131k kalmaya \u00e7al\u0131\u015ft\u0131k\u00e7a g\u00f6rd\u00fck ki, HDP kendilerini temsil etmediklerine inand\u0131klar\u0131 o yap\u0131yla beraber \u00e7\u00f6z\u00fcm s\u00fcrecini provoke etmi\u015ftir. HDP ve Demirta\u015f, asl\u0131na r\u00fccu etmi\u015ftir. Bunlar\u0131 vatanda\u015flar\u0131m\u0131z g\u00f6r\u00fcyor. Devlet de zafiyet g\u00f6stermez ve g\u00f6stermeyecektir. Bunu herkes b\u00f6yle bilsin\u201d ifadelerini kulland\u0131.<\/p>\n<p><\/p>","protected":false},"excerpt":{"rendered":"<p>Sorry, this entry is only available in Turkish. For the sake of viewer convenience, the content is shown below in the alternative language. You may click the link to switch the active language. A\u011fr\u0131\u2019n\u0131n Do\u011fubayaz\u0131t il\u00e7esinde PKK\u2019l\u0131lar taraf\u0131ndan ate\u015fe verilen do\u011falgaz boru hatt\u0131nda patlama meydana geldi. D\u00fcn 18.00 sular\u0131nda Do\u011fubayaz\u0131t\u2019ta \u0130ran\u2019dan T\u00fcrkiye\u2019ye gelen do\u011falgaz boru [&hellip;]<\/p>\n","protected":false},"author":1,"featured_media":41910,"comment_status":"open","ping_status":"open","sticky":false,"template":"","format":"standard","meta":[],"categories":[46,53],"tags":[24405,92,876,63,67,1009,2698,165,16503,16455,24404,2811,667,24406],"views":767,"_links":{"self":[{"href":"https:\/\/www.enerjigazetesi.ist\/en\/wp-json\/wp\/v2\/posts\/41909"}],"collection":[{"href":"https:\/\/www.enerjigazetesi.ist\/en\/wp-json\/wp\/v2\/posts"}],"about":[{"href":"https:\/\/www.enerjigazetesi.ist\/en\/wp-json\/wp\/v2\/types\/post"}],"author":[{"embeddable":true,"href":"https:\/\/www.enerjigazetesi.ist\/en\/wp-json\/wp\/v2\/users\/1"}],"replies":[{"embeddable":true,"href":"https:\/\/www.enerjigazetesi.ist\/en\/wp-json\/wp\/v2\/comments?post=41909"}],"version-history":[{"count":1,"href":"https:\/\/www.enerjigazetesi.ist\/en\/wp-json\/wp\/v2\/posts\/41909\/revisions"}],"predecessor-version":[{"id":41911,"href":"https:\/\/www.enerjigazetesi.ist\/en\/wp-json\/wp\/v2\/posts\/41909\/revisions\/41911"}],"wp:featuredmedia":[{"embeddable":true,"href":"https:\/\/www.enerjigazetesi.ist\/en\/wp-json\/wp\/v2\/media\/41910"}],"wp:attachment":[{"href":"https:\/\/www.enerjigazetesi.ist\/en\/wp-json\/wp\/v2\/media?parent=41909"}],"wp:term":[{"taxonomy":"category","embeddable":true,"href":"https:\/\/www.enerjigazetesi.ist\/en\/wp-json\/wp\/v2\/categories?post=41909"},{"taxonomy":"post_tag","embeddable":true,"href":"https:\/\/www.enerjigazetesi.ist\/en\/wp-json\/wp\/v2\/tags?post=41909"}],"curies":[{"name":"wp","href":"https:\/\/api.w.org\/{rel}","templated":true}]}}