{"id":41862,"date":"2015-07-27T13:15:25","date_gmt":"2015-07-27T10:15:25","guid":{"rendered":"https:\/\/www.enerjigazetesi.ist\/?p=41862"},"modified":"2015-07-27T13:15:25","modified_gmt":"2015-07-27T10:15:25","slug":"avrupa-elektriginin-yuzde-8i-ruzgardan","status":"publish","type":"post","link":"https:\/\/www.enerjigazetesi.ist\/en\/avrupa-elektriginin-yuzde-8i-ruzgardan\/","title":{"rendered":"(Turkish) Avrupa Elektri\u011finin Y\u00fczde 8`i R\u00fczgardan!"},"content":{"rendered":"<p class=\"qtranxs-available-languages-message qtranxs-available-languages-message-en\">Sorry, this entry is only available in <a href=\"https:\/\/www.enerjigazetesi.ist\/tr\/wp-json\/wp\/v2\/posts\/41862\" class=\"qtranxs-available-language-link qtranxs-available-language-link-tr\" title=\"Turkish\">Turkish<\/a>. For the sake of viewer convenience, the content is shown below in the alternative language. You may click the link to switch the active language.<\/p><p><strong>R\u00fczg\u00e2r enerjisinden elde edilen elektrik Avrupa birle\u015fik enerji \u015febekesinin y\u00fczde 8\u2019ine ula\u015ft\u0131. Avrupa Komisyonu Ortak Ara\u015ft\u0131rma Merkezi\u2019nin (JRC) yay\u0131nlad\u0131\u011f\u0131 `2014 JRC R\u00fczgar Raporu`na g\u00f6re, r\u00fczg\u00e2r enerjisinden elde edilen elektrik k\u0131tadaki birle\u015fik enerji \u015febekesinin y\u00fczde 8\u2019ine ula\u015ft\u0131.<\/strong><\/p>\n<p>Rapora g\u00f6re, Avrupa enerji<a href=\"https:\/\/www.enerjigazetesi.ist\/wp-content\/uploads\/2015\/07\/avrupa-elektriginin-yuzde-8i-ruzgardan.jpg\"><img loading=\"lazy\" class=\"alignleft  wp-image-41863\" src=\"https:\/\/www.enerjigazetesi.ist\/wp-content\/uploads\/2015\/07\/avrupa-elektriginin-yuzde-8i-ruzgardan-300x229.jpg\" alt=\"avrupa-elektriginin-yuzde-8i-ruzgardan\" width=\"300\" height=\"184\" \/><\/a> \u015febekesinin 2014\u2019te r\u00fczg\u00e2r enerjisinden elde etti\u011fi k\u00fcm\u00fclatif elektrik kapasitesi 129 Gigawatt\u2019a ula\u015ft\u0131. Bu ise, Bel\u00e7ika, Hollanda, \u0130rlanda ve Yunanistan\u2019\u0131n toplam enerji t\u00fcketimine e\u015fit.<\/p>\n<p>JRC raporunda, yenilenebilir enerjilerden elde edilen ve payla\u015f\u0131lan elektri\u011fin 2020\u2019de toplam talebin y\u00fczde 12\u2019sini olu\u015fturaca\u011f\u0131 belirtildi. Avrupa\u2019n\u0131n yenilenebilir enerjide ula\u015fmak istedi\u011fi hedef ise y\u00fczde 20.<\/p>\n<p>Raporda, son 20 y\u0131l i\u00e7inde en h\u0131zl\u0131 geli\u015fim g\u00f6steren yenilenebilir enerjinin r\u00fczg\u00e2r oldu\u011fu belirtilerek, k\u00fcresel k\u00fcm\u00fclatif toplam\u0131n 3 GW\u2019dan 370 GW\u2019a ula\u015ft\u0131\u011f\u0131 belirtildi.<\/p>\n<p><strong>\u00c7\u0130N L\u0130DER KONUMUNDA<\/strong><\/p>\n<p>Toplam kapasitesi 23,2 GW\u2019a ula\u015fan \u00c7in, y\u00fczde 44 payla r\u00fczg\u00e2r enerjisi piyasas\u0131n\u0131n lideri konumundayken, Avrupa Birli\u011fi (AB) 13,05 GW kapasiteye ula\u015ft\u0131. Danimarka, \u0130spanya, Almanya, Romanya, Portekiz ve \u0130rlanda k\u0131y\u0131 \u015feritlerine kurduklar\u0131 santrallerle enerjilerinin y\u00fczde 10 ila 40\u2019\u0131n\u0131 r\u00fczg\u00e2rdan kar\u015f\u0131l\u0131yor.<\/p>\n<p>Avrupal\u0131 r\u00fczg\u00e2r t\u00fcrbini \u00fcreten firmalar ise k\u00fcresel piyasan\u0131n y\u00fczde 78\u2019ine sahip.<\/p>\n<p>Kaynak: <a href=\"http:\/\/www.enerjigunlugu.net\/avrupa-elektriginin-yuzde-8i-ruzgardan_14650.html#.VbYIxbPtmko\" target=\"_blank\" rel=\"nofollow\">Enerji G\u00fcnl\u00fc\u011f\u00fc<\/a><\/p>","protected":false},"excerpt":{"rendered":"<p>Sorry, this entry is only available in Turkish. For the sake of viewer convenience, the content is shown below in the alternative language. You may click the link to switch the active language.R\u00fczg\u00e2r enerjisinden elde edilen elektrik Avrupa birle\u015fik enerji \u015febekesinin y\u00fczde 8\u2019ine ula\u015ft\u0131. Avrupa Komisyonu Ortak Ara\u015ft\u0131rma Merkezi\u2019nin (JRC) yay\u0131nlad\u0131\u011f\u0131 `2014 JRC R\u00fczgar Raporu`na [&hellip;]<\/p>\n","protected":false},"author":1,"featured_media":41863,"comment_status":"open","ping_status":"open","sticky":false,"template":"","format":"standard","meta":[],"categories":[53,50],"tags":[24376,24377,63,67,1009,2698,165,24378,474,69,16,231],"views":1049,"_links":{"self":[{"href":"https:\/\/www.enerjigazetesi.ist\/en\/wp-json\/wp\/v2\/posts\/41862"}],"collection":[{"href":"https:\/\/www.enerjigazetesi.ist\/en\/wp-json\/wp\/v2\/posts"}],"about":[{"href":"https:\/\/www.enerjigazetesi.ist\/en\/wp-json\/wp\/v2\/types\/post"}],"author":[{"embeddable":true,"href":"https:\/\/www.enerjigazetesi.ist\/en\/wp-json\/wp\/v2\/users\/1"}],"replies":[{"embeddable":true,"href":"https:\/\/www.enerjigazetesi.ist\/en\/wp-json\/wp\/v2\/comments?post=41862"}],"version-history":[{"count":1,"href":"https:\/\/www.enerjigazetesi.ist\/en\/wp-json\/wp\/v2\/posts\/41862\/revisions"}],"predecessor-version":[{"id":41864,"href":"https:\/\/www.enerjigazetesi.ist\/en\/wp-json\/wp\/v2\/posts\/41862\/revisions\/41864"}],"wp:featuredmedia":[{"embeddable":true,"href":"https:\/\/www.enerjigazetesi.ist\/en\/wp-json\/wp\/v2\/media\/41863"}],"wp:attachment":[{"href":"https:\/\/www.enerjigazetesi.ist\/en\/wp-json\/wp\/v2\/media?parent=41862"}],"wp:term":[{"taxonomy":"category","embeddable":true,"href":"https:\/\/www.enerjigazetesi.ist\/en\/wp-json\/wp\/v2\/categories?post=41862"},{"taxonomy":"post_tag","embeddable":true,"href":"https:\/\/www.enerjigazetesi.ist\/en\/wp-json\/wp\/v2\/tags?post=41862"}],"curies":[{"name":"wp","href":"https:\/\/api.w.org\/{rel}","templated":true}]}}