{"id":41826,"date":"2015-07-26T17:16:56","date_gmt":"2015-07-26T14:16:56","guid":{"rendered":"https:\/\/www.enerjigazetesi.ist\/?p=41826"},"modified":"2015-07-26T17:17:11","modified_gmt":"2015-07-26T14:17:11","slug":"turcas-petrol-2017de-jeotermalden-elektrik-uretecek","status":"publish","type":"post","link":"https:\/\/www.enerjigazetesi.ist\/en\/turcas-petrol-2017de-jeotermalden-elektrik-uretecek\/","title":{"rendered":"(Turkish) Turcas Petrol, 2017&#8217;de Jeotermalden Elektrik \u00dcretecek!"},"content":{"rendered":"<p class=\"qtranxs-available-languages-message qtranxs-available-languages-message-en\">Sorry, this entry is only available in <a href=\"https:\/\/www.enerjigazetesi.ist\/tr\/wp-json\/wp\/v2\/posts\/41826\" class=\"qtranxs-available-language-link qtranxs-available-language-link-tr\" title=\"Turkish\">Turkish<\/a>. For the sake of viewer convenience, the content is shown below in the alternative language. You may click the link to switch the active language.<\/p><p><span style=\"font-weight: bold; color: #242424;\">Turcas Petrol CEO&#8217;su Aksoy, &#8220;Azalternativenerji ile yapt\u0131\u011f\u0131m\u0131z i\u015f birli\u011fini Turcas&#8217;\u0131n uzun vadeli d\u00f6n\u00fc\u015f\u00fcm stratejisi kapsam\u0131nda de\u011ferlendiriyoruz&#8221; dedi.<\/span><\/p>\n<p style=\"color: #4d4e53;\">Turcas Petrol \u00dcst Y\u00f6neticisi (CEO) ve Y\u00f6netim Kurulu \u00dcyesi Batu Aksoy, Azalternativenerji ile yapt\u0131klar\u0131 i\u015f birli\u011fini uzun vadeli d\u00f6n\u00fc\u015f\u00fcm stratejisi kapsam\u0131nda de\u011ferlendirdiklerini belirterek, &#8220;Hedefimiz, 2017 itibar\u0131yle jeotermalden elektrik \u00fcretimine ba\u015flamak&#8221; dedi.<\/p>\n<p style=\"color: #4d4e53;\">Yenilenebilir enerji alan\u0131nda Turcas&#8217;taki geli\u015fmeleri de\u011ferlendiren Aksoy, Azerbaycan Cumhuriyeti Alternatif ve Yenilenebilir Enerji Kaynaklar\u0131 D<a href=\"https:\/\/www.enerjigazetesi.ist\/wp-content\/uploads\/2015\/07\/turcas-petrol-2017de-jeotermalden-elektrik-uretecek.jpg\"><img loading=\"lazy\" class=\"alignleft size-medium wp-image-41827\" src=\"https:\/\/www.enerjigazetesi.ist\/wp-content\/uploads\/2015\/07\/turcas-petrol-2017de-jeotermalden-elektrik-uretecek-300x153.jpg\" alt=\"turcas-petrol-2017de-jeotermalden-elektrik-uretecek\" width=\"300\" height=\"153\" srcset=\"https:\/\/www.enerjigazetesi.ist\/wp-content\/uploads\/2015\/07\/turcas-petrol-2017de-jeotermalden-elektrik-uretecek-300x153.jpg 300w, https:\/\/www.enerjigazetesi.ist\/wp-content\/uploads\/2015\/07\/turcas-petrol-2017de-jeotermalden-elektrik-uretecek-500x255.jpg 500w, https:\/\/www.enerjigazetesi.ist\/wp-content\/uploads\/2015\/07\/turcas-petrol-2017de-jeotermalden-elektrik-uretecek-80x40.jpg 80w, https:\/\/www.enerjigazetesi.ist\/wp-content\/uploads\/2015\/07\/turcas-petrol-2017de-jeotermalden-elektrik-uretecek.jpg 685w\" sizes=\"(max-width: 300px) 100vw, 300px\" \/><\/a>evlet Ajans\u0131 (ABEMDA) b\u00fcnyesinde faaliyet g\u00f6steren Azalternativenerji \u015firketiyle imzalanan iyi niyet protokol\u00fc \u00e7er\u00e7evesinde hem T\u00fcrkiye hem de Azerbaycan&#8217;da yenilenebilir enerji yat\u0131r\u0131m\u0131 planlad\u0131klar\u0131n\u0131 s\u00f6yledi.<\/p>\n<p style=\"color: #4d4e53;\">Yeni projelerin \u00f6nemine i\u015faret eden Batu Aksoy T\u00fcrkiye&#8217;nin enerji arz g\u00fcvenli\u011fine katk\u0131da bulunacak yeni projeleri hayata ge\u00e7irmeye ve \u00fclkemize do\u011frudan yabanc\u0131 yat\u0131r\u0131m giri\u015flerine \u00f6nc\u00fcl\u00fck etmeye devam edeceklerini ifade etti. Aksoy, &#8220;Kaynaklar\u0131m\u0131z\u0131, hissedarlar\u0131m\u0131za y\u00fcksek de\u011fer sa\u011flayaca\u011f\u0131na inand\u0131\u011f\u0131m\u0131z\u0131 ve elektrik \u00fcretim portf\u00f6y\u00fcm\u00fcz\u00fc \u00e7e\u015fitlendirmemizi sa\u011flayacak projelerde kullanaca\u011f\u0131m\u0131z\u0131 taahh\u00fct etmi\u015ftik. Bu stratejimizin ilk a\u015famas\u0131nda, Ayd\u0131n Kuyucak&#8217;ta y\u00fcr\u00fctt\u00fc\u011f\u00fcm\u00fcz jeotermal enerji santrali projesine 65 milyon dolar b\u00fcy\u00fckl\u00fc\u011f\u00fcnde bir yat\u0131r\u0131m planlad\u0131k&#8221; diye konu\u015ftu.<\/p>\n<p style=\"color: #4d4e53;\">Turcas Petrol&#8217;den daha \u00f6nce Kamuyu Ayd\u0131nlatma Platformu&#8217;na g\u00f6nderilen bildirimde &#8220;Y\u00fczde 100 Ba\u011fl\u0131 Ortakl\u0131\u011f\u0131m\u0131z Turcas Enerji Holding A.\u015e. ile Azerbaycan Cumhuriyeti Alternatif ve Yenilenebilir Enerji Kaynaklar\u0131 Devlet Ajans\u0131 (ABEMDA) b\u00fcnyesinde faaliyet g\u00f6steren Azalternativenerji Limited \u015eirketi aras\u0131nda T\u00fcrkiye ve Azerbaycan&#8217;da geli\u015ftirilecek g\u00fcne\u015f, r\u00fczgar ve jeotermal kaynaklara dayal\u0131 enerji santrali yat\u0131r\u0131mlar\u0131 yapmak \u00fczere i\u015f birli\u011fi yapmak ve ortak proje ger\u00e7ekle\u015ftirmek amac\u0131yla 21.07.2015 tarihinde bir Niyet Protokol\u00fc imzaland\u0131\u011f\u0131 bilgisi \u015firketimize ula\u015fm\u0131\u015ft\u0131r&#8221; denilmi\u015fti.<\/p>\n<p style=\"color: #4d4e53;\">Bildirimde ayr\u0131ca, bahsi ge\u00e7en Niyet Protokol\u00fc&#8217;n\u00fcn imza tarihinden itibaren 3 y\u0131l s\u00fcreyle ge\u00e7erli olaca\u011f\u0131 kaydedilmi\u015fti.<\/p>\n<p style=\"color: #4d4e53;\">Kaynak:\u00a0D\u00fcnya<\/p>\n<p><\/p>","protected":false},"excerpt":{"rendered":"<p>Sorry, this entry is only available in Turkish. For the sake of viewer convenience, the content is shown below in the alternative language. You may click the link to switch the active language.Turcas Petrol CEO&#8217;su Aksoy, &#8220;Azalternativenerji ile yapt\u0131\u011f\u0131m\u0131z i\u015f birli\u011fini Turcas&#8217;\u0131n uzun vadeli d\u00f6n\u00fc\u015f\u00fcm stratejisi kapsam\u0131nda de\u011ferlendiriyoruz&#8221; dedi. Turcas Petrol \u00dcst Y\u00f6neticisi (CEO) ve [&hellip;]<\/p>\n","protected":false},"author":1,"featured_media":41827,"comment_status":"open","ping_status":"open","sticky":false,"template":"","format":"standard","meta":[],"categories":[53,48],"tags":[24269,4867,63,67,1009,2698,165,58,56,24361,2964],"views":1048,"_links":{"self":[{"href":"https:\/\/www.enerjigazetesi.ist\/en\/wp-json\/wp\/v2\/posts\/41826"}],"collection":[{"href":"https:\/\/www.enerjigazetesi.ist\/en\/wp-json\/wp\/v2\/posts"}],"about":[{"href":"https:\/\/www.enerjigazetesi.ist\/en\/wp-json\/wp\/v2\/types\/post"}],"author":[{"embeddable":true,"href":"https:\/\/www.enerjigazetesi.ist\/en\/wp-json\/wp\/v2\/users\/1"}],"replies":[{"embeddable":true,"href":"https:\/\/www.enerjigazetesi.ist\/en\/wp-json\/wp\/v2\/comments?post=41826"}],"version-history":[{"count":1,"href":"https:\/\/www.enerjigazetesi.ist\/en\/wp-json\/wp\/v2\/posts\/41826\/revisions"}],"predecessor-version":[{"id":41828,"href":"https:\/\/www.enerjigazetesi.ist\/en\/wp-json\/wp\/v2\/posts\/41826\/revisions\/41828"}],"wp:featuredmedia":[{"embeddable":true,"href":"https:\/\/www.enerjigazetesi.ist\/en\/wp-json\/wp\/v2\/media\/41827"}],"wp:attachment":[{"href":"https:\/\/www.enerjigazetesi.ist\/en\/wp-json\/wp\/v2\/media?parent=41826"}],"wp:term":[{"taxonomy":"category","embeddable":true,"href":"https:\/\/www.enerjigazetesi.ist\/en\/wp-json\/wp\/v2\/categories?post=41826"},{"taxonomy":"post_tag","embeddable":true,"href":"https:\/\/www.enerjigazetesi.ist\/en\/wp-json\/wp\/v2\/tags?post=41826"}],"curies":[{"name":"wp","href":"https:\/\/api.w.org\/{rel}","templated":true}]}}