{"id":41755,"date":"2015-07-24T18:05:37","date_gmt":"2015-07-24T15:05:37","guid":{"rendered":"https:\/\/www.enerjigazetesi.ist\/?p=41755"},"modified":"2015-07-24T18:05:37","modified_gmt":"2015-07-24T15:05:37","slug":"iran-lng-ihracati-icin-yeterli-teknolojiye-sahip-degil","status":"publish","type":"post","link":"https:\/\/www.enerjigazetesi.ist\/en\/iran-lng-ihracati-icin-yeterli-teknolojiye-sahip-degil\/","title":{"rendered":"(Turkish) \u201c\u0130ran LNG \u0130hracat\u0131 \u0130\u00e7in Yeterli Teknolojiye Sahip De\u011fil\u201d&#8230;"},"content":{"rendered":"<p class=\"qtranxs-available-languages-message qtranxs-available-languages-message-en\">Sorry, this entry is only available in <a href=\"https:\/\/www.enerjigazetesi.ist\/tr\/wp-json\/wp\/v2\/posts\/41755\" class=\"qtranxs-available-language-link qtranxs-available-language-link-tr\" title=\"Turkish\">Turkish<\/a>. For the sake of viewer convenience, the content is shown below in the alternative language. You may click the link to switch the active language.<\/p><p><\/p>\n<p style=\"color: #222222;\"><strong>Atlantik Konseyi K\u0131demli Uzman\u0131 Jean Seznec, \u0130ran ile sa\u011flanan n\u00fckleer anla\u015fman\u0131n ard\u0131ndan bu \u00fclkenin k\u00fcresel enerji piyasalar\u0131nda g\u00fc\u00e7lenece\u011fini ancak s\u0131v\u0131la\u015ft\u0131r\u0131lm\u0131\u015f do\u011falgaz (LNG) ihracat\u0131n\u0131n Tahran i\u00e7in bir hayal olaca\u011f\u0131n\u0131 iddia etti.<\/strong><span id=\"more-72817\"><\/span><\/p>\n<p style=\"color: #222222;\">Tahran\u2019\u0131n bir\u00e7ok \u00f6nemli petrol ve do\u011falgaz rezervine sahip oldu\u011funu hat\u0131rlatan Seznec, \u201cB\u00fcy\u00fck rezervlere sahip olsa da LNG ihracat\u0131 Tahran i\u00e7in bir hayal.<br \/>\n\u00d6ncelikle \u0130ran b\u00f6yle bir ticareti ger\u00e7ekle\u015ftirmek i\u00e7in yeterli teknolojiye sahip de\u011fil. Yapt\u0131r\u0131mlar kald\u0131r\u0131lsa bile bu teknolojiyi elde etmek uzun zaman alacakt\u0131r. LNG teknolojisinin pahal\u0131 oldu\u011fu da unutulmamal\u0131\u201d dedi.<a href=\"https:\/\/www.enerjigazetesi.ist\/wp-content\/uploads\/2015\/07\/LNG-2332983-696x3851.jpg\"><img loading=\"lazy\" class=\"alignright  wp-image-41757\" src=\"https:\/\/www.enerjigazetesi.ist\/wp-content\/uploads\/2015\/07\/LNG-2332983-696x3851-300x165.jpg\" alt=\"LNG-2332983-696x385\" width=\"236\" height=\"130\" srcset=\"https:\/\/www.enerjigazetesi.ist\/wp-content\/uploads\/2015\/07\/LNG-2332983-696x3851-300x165.jpg 300w, https:\/\/www.enerjigazetesi.ist\/wp-content\/uploads\/2015\/07\/LNG-2332983-696x3851-500x276.jpg 500w, https:\/\/www.enerjigazetesi.ist\/wp-content\/uploads\/2015\/07\/LNG-2332983-696x3851-80x44.jpg 80w, https:\/\/www.enerjigazetesi.ist\/wp-content\/uploads\/2015\/07\/LNG-2332983-696x3851.jpg 696w\" sizes=\"(max-width: 236px) 100vw, 236px\" \/><\/a><br \/>\nSeznec, \u0130ran\u2019\u0131n, LNG ihracat\u0131nda k\u00fcresel piyasada lider iki \u00fclke Avustralya ve Katar\u2019la yar\u0131\u015facak d\u00fczeye gelmesinin imkans\u0131z oldu\u011funu ileri s\u00fcrerek, \u015f\u00f6yle konu\u015ftu:<br \/>\n\u201c\u0130ran \u00f6ncelikle var olan do\u011falgaz sahalar\u0131n\u0131 geli\u015ftirmeli. Geli\u015ftirilen sahalardan elde edilen gaz da petrokimya, elektrik gibi yerel sanayi alanlar\u0131na yat\u0131r\u0131m i\u00e7in kullan\u0131lmal\u0131d\u0131r. LNG hayalleri bir kenara, T\u00fcrkiye\u2019ye boru hatt\u0131yla gaz g\u00f6ndermek ve Pakistan\u2019a uzanan yeni bir do\u011falgaz boru hatt\u0131 in\u015fa etmek daha mant\u0131kl\u0131 olacakt\u0131r. A\u00e7\u0131k\u00e7as\u0131 yak\u0131n gelecekte LNG\u2019ye yap\u0131lacak herhangi bir yat\u0131r\u0131m\u0131n tamamen yanl\u0131\u015f bir yat\u0131r\u0131m olaca\u011f\u0131n\u0131 d\u00fc\u015f\u00fcn\u00fcyorum.\u201d<\/p>\n<p style=\"color: #222222;\">Kaynak: Enerji Enstit\u00fcs\u00fc<\/p>\n<p><\/p>","protected":false},"excerpt":{"rendered":"<p>Sorry, this entry is only available in Turkish. For the sake of viewer convenience, the content is shown below in the alternative language. You may click the link to switch the active language. Atlantik Konseyi K\u0131demli Uzman\u0131 Jean Seznec, \u0130ran ile sa\u011flanan n\u00fckleer anla\u015fman\u0131n ard\u0131ndan bu \u00fclkenin k\u00fcresel enerji piyasalar\u0131nda g\u00fc\u00e7lenece\u011fini ancak s\u0131v\u0131la\u015ft\u0131r\u0131lm\u0131\u015f do\u011falgaz (LNG) [&hellip;]<\/p>\n","protected":false},"author":1,"featured_media":41757,"comment_status":"open","ping_status":"open","sticky":false,"template":"","format":"standard","meta":[],"categories":[46,53],"tags":[24331],"views":896,"_links":{"self":[{"href":"https:\/\/www.enerjigazetesi.ist\/en\/wp-json\/wp\/v2\/posts\/41755"}],"collection":[{"href":"https:\/\/www.enerjigazetesi.ist\/en\/wp-json\/wp\/v2\/posts"}],"about":[{"href":"https:\/\/www.enerjigazetesi.ist\/en\/wp-json\/wp\/v2\/types\/post"}],"author":[{"embeddable":true,"href":"https:\/\/www.enerjigazetesi.ist\/en\/wp-json\/wp\/v2\/users\/1"}],"replies":[{"embeddable":true,"href":"https:\/\/www.enerjigazetesi.ist\/en\/wp-json\/wp\/v2\/comments?post=41755"}],"version-history":[{"count":1,"href":"https:\/\/www.enerjigazetesi.ist\/en\/wp-json\/wp\/v2\/posts\/41755\/revisions"}],"predecessor-version":[{"id":41758,"href":"https:\/\/www.enerjigazetesi.ist\/en\/wp-json\/wp\/v2\/posts\/41755\/revisions\/41758"}],"wp:featuredmedia":[{"embeddable":true,"href":"https:\/\/www.enerjigazetesi.ist\/en\/wp-json\/wp\/v2\/media\/41757"}],"wp:attachment":[{"href":"https:\/\/www.enerjigazetesi.ist\/en\/wp-json\/wp\/v2\/media?parent=41755"}],"wp:term":[{"taxonomy":"category","embeddable":true,"href":"https:\/\/www.enerjigazetesi.ist\/en\/wp-json\/wp\/v2\/categories?post=41755"},{"taxonomy":"post_tag","embeddable":true,"href":"https:\/\/www.enerjigazetesi.ist\/en\/wp-json\/wp\/v2\/tags?post=41755"}],"curies":[{"name":"wp","href":"https:\/\/api.w.org\/{rel}","templated":true}]}}