{"id":41621,"date":"2015-07-21T22:48:40","date_gmt":"2015-07-21T19:48:40","guid":{"rendered":"https:\/\/www.enerjigazetesi.ist\/?p=41621"},"modified":"2015-07-21T22:48:40","modified_gmt":"2015-07-21T19:48:40","slug":"hollandadan-ses-bariyerleri-uzerinden-elektrik-uretimi-testleri","status":"publish","type":"post","link":"https:\/\/www.enerjigazetesi.ist\/en\/hollandadan-ses-bariyerleri-uzerinden-elektrik-uretimi-testleri\/","title":{"rendered":"(Turkish) Hollanda&#8217;dan Ses Bariyerleri \u00dczerinden Elektrik \u00dcretimi Testleri&#8230;"},"content":{"rendered":"<p class=\"qtranxs-available-languages-message qtranxs-available-languages-message-en\">Sorry, this entry is only available in <a href=\"https:\/\/www.enerjigazetesi.ist\/tr\/wp-json\/wp\/v2\/posts\/41621\" class=\"qtranxs-available-language-link qtranxs-available-language-link-tr\" title=\"Turkish\">Turkish<\/a>. For the sake of viewer convenience, the content is shown below in the alternative language. You may click the link to switch the active language.<\/p><p><\/p>\n<p style=\"color: #222222;\"><strong>At\u0131k \u00e7\u00f6pler, r\u00fczgar, denizlerdeki gel-git ( med-cezir ), g\u00fcne\u015f enerjisi derken Hollanda \u015fimdi de otoyollar \u00fczerinde \u00e7evre kirlili\u011fi i\u00e7in kurulan ses bariyerlerinden elektrik enerjisi \u00fcretecek.<\/strong><\/p>\n<p style=\"color: #222222;\">Eindhoven \u00dcniversitesi\u2019nden Michael Debije taraf\u0131ndan geli\u015ftirilen teknoloji, \u201cThe Luminescent solar concentrator\u201d ya da k\u0131saca LSC tekni\u011fi temelinde haz\u0131rlanan renkli ses bariyerlerine dayan\u0131yor.<\/p>\n<p style=\"color: #222222;\">Bu bariyerler ucuz fiyatl\u0131<a href=\"https:\/\/www.enerjigazetesi.ist\/wp-content\/uploads\/2015\/07\/ses-bariyerleri-238793-696x385.jpg\"><img loading=\"lazy\" class=\"alignleft size-medium wp-image-41622\" src=\"https:\/\/www.enerjigazetesi.ist\/wp-content\/uploads\/2015\/07\/ses-bariyerleri-238793-696x385-300x165.jpg\" alt=\"ses-bariyerleri-238793-696x385\" width=\"300\" height=\"165\" srcset=\"https:\/\/www.enerjigazetesi.ist\/wp-content\/uploads\/2015\/07\/ses-bariyerleri-238793-696x385-300x165.jpg 300w, https:\/\/www.enerjigazetesi.ist\/wp-content\/uploads\/2015\/07\/ses-bariyerleri-238793-696x385-500x276.jpg 500w, https:\/\/www.enerjigazetesi.ist\/wp-content\/uploads\/2015\/07\/ses-bariyerleri-238793-696x385-80x44.jpg 80w, https:\/\/www.enerjigazetesi.ist\/wp-content\/uploads\/2015\/07\/ses-bariyerleri-238793-696x385.jpg 696w\" sizes=\"(max-width: 300px) 100vw, 300px\" \/><\/a> \u015feffaf paneller ile g\u00fcne\u015f \u0131\u015f\u0131\u011f\u0131n\u0131 standart g\u00fcne\u015f panellerine y\u00f6nlendiriyor ve b\u00f6ylece y\u00fcksek verimlili\u011fe sahip enerji \u00fcretimi ger\u00e7ekle\u015ftirilebiliyor. Farkl\u0131 renk se\u00e7enekleriyle ortama olan uyumu kolayla\u015ft\u0131ran ve bir\u00e7ok farkl\u0131 uyar\u0131 amac\u0131yla da kullan\u0131labilen teknoloji, y\u00f6nlendirme g\u00fcc\u00fc sayesinde havan\u0131n bulutlu olmas\u0131 durumlar\u0131nda dahi aktif olarak kullan\u0131labiliyor.<\/p>\n<p style=\"color: #222222;\">Her birinin 5 metre geni\u015fli\u011fe ve 4.5 metre y\u00fckseli\u011fe sahip oldu\u011fu belirtilen \u015feffaf panellerin, 1 km\u2019lik bir kurulumla 50 evin ihtiyac\u0131n\u0131 kar\u015f\u0131layabilecek kadar elektrik \u00fcretebildi\u011fi belirtiliyor.<\/p>\n<p style=\"color: #222222;\">\u015eu an Hollanda A2 otoban\u0131 \u00fczerinde test edilen teknoloji ile birlikte d\u00fcnyan\u0131n ilk \u0131\u015f\u0131kl\u0131 yol \u00e7izgilerini hayata ge\u00e7irmeye \u00e7al\u0131\u015fan Hollanda \u00fclke i\u00e7inde elektrikli ara\u00e7lar i\u00e7in \u015farj istasyon a\u011f\u0131n\u0131 kurmay\u0131 planlarken, ses bariyerleri \u00fczerinden elektrik \u00fcretimi i\u00e7in testlere ba\u015flad\u0131\u011f\u0131 belirtildi.<\/p>\n<p style=\"color: #222222;\">Kaynak: Enerji Enstit\u00fcs\u00fc<\/p>\n<p><\/p>","protected":false},"excerpt":{"rendered":"<p>Sorry, this entry is only available in Turkish. For the sake of viewer convenience, the content is shown below in the alternative language. You may click the link to switch the active language. At\u0131k \u00e7\u00f6pler, r\u00fczgar, denizlerdeki gel-git ( med-cezir ), g\u00fcne\u015f enerjisi derken Hollanda \u015fimdi de otoyollar \u00fczerinde \u00e7evre kirlili\u011fi i\u00e7in kurulan ses bariyerlerinden [&hellip;]<\/p>\n","protected":false},"author":1,"featured_media":41622,"comment_status":"open","ping_status":"open","sticky":false,"template":"","format":"standard","meta":[],"categories":[51,53],"tags":[24249,68,61,19,63,67,1009,2698,165,24250,24251,24252,24253],"views":1424,"_links":{"self":[{"href":"https:\/\/www.enerjigazetesi.ist\/en\/wp-json\/wp\/v2\/posts\/41621"}],"collection":[{"href":"https:\/\/www.enerjigazetesi.ist\/en\/wp-json\/wp\/v2\/posts"}],"about":[{"href":"https:\/\/www.enerjigazetesi.ist\/en\/wp-json\/wp\/v2\/types\/post"}],"author":[{"embeddable":true,"href":"https:\/\/www.enerjigazetesi.ist\/en\/wp-json\/wp\/v2\/users\/1"}],"replies":[{"embeddable":true,"href":"https:\/\/www.enerjigazetesi.ist\/en\/wp-json\/wp\/v2\/comments?post=41621"}],"version-history":[{"count":1,"href":"https:\/\/www.enerjigazetesi.ist\/en\/wp-json\/wp\/v2\/posts\/41621\/revisions"}],"predecessor-version":[{"id":41623,"href":"https:\/\/www.enerjigazetesi.ist\/en\/wp-json\/wp\/v2\/posts\/41621\/revisions\/41623"}],"wp:featuredmedia":[{"embeddable":true,"href":"https:\/\/www.enerjigazetesi.ist\/en\/wp-json\/wp\/v2\/media\/41622"}],"wp:attachment":[{"href":"https:\/\/www.enerjigazetesi.ist\/en\/wp-json\/wp\/v2\/media?parent=41621"}],"wp:term":[{"taxonomy":"category","embeddable":true,"href":"https:\/\/www.enerjigazetesi.ist\/en\/wp-json\/wp\/v2\/categories?post=41621"},{"taxonomy":"post_tag","embeddable":true,"href":"https:\/\/www.enerjigazetesi.ist\/en\/wp-json\/wp\/v2\/tags?post=41621"}],"curies":[{"name":"wp","href":"https:\/\/api.w.org\/{rel}","templated":true}]}}