{"id":41608,"date":"2015-07-21T22:01:48","date_gmt":"2015-07-21T19:01:48","guid":{"rendered":"https:\/\/www.enerjigazetesi.ist\/?p=41608"},"modified":"2015-07-21T22:01:48","modified_gmt":"2015-07-21T19:01:48","slug":"teias-ges-ve-res-icin-trafo-merkezi-kapasitelerini-guncelledi","status":"publish","type":"post","link":"https:\/\/www.enerjigazetesi.ist\/en\/teias-ges-ve-res-icin-trafo-merkezi-kapasitelerini-guncelledi\/","title":{"rendered":"(Turkish) TE\u0130A\u015e GES ve RES \u0130\u00e7in Trafo Merkezi Kapasitelerini G\u00fcncelledi&#8230;"},"content":{"rendered":"<p class=\"qtranxs-available-languages-message qtranxs-available-languages-message-en\">Sorry, this entry is only available in <a href=\"https:\/\/www.enerjigazetesi.ist\/tr\/wp-json\/wp\/v2\/posts\/41608\" class=\"qtranxs-available-language-link qtranxs-available-language-link-tr\" title=\"Turkish\">Turkish<\/a>. For the sake of viewer convenience, the content is shown below in the alternative language. You may click the link to switch the active language.<\/p><p><\/p>\n<p style=\"color: #222222;\"><strong>T\u00fcrkiye Elektrik \u0130letim A.\u015e. (TE<a href=\"https:\/\/www.enerjigazetesi.ist\/wp-content\/uploads\/2015\/07\/teias-ges-ve-res-icin-trafo-merkezi-kapasitelerini-guncelledi.jpg\"><img loading=\"lazy\" class=\"alignleft size-medium wp-image-41609\" src=\"https:\/\/www.enerjigazetesi.ist\/wp-content\/uploads\/2015\/07\/teias-ges-ve-res-icin-trafo-merkezi-kapasitelerini-guncelledi-300x165.jpg\" alt=\"OLYMPUS DIGITAL CAMERA\" width=\"300\" height=\"165\" srcset=\"https:\/\/www.enerjigazetesi.ist\/wp-content\/uploads\/2015\/07\/teias-ges-ve-res-icin-trafo-merkezi-kapasitelerini-guncelledi-300x165.jpg 300w, https:\/\/www.enerjigazetesi.ist\/wp-content\/uploads\/2015\/07\/teias-ges-ve-res-icin-trafo-merkezi-kapasitelerini-guncelledi-500x276.jpg 500w, https:\/\/www.enerjigazetesi.ist\/wp-content\/uploads\/2015\/07\/teias-ges-ve-res-icin-trafo-merkezi-kapasitelerini-guncelledi-80x44.jpg 80w, https:\/\/www.enerjigazetesi.ist\/wp-content\/uploads\/2015\/07\/teias-ges-ve-res-icin-trafo-merkezi-kapasitelerini-guncelledi.jpg 696w\" sizes=\"(max-width: 300px) 100vw, 300px\" \/><\/a>\u0130A\u015e) yay\u0131nlad\u0131\u011f\u0131 duyuru ile lisanss\u0131z elektrik \u00fcretimi kapsam\u0131nda G\u00fcne\u015f Enerjisi ve R\u00fczgar\u00a0Enerjisi santralleri i\u00e7in tahsis edilen trafo merkezi kapasitelerini g\u00fcncelledi. <\/strong><\/p>\n<p style=\"color: #222222;\">T\u00fcrkiye genelinde GES+RES toplam\u00a0<strong>4.290,3\u00a0MW<\/strong>\u00a0kapsasite tahsis edilirken, maksimum kapasite<strong>5.857,4\u00a0MW\u00a0<\/strong>olarak belirlendi. TE\u0130A\u015e taraf\u0131ndan ilk defa a\u00e7\u0131klanan bu bilgilerin bundan sonra ayl\u0131k olarak g\u00fcncellenece\u011fi belirtildi.<span id=\"more-72753\"><\/span><\/p>\n<p style=\"color: #222222;\"><strong>A\u015fa\u011f\u0131daki ba\u011flant\u0131dan dosyay\u0131 PDF olarak g\u00f6r\u00fcnt\u00fcleyebilirsiniz.<\/strong><\/p>\n<p style=\"color: #222222;\"><a style=\"color: #1e73be;\" href=\"http:\/\/www.teias.gov.tr\/\/DUYURULAR\/LISANSSIZ_RES_GES_KAPASITE_TEMMUZ2015.pdf\" target=\"_blank\" rel=\"nofollow\">http:\/\/www.teias.gov.tr\/\/DUYURULAR\/LISANSSIZ_RES_GES_KAPASITE_TEMMUZ2015.pdf<\/a><\/p>\n<p style=\"color: #222222;\"><em>Son eri\u015fim (21.07.2015)<\/em><\/p>\n<p><\/p>","protected":false},"excerpt":{"rendered":"<p>Sorry, this entry is only available in Turkish. For the sake of viewer convenience, the content is shown below in the alternative language. You may click the link to switch the active language. T\u00fcrkiye Elektrik \u0130letim A.\u015e. (TE\u0130A\u015e) yay\u0131nlad\u0131\u011f\u0131 duyuru ile lisanss\u0131z elektrik \u00fcretimi kapsam\u0131nda G\u00fcne\u015f Enerjisi ve R\u00fczgar\u00a0Enerjisi santralleri i\u00e7in tahsis edilen trafo merkezi [&hellip;]<\/p>\n","protected":false},"author":1,"featured_media":41609,"comment_status":"open","ping_status":"open","sticky":false,"template":"","format":"standard","meta":[],"categories":[53,49,50],"tags":[63,67,1009,2698,165,2326,24230,24231,24232,2569,24233,24234,24235,474,24236,231,24237,24238,24239,24240,1582,24241,24242,24243,24244],"views":1433,"_links":{"self":[{"href":"https:\/\/www.enerjigazetesi.ist\/en\/wp-json\/wp\/v2\/posts\/41608"}],"collection":[{"href":"https:\/\/www.enerjigazetesi.ist\/en\/wp-json\/wp\/v2\/posts"}],"about":[{"href":"https:\/\/www.enerjigazetesi.ist\/en\/wp-json\/wp\/v2\/types\/post"}],"author":[{"embeddable":true,"href":"https:\/\/www.enerjigazetesi.ist\/en\/wp-json\/wp\/v2\/users\/1"}],"replies":[{"embeddable":true,"href":"https:\/\/www.enerjigazetesi.ist\/en\/wp-json\/wp\/v2\/comments?post=41608"}],"version-history":[{"count":1,"href":"https:\/\/www.enerjigazetesi.ist\/en\/wp-json\/wp\/v2\/posts\/41608\/revisions"}],"predecessor-version":[{"id":41610,"href":"https:\/\/www.enerjigazetesi.ist\/en\/wp-json\/wp\/v2\/posts\/41608\/revisions\/41610"}],"wp:featuredmedia":[{"embeddable":true,"href":"https:\/\/www.enerjigazetesi.ist\/en\/wp-json\/wp\/v2\/media\/41609"}],"wp:attachment":[{"href":"https:\/\/www.enerjigazetesi.ist\/en\/wp-json\/wp\/v2\/media?parent=41608"}],"wp:term":[{"taxonomy":"category","embeddable":true,"href":"https:\/\/www.enerjigazetesi.ist\/en\/wp-json\/wp\/v2\/categories?post=41608"},{"taxonomy":"post_tag","embeddable":true,"href":"https:\/\/www.enerjigazetesi.ist\/en\/wp-json\/wp\/v2\/tags?post=41608"}],"curies":[{"name":"wp","href":"https:\/\/api.w.org\/{rel}","templated":true}]}}