{"id":41585,"date":"2015-07-20T18:06:05","date_gmt":"2015-07-20T15:06:05","guid":{"rendered":"https:\/\/www.enerjigazetesi.ist\/?p=41585"},"modified":"2015-07-20T18:06:05","modified_gmt":"2015-07-20T15:06:05","slug":"binalarda-enerji-tasarrufuna-giden-yol-asansorlerden-geciyor","status":"publish","type":"post","link":"https:\/\/www.enerjigazetesi.ist\/en\/binalarda-enerji-tasarrufuna-giden-yol-asansorlerden-geciyor\/","title":{"rendered":"(Turkish) Binalarda Enerji Tasarrufuna Giden Yol Asans\u00f6rlerden Ge\u00e7iyor!"},"content":{"rendered":"<p class=\"qtranxs-available-languages-message qtranxs-available-languages-message-en\">Sorry, this entry is only available in <a href=\"https:\/\/www.enerjigazetesi.ist\/tr\/wp-json\/wp\/v2\/posts\/41585\" class=\"qtranxs-available-language-link qtranxs-available-language-link-tr\" title=\"Turkish\">Turkish<\/a>. For the sake of viewer convenience, the content is shown below in the alternative language. You may click the link to switch the active language.<\/p><p><strong>ThyssenKrupp Asans\u00f6r T\u00fcrkiye Genel M\u00fcd\u00fcr\u00fc Turgay \u015earl\u0131, in\u015faat sekt\u00f6r\u00fcn\u00fcn g\u00fcndeminde yer alan ye\u015fil bina konsepti ve binalarda nas\u0131l enerji tasarrufu sa\u011flanabilece\u011fi konular\u0131nda de\u011ferlendirmelerde bulundu. Binalar\u0131n \u00f6n\u00fcm\u00fczdeki 10 y\u0131l i\u00e7inde bug\u00fcne k\u0131yasla y\u00fczde 10-20 daha fazla enerji t\u00fcketece\u011fine dikkat \u00e7eken Turgay \u015earl\u0131, \u201cBir binada bulunan asans\u00f6rlerin g\u00fc\u00e7 t\u00fcketimi, binan\u0131n t\u00fcm g\u00fc\u00e7 t\u00fcketiminin neredeyse y\u00fczde 10\u2019unu olu\u015fturuyor. Eski teknolojiyi kullanan asans\u00f6rleri modern sistemlerle de\u011fi\u015ftirerek g\u00fc\u00e7 t\u00fcketimini y\u00fczde 70\u2019e varan oranlarda d\u00fc\u015f\u00fcrmek m\u00fcmk\u00fcn\u201d dedi. \u015earl\u0131, New York\u2019taki One World Trade Center\u2019da kullan\u0131lan ThyssenKrupp markal\u0131 asans\u00f6rlerin, binan\u0131n enerji tasarrufu yapmas\u0131na katk\u0131da bulundu\u011funu da belirtti.<\/strong><\/p>\n<p>ThyssenKrupp Asans\u00f6r T\u00fcrkiye Genel M\u00fcd\u00fcr\u00fc Turgay \u015earl\u0131, yap\u0131 end\u00fcstrisinin son d\u00f6nemdeki g\u00fcndem maddeleri aras\u0131nda yer alan ye\u015fil bina konsepti ve binalarda enerji tasarrufu sa\u011flanmas\u0131na ili\u015fkin de\u011ferlendirmelerde bulundu.<a href=\"https:\/\/www.enerjigazetesi.ist\/wp-content\/uploads\/2015\/07\/binalarda-enerji-tasarrufuna-giden-yol-asansorlerden-geciyor.jpg\"><img loading=\"lazy\" class=\"alignright size-medium wp-image-41586\" src=\"https:\/\/www.enerjigazetesi.ist\/wp-content\/uploads\/2015\/07\/binalarda-enerji-tasarrufuna-giden-yol-asansorlerden-geciyor-300x200.jpg\" alt=\"binalarda-enerji-tasarrufuna-giden-yol-asansorlerden-geciyor\" width=\"300\" height=\"200\" srcset=\"https:\/\/www.enerjigazetesi.ist\/wp-content\/uploads\/2015\/07\/binalarda-enerji-tasarrufuna-giden-yol-asansorlerden-geciyor-300x200.jpg 300w, https:\/\/www.enerjigazetesi.ist\/wp-content\/uploads\/2015\/07\/binalarda-enerji-tasarrufuna-giden-yol-asansorlerden-geciyor-1024x682.jpg 1024w, https:\/\/www.enerjigazetesi.ist\/wp-content\/uploads\/2015\/07\/binalarda-enerji-tasarrufuna-giden-yol-asansorlerden-geciyor-500x333.jpg 500w, https:\/\/www.enerjigazetesi.ist\/wp-content\/uploads\/2015\/07\/binalarda-enerji-tasarrufuna-giden-yol-asansorlerden-geciyor-75x50.jpg 75w, https:\/\/www.enerjigazetesi.ist\/wp-content\/uploads\/2015\/07\/binalarda-enerji-tasarrufuna-giden-yol-asansorlerden-geciyor.jpg 1920w\" sizes=\"(max-width: 300px) 100vw, 300px\" \/><\/a><\/p>\n<p>Turgay \u015earl\u0131, iklim de\u011fi\u015fikli\u011fi ve enerji g\u00fcvenli\u011fi ihtiyac\u0131 gibi nedenlerin, daha az enerji t\u00fcketilmesi y\u00f6n\u00fcnde bir beklentiye neden oldu\u011funu s\u00f6yleyerek, \u201cYap\u0131 sekt\u00f6r\u00fc de bu beklentinin fark\u0131nda. Bug\u00fcn bir\u00e7ok \u00fclkede iki in\u015faat \u015firketinden biri \u2018ye\u015fil bina\u2019 konusuna odaklanm\u0131\u015f durumda. Bu odak, planlama ve in\u015fa a\u015famalar\u0131nda ba\u015fl\u0131yor; operasyon ve binan\u0131n kullan\u0131m\u0131 a\u015famalar\u0131nda da devam ediyor\u201d diye konu\u015ftu.<\/p>\n<p>ThyssenKrupp taraf\u0131ndan ger\u00e7ekle\u015ftirilen ara\u015ft\u0131rmaya g\u00f6re, 2050 y\u0131l\u0131na dek \u015fehirlerde ya\u015fayan n\u00fcfus y\u00fczde 60 art\u0131\u015fla 6 milyar\u0131n \u00fcst\u00fcne \u00e7\u0131kacak. \u00d6n\u00fcm\u00fczdeki 10 y\u0131l i\u00e7inde, \u015fehirlerin b\u00fcy\u00fcmesi s\u00fcrerken, bina ba\u015f\u0131na t\u00fcketilen enerji de bug\u00fcne k\u0131yasla y\u00fczde 10-20 art\u0131\u015f kaydedecek.<\/p>\n<p>\u201cG\u00fcn\u00fcm\u00fczde d\u00fcnyadaki enerjinin y\u00fczde 40\u2019\u0131 yap\u0131larda harcan\u0131yor. Ortalama 30 y\u0131l kullan\u0131m \u00f6mr\u00fc bulunan asans\u00f6rler ise, binalar\u0131n en \u00e7ok elektrik t\u00fcketen \u2018kullan\u0131c\u0131lar\u0131\u2019 konumunda bulunuyor. Bir binada bulunan asans\u00f6rlerin g\u00fc\u00e7 t\u00fcketimi, y\u0131ll\u0131k bazda de\u011ferlendirildi\u011finde, binan\u0131n t\u00fcm g\u00fc\u00e7 t\u00fcketiminin neredeyse y\u00fczde 10\u2019unu olu\u015fturuyor. Bu kapsamda, asans\u00f6rlerin bir binan\u0131n enerji verimlili\u011finin merkezinde yer ald\u0131\u011f\u0131n\u0131 s\u00f6ylemek m\u00fcmk\u00fcn\u201d diye konu\u015fan Turgay \u015earl\u0131, \u201cDo\u011fru fonksiyon ve \u00f6zelliklere sahip asans\u00f6rleri se\u00e7mek, binalardaki kullan\u0131labilir alanlar\u0131n yan\u0131 s\u0131ra h\u0131z ve eri\u015fim kolayl\u0131\u011f\u0131n\u0131 art\u0131r\u0131rken, enerji t\u00fcketimini azalt\u0131yor. \u00d6rne\u011fin, modern bir asans\u00f6r sisteminin tercih edildi\u011fi bir binada kullan\u0131labilir alan ortalama y\u00fczde 30 oran\u0131nda art\u0131yor. Destinasyon se\u00e7im kontrol\u00fcne sahip asans\u00f6r sistemlerinin ta\u015f\u0131ma kapasitesi ise y\u00fczde 50 art\u0131\u015f g\u00f6steriyor. Standartlar\u0131n de\u011fi\u015fmesi ve yeni d\u00fczenlemeler ile birlikte asans\u00f6rlerin binan\u0131n enerji verimlili\u011fine yapt\u0131\u011f\u0131 katk\u0131n\u0131n daha da artmas\u0131 bekleniyor. Bug\u00fcn piyasadaki en iyi asans\u00f6r teknolojisi, g\u00fc\u00e7 t\u00fcketimini y\u00fczde 30\u2019a kadar azaltabiliyor\u201d dedi.<\/p>\n<p>Bina i\u00e7inde elektrik \u00fcretebilen tek cihaz\u0131n asans\u00f6r oldu\u011funu ifade eden Turgay \u015earl\u0131, \u201cNew York\u2019taki One World Trade Center\u2019da bulunan ThyssenKrupp markal\u0131 71 asans\u00f6r, Amerika k\u0131tas\u0131n\u0131n en h\u0131zl\u0131lar\u0131 olmakla kalm\u0131yor, ayn\u0131 zamanda g\u00fc\u00e7 de \u00fcretiyor. Rejeneratif sistem, asans\u00f6r\u00fcn harcad\u0131\u011f\u0131 enerjiyi geri alarak binan\u0131n elektrik sistemine aktar\u0131yor. Asans\u00f6rlerin kabinlerindeki LED ampuller de halojen ampullere k\u0131yasla y\u0131lda 78,000 kw\/s enerji tasarrufu sa\u011fl\u0131yor. Bu rakam, ABD\u2019deki ortalama bir konutun yedi y\u0131ll\u0131k enerji harcamas\u0131na e\u015fit\u201d diye konu\u015ftu.<\/p>\n<p>Turgay \u015earl\u0131, ara\u015ft\u0131rmalara g\u00f6re, 2030 y\u0131l\u0131nda Avrupa genelindeki binalar\u0131n \u00fc\u00e7te birinin 1970 y\u0131l\u0131ndan \u00f6nce in\u015fa edilmi\u015f binalardan olu\u015faca\u011f\u0131na dikkat \u00e7ekerek, \u201cBu da modern enerji gereksinimleri ve standartlar\u0131n\u0131 kar\u015f\u0131lamak \u00fczere kapsaml\u0131 modernizasyon \u00e7al\u0131\u015fmalar\u0131n\u0131n yap\u0131lmas\u0131n\u0131 gerektirecek. Eski asans\u00f6rlerin yenileri ile de\u011fi\u015ftirilmesi sayesinde, enerji t\u00fcketiminin \u00f6nceki asans\u00f6r sistemine g\u00f6re y\u00fczde 70\u2019e kadar de\u011fi\u015fen oranlarda azalabilece\u011fi \u00f6ng\u00f6r\u00fcl\u00fcyor\u201d ifadelerini kulland\u0131.<\/p>\n<p>ThyssenKrupp Asans\u00f6r \u00fcr\u00fcnleri en y\u00fcksek s\u00fcrd\u00fcr\u00fclebilirlik standartlar\u0131n\u0131 eksiksiz kar\u015f\u0131l\u0131yor. 2014 y\u0131l\u0131 A\u011fustos ay\u0131 verilerine g\u00f6re, bini a\u015fk\u0131n LEED sertifikal\u0131 binada ThyssenKrupp Asans\u00f6r\u2019\u00fcn \u00fcr\u00fcnleri kullan\u0131l\u0131yor.<\/p>\n<p>Kaynak: B\u00fcltenler<\/p>","protected":false},"excerpt":{"rendered":"<p>Sorry, this entry is only available in Turkish. For the sake of viewer convenience, the content is shown below in the alternative language. You may click the link to switch the active language.ThyssenKrupp Asans\u00f6r T\u00fcrkiye Genel M\u00fcd\u00fcr\u00fc Turgay \u015earl\u0131, in\u015faat sekt\u00f6r\u00fcn\u00fcn g\u00fcndeminde yer alan ye\u015fil bina konsepti ve binalarda nas\u0131l enerji tasarrufu sa\u011flanabilece\u011fi konular\u0131nda de\u011ferlendirmelerde [&hellip;]<\/p>\n","protected":false},"author":1,"featured_media":41586,"comment_status":"open","ping_status":"open","sticky":false,"template":"","format":"standard","meta":[],"categories":[53,52],"tags":[3041,337,63,67,1009,2698,165,103,148,12,1296,24214,24215,793],"views":1011,"_links":{"self":[{"href":"https:\/\/www.enerjigazetesi.ist\/en\/wp-json\/wp\/v2\/posts\/41585"}],"collection":[{"href":"https:\/\/www.enerjigazetesi.ist\/en\/wp-json\/wp\/v2\/posts"}],"about":[{"href":"https:\/\/www.enerjigazetesi.ist\/en\/wp-json\/wp\/v2\/types\/post"}],"author":[{"embeddable":true,"href":"https:\/\/www.enerjigazetesi.ist\/en\/wp-json\/wp\/v2\/users\/1"}],"replies":[{"embeddable":true,"href":"https:\/\/www.enerjigazetesi.ist\/en\/wp-json\/wp\/v2\/comments?post=41585"}],"version-history":[{"count":1,"href":"https:\/\/www.enerjigazetesi.ist\/en\/wp-json\/wp\/v2\/posts\/41585\/revisions"}],"predecessor-version":[{"id":41587,"href":"https:\/\/www.enerjigazetesi.ist\/en\/wp-json\/wp\/v2\/posts\/41585\/revisions\/41587"}],"wp:featuredmedia":[{"embeddable":true,"href":"https:\/\/www.enerjigazetesi.ist\/en\/wp-json\/wp\/v2\/media\/41586"}],"wp:attachment":[{"href":"https:\/\/www.enerjigazetesi.ist\/en\/wp-json\/wp\/v2\/media?parent=41585"}],"wp:term":[{"taxonomy":"category","embeddable":true,"href":"https:\/\/www.enerjigazetesi.ist\/en\/wp-json\/wp\/v2\/categories?post=41585"},{"taxonomy":"post_tag","embeddable":true,"href":"https:\/\/www.enerjigazetesi.ist\/en\/wp-json\/wp\/v2\/tags?post=41585"}],"curies":[{"name":"wp","href":"https:\/\/api.w.org\/{rel}","templated":true}]}}