{"id":41560,"date":"2015-07-20T15:23:54","date_gmt":"2015-07-20T12:23:54","guid":{"rendered":"https:\/\/www.enerjigazetesi.ist\/?p=41560"},"modified":"2015-07-20T15:23:54","modified_gmt":"2015-07-20T12:23:54","slug":"iranla-yapilan-nukleer-anlasma-abd-kongresinde","status":"publish","type":"post","link":"https:\/\/www.enerjigazetesi.ist\/en\/iranla-yapilan-nukleer-anlasma-abd-kongresinde\/","title":{"rendered":"(Turkish) \u0130ran\u2019la Yap\u0131lan N\u00fckleer Anla\u015fma ABD Kongresi\u2019nde!"},"content":{"rendered":"<p class=\"qtranxs-available-languages-message qtranxs-available-languages-message-en\">Sorry, this entry is only available in <a href=\"https:\/\/www.enerjigazetesi.ist\/tr\/wp-json\/wp\/v2\/posts\/41560\" class=\"qtranxs-available-language-link qtranxs-available-language-link-tr\" title=\"Turkish\">Turkish<\/a>. For the sake of viewer convenience, the content is shown below in the alternative language. You may click the link to switch the active language.<\/p><p><\/p>\n<p style=\"color: #222222;\"><strong>Amerikan y\u00f6netimi, \u0130ran\u2019la var\u0131lan n\u00fckleer anla\u015fmay\u0131 ABD Kongresi\u2019ne g\u00f6nderdi. Kongre\u2019nin anla\u015fma metnini incelemesi i\u00e7in \u00f6n\u00fcnde 60 g\u00fcn var.<\/strong><\/p>\n<p style=\"color: #222222;\">Kongre\u2019nin iki kanad\u0131nda da \u00e7o\u011funlu\u011fa sahip olan Cumhuriyet\u00e7iler, anla\u015fmaya \u015fiddetle kar\u015f\u0131 \u00e7\u0131k\u0131yor.<span id=\"more-72716\"><\/span><\/p>\n<p style=\"color: #222222;\">ABD Ba\u015fkan\u0131 Barack Obama ise Kongre\u2019nin anla\u015fmay\u0131 reddetmesi halinde, karar\u0131 veto edece\u011fini s\u00f6ylemi\u015fti.<a href=\"https:\/\/www.enerjigazetesi.ist\/wp-content\/uploads\/2015\/07\/iranla-yapilan-nukleer-anlasma-abd-kongresinde.jpg\"><img loading=\"lazy\" class=\"alignright size-medium wp-image-41561\" src=\"https:\/\/www.enerjigazetesi.ist\/wp-content\/uploads\/2015\/07\/iranla-yapilan-nukleer-anlasma-abd-kongresinde-300x165.jpg\" alt=\"iranla-yapilan-nukleer-anlasma-abd-kongresinde\" width=\"300\" height=\"165\" srcset=\"https:\/\/www.enerjigazetesi.ist\/wp-content\/uploads\/2015\/07\/iranla-yapilan-nukleer-anlasma-abd-kongresinde-300x165.jpg 300w, https:\/\/www.enerjigazetesi.ist\/wp-content\/uploads\/2015\/07\/iranla-yapilan-nukleer-anlasma-abd-kongresinde-500x276.jpg 500w, https:\/\/www.enerjigazetesi.ist\/wp-content\/uploads\/2015\/07\/iranla-yapilan-nukleer-anlasma-abd-kongresinde-80x44.jpg 80w, https:\/\/www.enerjigazetesi.ist\/wp-content\/uploads\/2015\/07\/iranla-yapilan-nukleer-anlasma-abd-kongresinde.jpg 696w\" sizes=\"(max-width: 300px) 100vw, 300px\" \/><\/a><\/p>\n<p>Kongre\u2019nin Obama\u2019n\u0131n vetosunu a\u015fabilmesi i\u00e7in ise 435 \u00fcyeli Temsilciler Meclisi\u2019nin ve 100 \u00fcyeli Senato\u2019nun \u00fc\u00e7te ikisinin karar\u0131 gerekiyor. BBC Washington muhabiri Tom Bateman, bunun son derece istisnai bir durum oldu\u011funu s\u00f6yl\u00fcyor.<\/p>\n<p>BM G\u00fcvenlik Konseyi\u2019nin be\u015f daimi \u00fcyesi (ABD, \u0130ngiltere, Fransa, Rusya, \u00c7in) ve Almanya ile Tahran y\u00f6netimi aras\u0131nda var\u0131lan anla\u015fma ile \u0130ran\u2019\u0131n n\u00fckleer silah sahibi olmas\u0131n\u0131n \u00f6nlenmesi ama\u00e7l\u0131yor.<\/p>\n<p>Anla\u015fma, \u0130ran\u2019\u0131n n\u00fckleer program\u0131n\u0131n \u00f6nemli \u00f6l\u00e7\u00fcde s\u0131n\u0131rland\u0131r\u0131lmas\u0131 kar\u015f\u0131l\u0131\u011f\u0131nda bu \u00fclkeye y\u00f6nelik ekonomik yapt\u0131r\u0131mlar\u0131n kald\u0131r\u0131lmas\u0131n\u0131 \u00f6ng\u00f6r\u00fcyor.<\/p>\n<p>\u00d6te yandan, ABD Savunma Bakan Yard\u0131mc\u0131s\u0131 Ashton Carter \u0130ran\u2019la n\u00fckleer anla\u015fmaya \u015f\u00fcpheyle yakla\u015fan \u00fclkelerin kayg\u0131lar\u0131n\u0131 giderme amac\u0131yla Orta Do\u011fu turuna \u00e7\u0131kt\u0131. Ashton Carter\u2019\u0131n Orta Do\u011fu turundaki ilk dura\u011f\u0131 \u0130srail oldu.<\/p>\n<p>Carter, yar\u0131n anla\u015fmay\u0131 \u201ctarihi bir hata\u201d olarak nitelendiren \u0130srail Ba\u015fbakan\u0131 Binyamin Netanyahu ile g\u00f6r\u00fc\u015fecek.<\/p>\n<p>Kaynak: Enerji Enstit\u00fcs\u00fc<\/p>","protected":false},"excerpt":{"rendered":"<p>Sorry, this entry is only available in Turkish. For the sake of viewer convenience, the content is shown below in the alternative language. You may click the link to switch the active language. Amerikan y\u00f6netimi, \u0130ran\u2019la var\u0131lan n\u00fckleer anla\u015fmay\u0131 ABD Kongresi\u2019ne g\u00f6nderdi. Kongre\u2019nin anla\u015fma metnini incelemesi i\u00e7in \u00f6n\u00fcnde 60 g\u00fcn var. Kongre\u2019nin iki kanad\u0131nda da [&hellip;]<\/p>\n","protected":false},"author":1,"featured_media":41561,"comment_status":"open","ping_status":"open","sticky":false,"template":"","format":"standard","meta":[],"categories":[53,43],"tags":[24139,24194,6467,2987,63,67,1009,2698,165,11162,11163,254,71,21],"views":873,"_links":{"self":[{"href":"https:\/\/www.enerjigazetesi.ist\/en\/wp-json\/wp\/v2\/posts\/41560"}],"collection":[{"href":"https:\/\/www.enerjigazetesi.ist\/en\/wp-json\/wp\/v2\/posts"}],"about":[{"href":"https:\/\/www.enerjigazetesi.ist\/en\/wp-json\/wp\/v2\/types\/post"}],"author":[{"embeddable":true,"href":"https:\/\/www.enerjigazetesi.ist\/en\/wp-json\/wp\/v2\/users\/1"}],"replies":[{"embeddable":true,"href":"https:\/\/www.enerjigazetesi.ist\/en\/wp-json\/wp\/v2\/comments?post=41560"}],"version-history":[{"count":1,"href":"https:\/\/www.enerjigazetesi.ist\/en\/wp-json\/wp\/v2\/posts\/41560\/revisions"}],"predecessor-version":[{"id":41562,"href":"https:\/\/www.enerjigazetesi.ist\/en\/wp-json\/wp\/v2\/posts\/41560\/revisions\/41562"}],"wp:featuredmedia":[{"embeddable":true,"href":"https:\/\/www.enerjigazetesi.ist\/en\/wp-json\/wp\/v2\/media\/41561"}],"wp:attachment":[{"href":"https:\/\/www.enerjigazetesi.ist\/en\/wp-json\/wp\/v2\/media?parent=41560"}],"wp:term":[{"taxonomy":"category","embeddable":true,"href":"https:\/\/www.enerjigazetesi.ist\/en\/wp-json\/wp\/v2\/categories?post=41560"},{"taxonomy":"post_tag","embeddable":true,"href":"https:\/\/www.enerjigazetesi.ist\/en\/wp-json\/wp\/v2\/tags?post=41560"}],"curies":[{"name":"wp","href":"https:\/\/api.w.org\/{rel}","templated":true}]}}