{"id":41551,"date":"2015-07-20T15:14:09","date_gmt":"2015-07-20T12:14:09","guid":{"rendered":"https:\/\/www.enerjigazetesi.ist\/?p=41551"},"modified":"2015-07-20T15:14:09","modified_gmt":"2015-07-20T12:14:09","slug":"izmirde-res-toplantisinda-arbede-cikti","status":"publish","type":"post","link":"https:\/\/www.enerjigazetesi.ist\/en\/izmirde-res-toplantisinda-arbede-cikti\/","title":{"rendered":"(Turkish) \u0130zmir\u2019de RES Toplant\u0131s\u0131nda Arbede \u00c7\u0131kt\u0131&#8230;"},"content":{"rendered":"<p class=\"qtranxs-available-languages-message qtranxs-available-languages-message-en\">Sorry, this entry is only available in <a href=\"https:\/\/www.enerjigazetesi.ist\/tr\/wp-json\/wp\/v2\/posts\/41551\" class=\"qtranxs-available-language-link qtranxs-available-language-link-tr\" title=\"Turkish\">Turkish<\/a>. For the sake of viewer convenience, the content is shown below in the alternative language. You may click the link to switch the active language.<\/p><p><\/p>\n<p style=\"color: #222222;\"><strong>\u0130zmir\u2019in Karaburun \u0130l\u00e7esi\u2019nde, \u00e7evreciler ve k\u00f6yl\u00fcler, 166 t\u00fcrbin direkli RES projesinin, ilk 47 t\u00fcrbinini yapan Lodos firmas\u0131n\u0131n, kalan b\u00f6l\u00fcmleri tamamlamak i\u00e7in k\u00f6yl\u00fclerle yapt\u0131\u011f\u0131 toplant\u0131y\u0131 protestoyla \u00f6nledi.<\/strong><span id=\"more-72712\"><\/span><\/p>\n<p style=\"color: #222222;\">Karaburun \u0130l\u00e7esi\u2019nde, 166 t\u00fcrbin direkli RES projesine ba\u015flayan Lodos firmas\u0131 bunlardan 47 t\u00fcrbini dikip, elektrik \u00fcretimine ge\u00e7ti. Ancak gerek Yayla K\u00f6y\u00fc sakinlerinin gerekse \u00e7evrecilerin davalar\u0131 sonras\u0131nda mahkeme, firman\u0131n proje lisans\u0131n\u0131 iptal etti, 47 t\u00fcrbinin de \u00e7al\u0131\u015fmas\u0131n\u0131n dur<a href=\"https:\/\/www.enerjigazetesi.ist\/wp-content\/uploads\/2015\/07\/izmirde-res-toplantisinda-arbede-cikti.jpeg\"><img loading=\"lazy\" class=\"alignleft size-medium wp-image-41552\" src=\"https:\/\/www.enerjigazetesi.ist\/wp-content\/uploads\/2015\/07\/izmirde-res-toplantisinda-arbede-cikti-300x165.jpeg\" alt=\"izmirde-res-toplantisinda-arbede-cikti\" width=\"300\" height=\"165\" srcset=\"https:\/\/www.enerjigazetesi.ist\/wp-content\/uploads\/2015\/07\/izmirde-res-toplantisinda-arbede-cikti-300x165.jpeg 300w, https:\/\/www.enerjigazetesi.ist\/wp-content\/uploads\/2015\/07\/izmirde-res-toplantisinda-arbede-cikti-500x276.jpeg 500w, https:\/\/www.enerjigazetesi.ist\/wp-content\/uploads\/2015\/07\/izmirde-res-toplantisinda-arbede-cikti-80x44.jpeg 80w, https:\/\/www.enerjigazetesi.ist\/wp-content\/uploads\/2015\/07\/izmirde-res-toplantisinda-arbede-cikti.jpeg 696w\" sizes=\"(max-width: 300px) 100vw, 300px\" \/><\/a>durulmas\u0131na karar verdi. \u0130n\u015faat\u0131 tamamlanan t\u00fcrbinlerden elektrik \u00fcretimine mahkeme karar\u0131na ra\u011fmen EPDK\u2019dan al\u0131nan izinle yeniden ba\u015flayan firma, projenin kalan b\u00f6l\u00fcm\u00fcn\u00fc tamamlayabilmek i\u00e7in, yeniden giri\u015fimlerde bulundu. Bunun \u00fczerine \u00c7evre ve \u015eehircilik \u0130l M\u00fcd\u00fcrl\u00fc\u011f\u00fc\u2019nden gelen g\u00f6revliler ile firma yetkilileri, Yayla K\u00f6y\u00fc\u2019nde, halk kat\u0131l\u0131m toplant\u0131s\u0131 d\u00fczenlemek istedi.<\/p>\n<p>Ancak toplant\u0131 yap\u0131laca\u011f\u0131 haberini alan \u00e7evreciler ve t\u00fcrbin direklerinin dikilmesinin planland\u0131\u011f\u0131 k\u00f6ylerde oturan vatanda\u015flar, Karaburun merkezde topland\u0131.<\/p>\n<p>Karaburun\u2019u RES\u2019e kurban vermeyeceklerini s\u00f6yleyen \u00e7evreciler, projeyi protesto edip, \u2018Bunun ad\u0131 temiz enerji de\u011fil, talan\u2019 parkart\u0131 a\u00e7t\u0131.<\/p>\n<p>Kar\u015f\u0131l\u0131kl\u0131 a\u00e7\u0131klamalar\u0131n ard\u0131ndan \u00c7evre ve \u015eehircilik \u0130l M\u00fcd\u00fcrl\u00fc\u011f\u00fc\u2019nden gelen heyet toplant\u0131y\u0131 ba\u015flatmak istedi. Bu s\u0131rada avlusunda toplant\u0131 yap\u0131lan Camiye \u201cRES\u2019e evet\u201d yaz\u0131l\u0131 pankart\u0131n as\u0131lmas\u0131, tepkilerin yeniden ba\u015flamas\u0131na neden oldu. Camiye do\u011fru giden \u00e7evreciler ile onlara engel olmak isteyen firma \u00e7al\u0131\u015fanlar\u0131 aras\u0131nda, arbede \u00e7\u0131kt\u0131. Taraflar\u0131n birbirlerine d\u00f6vizlerin sopalar\u0131yla vurmaya ba\u015flamas\u0131yla jandarma m\u00fcdahale etti.<\/p>\n<p>Kaynak: Enerji Enstit\u00fcs\u00fc<\/p>","protected":false},"excerpt":{"rendered":"<p>Sorry, this entry is only available in Turkish. For the sake of viewer convenience, the content is shown below in the alternative language. You may click the link to switch the active language. \u0130zmir\u2019in Karaburun \u0130l\u00e7esi\u2019nde, \u00e7evreciler ve k\u00f6yl\u00fcler, 166 t\u00fcrbin direkli RES projesinin, ilk 47 t\u00fcrbinini yapan Lodos firmas\u0131n\u0131n, kalan b\u00f6l\u00fcmleri tamamlamak i\u00e7in k\u00f6yl\u00fclerle [&hellip;]<\/p>\n","protected":false},"author":1,"featured_media":41552,"comment_status":"open","ping_status":"open","sticky":false,"template":"","format":"standard","meta":[],"categories":[53,50],"tags":[63,67,1009,2698,165,750,24186,24187,474,24188,69,16,231,312],"views":876,"_links":{"self":[{"href":"https:\/\/www.enerjigazetesi.ist\/en\/wp-json\/wp\/v2\/posts\/41551"}],"collection":[{"href":"https:\/\/www.enerjigazetesi.ist\/en\/wp-json\/wp\/v2\/posts"}],"about":[{"href":"https:\/\/www.enerjigazetesi.ist\/en\/wp-json\/wp\/v2\/types\/post"}],"author":[{"embeddable":true,"href":"https:\/\/www.enerjigazetesi.ist\/en\/wp-json\/wp\/v2\/users\/1"}],"replies":[{"embeddable":true,"href":"https:\/\/www.enerjigazetesi.ist\/en\/wp-json\/wp\/v2\/comments?post=41551"}],"version-history":[{"count":1,"href":"https:\/\/www.enerjigazetesi.ist\/en\/wp-json\/wp\/v2\/posts\/41551\/revisions"}],"predecessor-version":[{"id":41553,"href":"https:\/\/www.enerjigazetesi.ist\/en\/wp-json\/wp\/v2\/posts\/41551\/revisions\/41553"}],"wp:featuredmedia":[{"embeddable":true,"href":"https:\/\/www.enerjigazetesi.ist\/en\/wp-json\/wp\/v2\/media\/41552"}],"wp:attachment":[{"href":"https:\/\/www.enerjigazetesi.ist\/en\/wp-json\/wp\/v2\/media?parent=41551"}],"wp:term":[{"taxonomy":"category","embeddable":true,"href":"https:\/\/www.enerjigazetesi.ist\/en\/wp-json\/wp\/v2\/categories?post=41551"},{"taxonomy":"post_tag","embeddable":true,"href":"https:\/\/www.enerjigazetesi.ist\/en\/wp-json\/wp\/v2\/tags?post=41551"}],"curies":[{"name":"wp","href":"https:\/\/api.w.org\/{rel}","templated":true}]}}