{"id":41529,"date":"2015-07-19T15:06:38","date_gmt":"2015-07-19T12:06:38","guid":{"rendered":"https:\/\/www.enerjigazetesi.ist\/?p=41529"},"modified":"2015-07-19T15:06:38","modified_gmt":"2015-07-19T12:06:38","slug":"elmali-rese-devlet-destegi","status":"publish","type":"post","link":"https:\/\/www.enerjigazetesi.ist\/en\/elmali-rese-devlet-destegi\/","title":{"rendered":"(Turkish) Elmal\u0131 RES`e Devlet Deste\u011fi!"},"content":{"rendered":"<p class=\"qtranxs-available-languages-message qtranxs-available-languages-message-en\">Sorry, this entry is only available in <a href=\"https:\/\/www.enerjigazetesi.ist\/tr\/wp-json\/wp\/v2\/posts\/41529\" class=\"qtranxs-available-language-link qtranxs-available-language-link-tr\" title=\"Turkish\">Turkish<\/a>. For the sake of viewer convenience, the content is shown below in the alternative language. You may click the link to switch the active language.<\/p><p><strong>Mersin Silifke`de kurulacak Elmal\u0131 R\u00fczgar Enerji Santrali projesine, KDV istisnas\u0131 ve g\u00fcmr\u00fck vergisi muafiyeti sa\u011fland\u0131.<\/strong><\/p>\n<p>Elmal\u0131 Enerji \u00dcretim Ltd. \u015eirketi`nin Mersin Silifke`de Elmal\u0131da\u011f \u00fczerine (Bozburun-D\u00f6k\u00fck Tepesi mevkilerinde) 9 MW`lik r\u00fczgar enerjisi santrali <a href=\"https:\/\/www.enerjigazetesi.ist\/wp-content\/uploads\/2015\/07\/elmali-rese-devlet-destegi.jpg\"><img loading=\"lazy\" class=\"alignright wp-image-41530 size-medium\" src=\"https:\/\/www.enerjigazetesi.ist\/wp-content\/uploads\/2015\/07\/elmali-rese-devlet-destegi-300x194.jpg\" alt=\"elmali-rese-devlet-destegi\" width=\"300\" height=\"194\" srcset=\"https:\/\/www.enerjigazetesi.ist\/wp-content\/uploads\/2015\/07\/elmali-rese-devlet-destegi-300x194.jpg 300w, https:\/\/www.enerjigazetesi.ist\/wp-content\/uploads\/2015\/07\/elmali-rese-devlet-destegi-76x50.jpg 76w, https:\/\/www.enerjigazetesi.ist\/wp-content\/uploads\/2015\/07\/elmali-rese-devlet-destegi.jpg 448w\" sizes=\"(max-width: 300px) 100vw, 300px\" \/><\/a>(RES) kuracak.<\/p>\n<p>S\u00f6z konusu santral yat\u0131r\u0131m\u0131 i\u00e7in her biri 1 MW g\u00fcc\u00fcnde 9 adet r\u00fczgar t\u00fcrbinini kullan\u0131lmas\u0131 planlan\u0131yor. Elmal\u0131 R\u00fczgar Enerji Santralinde her bir t\u00fcrbin i\u00e7in bir step-up trafo (0,69\/33 kV) kullan\u0131lmas\u0131 d\u00fc\u015f\u00fcn\u00fcl\u00fcyor.<\/p>\n<p>Proje kapsam\u0131nda, 33 kV`luk iletim hatt\u0131 ile bir trafo merkezinde toplanacak enerji 25 MVA 33\/154kV`luk y\u00fckseltici trafo ile 154kV`a y\u00fckseltilecek ve 22 km havai hat ile Ta\u015fucu Trafo merkezine ba\u011flanacak.<\/p>\n<p>Elmal\u0131 RES`te y\u0131lda ortalama 31.536.000 kWh elektrik \u00fcretilmesi \u00f6ng\u00f6r\u00fcl\u00fcyor.<\/p>\n<p>Elmal\u0131 R\u00fczgar Enerji Santrali (RES) projesi, te\u015fvik belgesine ba\u011fland\u0131. Belge kapsam\u0131nda, Elmal\u0131 RES`e KDV istisnas\u0131 ve g\u00fcmr\u00fck vergisi muafiyeti tan\u0131nd\u0131.<\/p>\n<p>Kaynak: <a href=\"http:\/\/enerjigunlugu.net\/elmali-rese-devlet-destegi_14542.html#.VauXQ6Ttmko\" target=\"_blank\" rel=\"nofollow\">Enerji G\u00fcnl\u00fc\u011f\u00fc<\/a><\/p>","protected":false},"excerpt":{"rendered":"<p>Sorry, this entry is only available in Turkish. For the sake of viewer convenience, the content is shown below in the alternative language. You may click the link to switch the active language.Mersin Silifke`de kurulacak Elmal\u0131 R\u00fczgar Enerji Santrali projesine, KDV istisnas\u0131 ve g\u00fcmr\u00fck vergisi muafiyeti sa\u011fland\u0131. Elmal\u0131 Enerji \u00dcretim Ltd. \u015eirketi`nin Mersin Silifke`de Elmal\u0131da\u011f [&hellip;]<\/p>\n","protected":false},"author":1,"featured_media":41530,"comment_status":"open","ping_status":"open","sticky":false,"template":"","format":"standard","meta":[],"categories":[53,50],"tags":[19505,68,24171,24172,63,67,1009,2698,165,1301,474,22653,69,16,231,15415,2077],"views":1683,"_links":{"self":[{"href":"https:\/\/www.enerjigazetesi.ist\/en\/wp-json\/wp\/v2\/posts\/41529"}],"collection":[{"href":"https:\/\/www.enerjigazetesi.ist\/en\/wp-json\/wp\/v2\/posts"}],"about":[{"href":"https:\/\/www.enerjigazetesi.ist\/en\/wp-json\/wp\/v2\/types\/post"}],"author":[{"embeddable":true,"href":"https:\/\/www.enerjigazetesi.ist\/en\/wp-json\/wp\/v2\/users\/1"}],"replies":[{"embeddable":true,"href":"https:\/\/www.enerjigazetesi.ist\/en\/wp-json\/wp\/v2\/comments?post=41529"}],"version-history":[{"count":1,"href":"https:\/\/www.enerjigazetesi.ist\/en\/wp-json\/wp\/v2\/posts\/41529\/revisions"}],"predecessor-version":[{"id":41531,"href":"https:\/\/www.enerjigazetesi.ist\/en\/wp-json\/wp\/v2\/posts\/41529\/revisions\/41531"}],"wp:featuredmedia":[{"embeddable":true,"href":"https:\/\/www.enerjigazetesi.ist\/en\/wp-json\/wp\/v2\/media\/41530"}],"wp:attachment":[{"href":"https:\/\/www.enerjigazetesi.ist\/en\/wp-json\/wp\/v2\/media?parent=41529"}],"wp:term":[{"taxonomy":"category","embeddable":true,"href":"https:\/\/www.enerjigazetesi.ist\/en\/wp-json\/wp\/v2\/categories?post=41529"},{"taxonomy":"post_tag","embeddable":true,"href":"https:\/\/www.enerjigazetesi.ist\/en\/wp-json\/wp\/v2\/tags?post=41529"}],"curies":[{"name":"wp","href":"https:\/\/api.w.org\/{rel}","templated":true}]}}