{"id":41526,"date":"2015-07-19T15:02:35","date_gmt":"2015-07-19T12:02:35","guid":{"rendered":"https:\/\/www.enerjigazetesi.ist\/?p=41526"},"modified":"2015-07-19T15:07:39","modified_gmt":"2015-07-19T12:07:39","slug":"samsunda-og-ve-yg-kablo-yatirimi","status":"publish","type":"post","link":"https:\/\/www.enerjigazetesi.ist\/en\/samsunda-og-ve-yg-kablo-yatirimi\/","title":{"rendered":"(Turkish) Samsun`da OG ve YG Kablo Yat\u0131r\u0131m\u0131&#8230;"},"content":{"rendered":"<p class=\"qtranxs-available-languages-message qtranxs-available-languages-message-en\">Sorry, this entry is only available in <a href=\"https:\/\/www.enerjigazetesi.ist\/tr\/wp-json\/wp\/v2\/posts\/41526\" class=\"qtranxs-available-language-link qtranxs-available-language-link-tr\" title=\"Turkish\">Turkish<\/a>. For the sake of viewer convenience, the content is shown below in the alternative language. You may click the link to switch the active language.<\/p><p><strong><span style=\"color: #000000;\">Borsan Kablo, Samsun`da orta ve y\u00fcksek gerilim enerji kablolar\u0131 \u00fcretecek. \u00dcretime ili\u015fkin yat\u0131r\u0131m, te\u015fvik belgesine ba\u011fland\u0131.\u00a0<\/span><\/strong><\/p>\n<p>Borsan Kablo Elektrik Ayd\u0131nlatma in\u015faat Sanayi ve Ticaret Anonim \u015eirketi, Samsun Organize Sanayi B\u00f6lgesi`nde, bak\u0131r ve aluminyum iletkenli orta <a href=\"https:\/\/www.enerjigazetesi.ist\/wp-content\/uploads\/2015\/07\/samsunda-og-ve-yg-kablo-yatirimi.jpg\"><img loading=\"lazy\" class=\"alignleft size-medium wp-image-41527\" src=\"https:\/\/www.enerjigazetesi.ist\/wp-content\/uploads\/2015\/07\/samsunda-og-ve-yg-kablo-yatirimi-300x187.jpg\" alt=\"samsunda-og-ve-yg-kablo-yatirimi\" width=\"300\" height=\"187\" srcset=\"https:\/\/www.enerjigazetesi.ist\/wp-content\/uploads\/2015\/07\/samsunda-og-ve-yg-kablo-yatirimi-300x187.jpg 300w, https:\/\/www.enerjigazetesi.ist\/wp-content\/uploads\/2015\/07\/samsunda-og-ve-yg-kablo-yatirimi-500x312.jpg 500w, https:\/\/www.enerjigazetesi.ist\/wp-content\/uploads\/2015\/07\/samsunda-og-ve-yg-kablo-yatirimi-80x50.jpg 80w, https:\/\/www.enerjigazetesi.ist\/wp-content\/uploads\/2015\/07\/samsunda-og-ve-yg-kablo-yatirimi.jpg 600w\" sizes=\"(max-width: 300px) 100vw, 300px\" \/><\/a>ve y\u00fcksek gerilim enerji kablolar\u0131 \u00fcretecek.<\/p>\n<p>S\u00f6z konusu \u00fcretim i\u00e7in komple yeni yat\u0131r\u0131m ger\u00e7ekle\u015ftirecek \u015firketin bu ama\u00e7la yapaca\u011f\u0131 yat\u0131r\u0131m tutar\u0131 yakla\u015f\u0131k 30 milyon lira.<\/p>\n<p>Borsan Kablo`nun kuraca\u011f\u0131 tesislerin y\u0131ll\u0131k \u00fcretim kapasitesi 3600 ton olarak planlan\u0131yor.<\/p>\n<p>Yap\u0131lacak yat\u0131r\u0131m te\u015fvik belgesine ba\u011fland\u0131. Buna g\u00f6re, yap\u0131lacak yat\u0131r\u0131ma 5 y\u0131ll\u0131\u011f\u0131na sigorta primi i\u015fveren hissesi deste\u011fi ile faiz ve vergi indirimi deste\u011fi sa\u011fland\u0131. Ayr\u0131ca, KDV istisnas\u0131, g\u00fcmr\u00fck vergisi muafiyatgi ve y\u00fczde 60`l\u0131k vergi indirimi destekleri de verilecek.<\/p>\n<p>Kaynak: <a href=\"http:\/\/enerjigunlugu.net\/samsunda-og-ve-yg-kablo-yatirimi_14541.html#.VauWcKTtmko\" target=\"_blank\" rel=\"nofollow\">Enerji G\u00fcnl\u00fc\u011f\u00fc<\/a><\/p>","protected":false},"excerpt":{"rendered":"<p>Sorry, this entry is only available in Turkish. For the sake of viewer convenience, the content is shown below in the alternative language. You may click the link to switch the active language.Borsan Kablo, Samsun`da orta ve y\u00fcksek gerilim enerji kablolar\u0131 \u00fcretecek. \u00dcretime ili\u015fkin yat\u0131r\u0131m, te\u015fvik belgesine ba\u011fland\u0131.\u00a0 Borsan Kablo Elektrik Ayd\u0131nlatma in\u015faat Sanayi ve [&hellip;]<\/p>\n","protected":false},"author":1,"featured_media":41527,"comment_status":"open","ping_status":"open","sticky":false,"template":"","format":"standard","meta":[],"categories":[51,53],"tags":[68,61,19,63,67,1009,2698,165,8187,24170,19950,24169,1998],"views":1663,"_links":{"self":[{"href":"https:\/\/www.enerjigazetesi.ist\/en\/wp-json\/wp\/v2\/posts\/41526"}],"collection":[{"href":"https:\/\/www.enerjigazetesi.ist\/en\/wp-json\/wp\/v2\/posts"}],"about":[{"href":"https:\/\/www.enerjigazetesi.ist\/en\/wp-json\/wp\/v2\/types\/post"}],"author":[{"embeddable":true,"href":"https:\/\/www.enerjigazetesi.ist\/en\/wp-json\/wp\/v2\/users\/1"}],"replies":[{"embeddable":true,"href":"https:\/\/www.enerjigazetesi.ist\/en\/wp-json\/wp\/v2\/comments?post=41526"}],"version-history":[{"count":2,"href":"https:\/\/www.enerjigazetesi.ist\/en\/wp-json\/wp\/v2\/posts\/41526\/revisions"}],"predecessor-version":[{"id":41532,"href":"https:\/\/www.enerjigazetesi.ist\/en\/wp-json\/wp\/v2\/posts\/41526\/revisions\/41532"}],"wp:featuredmedia":[{"embeddable":true,"href":"https:\/\/www.enerjigazetesi.ist\/en\/wp-json\/wp\/v2\/media\/41527"}],"wp:attachment":[{"href":"https:\/\/www.enerjigazetesi.ist\/en\/wp-json\/wp\/v2\/media?parent=41526"}],"wp:term":[{"taxonomy":"category","embeddable":true,"href":"https:\/\/www.enerjigazetesi.ist\/en\/wp-json\/wp\/v2\/categories?post=41526"},{"taxonomy":"post_tag","embeddable":true,"href":"https:\/\/www.enerjigazetesi.ist\/en\/wp-json\/wp\/v2\/tags?post=41526"}],"curies":[{"name":"wp","href":"https:\/\/api.w.org\/{rel}","templated":true}]}}