{"id":41506,"date":"2015-07-18T16:35:09","date_gmt":"2015-07-18T13:35:09","guid":{"rendered":"https:\/\/www.enerjigazetesi.ist\/?p=41506"},"modified":"2015-07-18T16:43:12","modified_gmt":"2015-07-18T13:43:12","slug":"polonyadan-led-aydinlatma-atilimi","status":"publish","type":"post","link":"https:\/\/www.enerjigazetesi.ist\/en\/polonyadan-led-aydinlatma-atilimi\/","title":{"rendered":"(Turkish) Polonya\u2019dan LED Ayd\u0131nlatma At\u0131l\u0131m\u0131&#8230;"},"content":{"rendered":"<p class=\"qtranxs-available-languages-message qtranxs-available-languages-message-en\">Sorry, this entry is only available in <a href=\"https:\/\/www.enerjigazetesi.ist\/tr\/wp-json\/wp\/v2\/posts\/41506\" class=\"qtranxs-available-language-link qtranxs-available-language-link-tr\" title=\"Turkish\">Turkish<\/a>. For the sake of viewer convenience, the content is shown below in the alternative language. You may click the link to switch the active language.<\/p><p><strong>Polonya\u2019n\u0131n Szczecin kentinde\u00a0ayd\u0131nlatman\u0131n\u00a0b\u00fcy\u00fck k\u0131sm\u0131 modernize edilmi\u015f LED lambalar ile sa\u011flanacak. D\u00fcnyan\u0131n \u00f6nemli \u015fehirleri\u00a0LED lambalar\u0131yla\u00a0ayd\u0131nlat\u0131lmaya ba\u015fland\u0131.<\/strong><\/p>\n<p>Polonya\u2019n\u0131n Szczecin ke<img loading=\"lazy\" class=\"alignleft  wp-image-41507\" src=\"https:\/\/www.enerjigazetesi.ist\/wp-content\/uploads\/2015\/07\/polonyadan-led-aydinlatma-atilimi-300x110.jpg\" alt=\"polonyadan-led-aydinlatma-atilimi\" width=\"284\" height=\"159\" \/>ntinde eyl\u00fclden itibaren\u00a0\u015fehir ayd\u0131nlatmas\u0131n\u0131n\u00a0yar\u0131s\u0131ndan fazlas\u0131 modernize edilmi\u015f\u00a0LED lambalar\u00a0ile ayd\u0131nlat\u0131lacak. \u015eehir \u0131\u015f\u0131klar\u0131 ayn\u0131 zamanda \u2018Philips City Touch\u2019\u00a0ayd\u0131nlatma kontrol sistemi\u00a0ile kontrol edilecek.<\/p>\n<p>Szczecin yar\u0131m milyon insana ev sahipli\u011fi yapan, yar\u0131s\u0131 ye\u015filliklerle ve su ile kapl\u0131 bir arazide kurulu \u015firin bir \u015fehir. \u015eehrin dokusuna Art Nouveau mimarisi hakim. \u015eehrin belediye ba\u015fkan\u0131 yeni ayd\u0131nlatmadan beklentilerini \u015fu \u015fekilde anlat\u0131yor: \u201c\u015eehrin g\u00f6r\u00fcn\u00fcm\u00fcn\u00fcn yan\u0131nda, muazzam\u00a0enerji ve maliyet tasarrufu\u00a0sa\u011flanacak, ayn\u0131 zamanda vatanda\u015flar\u0131n ve ziyaret\u00e7ilerin g\u00fcvenli\u011fi ve etraf\u0131n g\u00f6r\u00fcn\u00fcrl\u00fc\u011f\u00fc artacak.\u201d<\/p>\n<p>Haberin Devam\u0131 \u0130\u00e7in\u00a0<span style=\"color: #000000;\"><a style=\"color: #fc8d8d;\" href=\"http:\/\/www.ledportali.com\/polonyada-philips-led-sokak-lambalari-ile-p-enerji-verimliligi\/\" target=\"_blank\"><span style=\"color: #000000;\">T\u0131klay\u0131n&gt;&gt;&gt;<\/span><\/a><\/span><\/p>","protected":false},"excerpt":{"rendered":"<p>Sorry, this entry is only available in Turkish. For the sake of viewer convenience, the content is shown below in the alternative language. You may click the link to switch the active language.Polonya\u2019n\u0131n Szczecin kentinde\u00a0ayd\u0131nlatman\u0131n\u00a0b\u00fcy\u00fck k\u0131sm\u0131 modernize edilmi\u015f LED lambalar ile sa\u011flanacak. D\u00fcnyan\u0131n \u00f6nemli \u015fehirleri\u00a0LED lambalar\u0131yla\u00a0ayd\u0131nlat\u0131lmaya ba\u015fland\u0131. Polonya\u2019n\u0131n Szczecin kentinde eyl\u00fclden itibaren\u00a0\u015fehir ayd\u0131nlatmas\u0131n\u0131n\u00a0yar\u0131s\u0131ndan fazlas\u0131 modernize [&hellip;]<\/p>\n","protected":false},"author":1,"featured_media":41507,"comment_status":"open","ping_status":"open","sticky":false,"template":"","format":"standard","meta":[],"categories":[51,53,52],"tags":[24165,63,67,1009,2698,165,24166,12,1155,948,1777,9906,24167,793],"views":1161,"_links":{"self":[{"href":"https:\/\/www.enerjigazetesi.ist\/en\/wp-json\/wp\/v2\/posts\/41506"}],"collection":[{"href":"https:\/\/www.enerjigazetesi.ist\/en\/wp-json\/wp\/v2\/posts"}],"about":[{"href":"https:\/\/www.enerjigazetesi.ist\/en\/wp-json\/wp\/v2\/types\/post"}],"author":[{"embeddable":true,"href":"https:\/\/www.enerjigazetesi.ist\/en\/wp-json\/wp\/v2\/users\/1"}],"replies":[{"embeddable":true,"href":"https:\/\/www.enerjigazetesi.ist\/en\/wp-json\/wp\/v2\/comments?post=41506"}],"version-history":[{"count":6,"href":"https:\/\/www.enerjigazetesi.ist\/en\/wp-json\/wp\/v2\/posts\/41506\/revisions"}],"predecessor-version":[{"id":41516,"href":"https:\/\/www.enerjigazetesi.ist\/en\/wp-json\/wp\/v2\/posts\/41506\/revisions\/41516"}],"wp:featuredmedia":[{"embeddable":true,"href":"https:\/\/www.enerjigazetesi.ist\/en\/wp-json\/wp\/v2\/media\/41507"}],"wp:attachment":[{"href":"https:\/\/www.enerjigazetesi.ist\/en\/wp-json\/wp\/v2\/media?parent=41506"}],"wp:term":[{"taxonomy":"category","embeddable":true,"href":"https:\/\/www.enerjigazetesi.ist\/en\/wp-json\/wp\/v2\/categories?post=41506"},{"taxonomy":"post_tag","embeddable":true,"href":"https:\/\/www.enerjigazetesi.ist\/en\/wp-json\/wp\/v2\/tags?post=41506"}],"curies":[{"name":"wp","href":"https:\/\/api.w.org\/{rel}","templated":true}]}}