{"id":41475,"date":"2015-07-17T15:52:45","date_gmt":"2015-07-17T12:52:45","guid":{"rendered":"https:\/\/www.enerjigazetesi.ist\/?p=41475"},"modified":"2015-07-17T15:52:45","modified_gmt":"2015-07-17T12:52:45","slug":"aksa-bolu-goynuk-termik-santrali-faaliyette","status":"publish","type":"post","link":"https:\/\/www.enerjigazetesi.ist\/en\/aksa-bolu-goynuk-termik-santrali-faaliyette\/","title":{"rendered":"(Turkish) Aksa Bolu G\u00f6yn\u00fck Termik Santrali Faaliyette&#8230;"},"content":{"rendered":"<p class=\"qtranxs-available-languages-message qtranxs-available-languages-message-en\">Sorry, this entry is only available in <a href=\"https:\/\/www.enerjigazetesi.ist\/tr\/wp-json\/wp\/v2\/posts\/41475\" class=\"qtranxs-available-language-link qtranxs-available-language-link-tr\" title=\"Turkish\">Turkish<\/a>. For the sake of viewer convenience, the content is shown below in the alternative language. You may click the link to switch the active language.<\/p><p><strong>Aksa Enerji`nin Bolu G\u00f6yn\u00fck Termik Santrali`nin ilk faz\u0131 ticari faaliyete ba\u015flad\u0131.<\/strong><\/p>\n<p>Aksa Enerji \u00dcretim A.\u015e. Kamuyu Ayd\u0131nlatma Platformu`na bir a\u00e7\u0131klama yaparak, Bolu G\u00f6yn\u00fck Termik Santral<a href=\"https:\/\/www.enerjigazetesi.ist\/wp-content\/uploads\/2015\/07\/aksa-bolu-goynuk-termik-santrali-faaliyette.jpg\"><img loading=\"lazy\" class=\"alignright size-medium wp-image-41476\" src=\"https:\/\/www.enerjigazetesi.ist\/wp-content\/uploads\/2015\/07\/aksa-bolu-goynuk-termik-santrali-faaliyette-300x180.jpg\" alt=\"aksa-bolu-goynuk-termik-santrali-faaliyette\" width=\"300\" height=\"180\" srcset=\"https:\/\/www.enerjigazetesi.ist\/wp-content\/uploads\/2015\/07\/aksa-bolu-goynuk-termik-santrali-faaliyette-300x180.jpg 300w, https:\/\/www.enerjigazetesi.ist\/wp-content\/uploads\/2015\/07\/aksa-bolu-goynuk-termik-santrali-faaliyette-500x301.jpg 500w, https:\/\/www.enerjigazetesi.ist\/wp-content\/uploads\/2015\/07\/aksa-bolu-goynuk-termik-santrali-faaliyette-80x48.jpg 80w, https:\/\/www.enerjigazetesi.ist\/wp-content\/uploads\/2015\/07\/aksa-bolu-goynuk-termik-santrali-faaliyette.jpg 640w\" sizes=\"(max-width: 300px) 100vw, 300px\" \/><\/a>i`nin 135 MW kurulu g\u00fc\u00e7teki ilk faz\u0131n\u0131n Enerji ve Tabii Kaynaklar Bakanl\u0131\u011f\u0131 taraf\u0131ndan kabul\u00fcn\u00fcn d\u00fcn yap\u0131ld\u0131\u011f\u0131 ve santralin ticari faaliyete ge\u00e7ti\u011fi duyuruldu.<\/p>\n<p>A\u00e7\u0131klamaya g\u00f6re, Bolu G\u00f6yn\u00fck Termik Santrali`nin faaliye ge\u00e7mesiyle birlikte \u015eirketin kurulu g\u00fcc\u00fc 2.295 MW`a ula\u015ft\u0131.<\/p>\n<p><strong>\u0130K\u0130NC\u0130 FAZ EK\u0130M AYINDA<\/strong><\/p>\n<p>A\u00e7\u0131klamada, &#8220;Yerli kayna\u011f\u0131m\u0131z olan Linyitten enerji \u00fcretecek olan santralimiz, portf\u00f6y\u00fcm\u00fcze d\u00fc\u015f\u00fck maliyetli yak\u0131t \u00e7e\u015fitlili\u011fi sa\u011flayaca\u011f\u0131 i\u00e7in karl\u0131l\u0131k art\u0131\u015f\u0131 bak\u0131m\u0131ndan son derece b\u00fcy\u00fck \u00f6nem ta\u015f\u0131maktad\u0131r. 135 MW kurulu g\u00fcce sahip olacak ikinci faz\u0131n Ekim ay\u0131 i\u00e7erisinde faaliyete girmesi planlanmaktad\u0131r. &#8221; denildi.<\/p>\n<p>Kaynak: B\u00fcltenler<\/p>","protected":false},"excerpt":{"rendered":"<p>Sorry, this entry is only available in Turkish. For the sake of viewer convenience, the content is shown below in the alternative language. You may click the link to switch the active language.Aksa Enerji`nin Bolu G\u00f6yn\u00fck Termik Santrali`nin ilk faz\u0131 ticari faaliyete ba\u015flad\u0131. Aksa Enerji \u00dcretim A.\u015e. Kamuyu Ayd\u0131nlatma Platformu`na bir a\u00e7\u0131klama yaparak, Bolu G\u00f6yn\u00fck [&hellip;]<\/p>\n","protected":false},"author":1,"featured_media":41476,"comment_status":"open","ping_status":"open","sticky":false,"template":"","format":"standard","meta":[],"categories":[53],"tags":[24147,24146,1571,24148,63,67,1009,2698,165,24149,24150],"views":1411,"_links":{"self":[{"href":"https:\/\/www.enerjigazetesi.ist\/en\/wp-json\/wp\/v2\/posts\/41475"}],"collection":[{"href":"https:\/\/www.enerjigazetesi.ist\/en\/wp-json\/wp\/v2\/posts"}],"about":[{"href":"https:\/\/www.enerjigazetesi.ist\/en\/wp-json\/wp\/v2\/types\/post"}],"author":[{"embeddable":true,"href":"https:\/\/www.enerjigazetesi.ist\/en\/wp-json\/wp\/v2\/users\/1"}],"replies":[{"embeddable":true,"href":"https:\/\/www.enerjigazetesi.ist\/en\/wp-json\/wp\/v2\/comments?post=41475"}],"version-history":[{"count":1,"href":"https:\/\/www.enerjigazetesi.ist\/en\/wp-json\/wp\/v2\/posts\/41475\/revisions"}],"predecessor-version":[{"id":41477,"href":"https:\/\/www.enerjigazetesi.ist\/en\/wp-json\/wp\/v2\/posts\/41475\/revisions\/41477"}],"wp:featuredmedia":[{"embeddable":true,"href":"https:\/\/www.enerjigazetesi.ist\/en\/wp-json\/wp\/v2\/media\/41476"}],"wp:attachment":[{"href":"https:\/\/www.enerjigazetesi.ist\/en\/wp-json\/wp\/v2\/media?parent=41475"}],"wp:term":[{"taxonomy":"category","embeddable":true,"href":"https:\/\/www.enerjigazetesi.ist\/en\/wp-json\/wp\/v2\/categories?post=41475"},{"taxonomy":"post_tag","embeddable":true,"href":"https:\/\/www.enerjigazetesi.ist\/en\/wp-json\/wp\/v2\/tags?post=41475"}],"curies":[{"name":"wp","href":"https:\/\/api.w.org\/{rel}","templated":true}]}}