{"id":41463,"date":"2015-07-17T15:34:48","date_gmt":"2015-07-17T12:34:48","guid":{"rendered":"https:\/\/www.enerjigazetesi.ist\/?p=41463"},"modified":"2015-07-17T15:34:48","modified_gmt":"2015-07-17T12:34:48","slug":"kose-yazisi-batinin-iranla-uzlasmasi-turkiye-icin-ne-demek","status":"publish","type":"post","link":"https:\/\/www.enerjigazetesi.ist\/en\/kose-yazisi-batinin-iranla-uzlasmasi-turkiye-icin-ne-demek\/","title":{"rendered":"(Turkish) K\u00f6\u015fe Yaz\u0131s\u0131: Bat\u0131\u2019n\u0131n \u0130ran\u2019la Uzla\u015fmas\u0131 T\u00fcrkiye \u0130\u00e7in Ne Demek&#8230;"},"content":{"rendered":"<p class=\"qtranxs-available-languages-message qtranxs-available-languages-message-en\">Sorry, this entry is only available in <a href=\"https:\/\/www.enerjigazetesi.ist\/tr\/wp-json\/wp\/v2\/posts\/41463\" class=\"qtranxs-available-language-link qtranxs-available-language-link-tr\" title=\"Turkish\">Turkish<\/a>. For the sake of viewer convenience, the content is shown below in the alternative language. You may click the link to switch the active language.<\/p><p><span style=\"color: #222222;\">Art\u0131k \u2018\u00fcnl\u00fc\u2019 olan soru-cevap yaz\u0131lar\u0131na devam edelim:<\/span><br style=\"color: #222222;\" \/><strong style=\"color: #222222;\">2010\u2019da T\u00fcrkiye ve Brezilya\u2019n\u0131n \u0130ran\u2019la imzalad\u0131\u011f\u0131 anla\u015fma ne getiriyordu?<\/strong><\/p>\n<p style=\"color: #222222;\">T\u00fcrkiye, Brezilya ve \u0130ran\u2019\u0131n imzalad\u0131\u011f\u0131 17 May\u0131s 2010 tarihli Tahran Deklarasyonu\/N\u00fckleer<\/p>\n<p style=\"color: #222222;\">Takas Anla\u015fmas\u0131 \u015funlar\u0131 sa\u011fl\u0131yordu:<a href=\"https:\/\/www.enerjigazetesi.ist\/wp-content\/uploads\/2015\/07\/kose-yazisi-batinin-iranla-uzlasmasi-turkiye-icin-ne-demek.jpg\"><img loading=\"lazy\" class=\"alignright size-medium wp-image-41464\" src=\"https:\/\/www.enerjigazetesi.ist\/wp-content\/uploads\/2015\/07\/kose-yazisi-batinin-iranla-uzlasmasi-turkiye-icin-ne-demek-300x165.jpg\" alt=\"kose-yazisi-batinin-iranla-uzlasmasi-turkiye-icin-ne-demek\" width=\"300\" height=\"165\" srcset=\"https:\/\/www.enerjigazetesi.ist\/wp-content\/uploads\/2015\/07\/kose-yazisi-batinin-iranla-uzlasmasi-turkiye-icin-ne-demek-300x165.jpg 300w, https:\/\/www.enerjigazetesi.ist\/wp-content\/uploads\/2015\/07\/kose-yazisi-batinin-iranla-uzlasmasi-turkiye-icin-ne-demek-500x276.jpg 500w, https:\/\/www.enerjigazetesi.ist\/wp-content\/uploads\/2015\/07\/kose-yazisi-batinin-iranla-uzlasmasi-turkiye-icin-ne-demek-80x44.jpg 80w, https:\/\/www.enerjigazetesi.ist\/wp-content\/uploads\/2015\/07\/kose-yazisi-batinin-iranla-uzlasmasi-turkiye-icin-ne-demek.jpg 696w\" sizes=\"(max-width: 300px) 100vw, 300px\" \/><\/a><\/p>\n<p style=\"color: #222222;\"><strong>\u2013 \u0130ran 1.200 kilo d\u00fc\u015f\u00fck oranda zenginle\u015ftirilmi\u015f uranyumu 1 ay i\u00e7inde T\u00fcrkiye\u2019ye ta\u015f\u0131yarak depolayacak. UAEK bunu denetleyecek.<\/strong><span id=\"more-72706\"><\/span><\/p>\n<p style=\"color: #222222;\"><strong>\u2013 ABD, Rusya, Fransa ve UAEK (Viyana Grubu) da bir y\u0131l i\u00e7inde Tahran\u2019daki N\u00fckleer<\/strong><\/p>\n<p style=\"color: #222222;\"><strong>Ara\u015ft\u0131rma Reakt\u00f6r\u00fc\u2019ne 120 kilo n\u00fckleer yak\u0131t sa\u011flayacak.<\/strong><\/p>\n<p style=\"color: #222222;\"><strong>\u2013 Aksi halde T\u00fcrkiye, \u0130ran\u2019\u0131n verdi\u011fi uranyumu iade edecek.<\/strong><\/p>\n<p style=\"color: #222222;\"><strong>\u2013 \u0130ran, P5+1 \u00fclkeleri ile T\u00fcrkiye ve Brezilya dahil herhangi bir yerde \u00a0ortak konularda g\u00f6r\u00fc\u015fmelere haz\u0131rd\u0131r.<\/strong><\/p>\n<p style=\"color: #222222;\"><strong>P5+1\u2019in anla\u015fmas\u0131 neler \u00f6ng\u00f6r\u00fcyor?<\/strong><\/p>\n<p style=\"color: #222222;\">14 Temmuz 2015\u2019te BM G\u00fcvenlik Konseyi\u2019nin be\u015f daimi \u00fcyesi (ABD, Rusya, \u00c7in, \u0130ngiltere \u00a0ve Fransa) ile Almanya\u2019n\u0131n (P5+1) \u0130ran\u2019la yapt\u0131\u011f\u0131 anla\u015fmada asl\u0131nda ilk madde \u00f6nemli:<\/p>\n<p style=\"color: #222222;\"><strong>\u2013 BM m\u00fcfetti\u015fleri \u0130ran n\u00fckleer tesislerini kontrol edebilecek; ancak \u0130ran m\u00fcfetti\u015flere itiraz edebilecek!<\/strong><\/p>\n<p style=\"color: #222222;\"><strong>\u2013 \u0130ran anla\u015fmay\u0131 ihlal ederse yapt\u0131r\u0131mlar 65 g\u00fcn i\u00e7inde tekrar ba\u015flayacak.<\/strong><\/p>\n<p style=\"color: #222222;\"><strong>-BM silah ambargosu 5 y\u0131l, f\u00fcze yapt\u0131r\u0131m\u0131 ise 8 y\u0131l daha y\u00fcr\u00fcrl\u00fckte kalacak.<\/strong><\/p>\n<p style=\"color: #222222;\"><strong>Aradaki fark nedir?<\/strong><\/p>\n<p style=\"color: #222222;\">\u0130ran\u2019\u0131n elindeki ambargolara ve uluslar aras\u0131 krize konu olan \u2018zenginle\u015ftirilmi\u015f uranyum\u2019un ne olaca\u011f\u0131 anla\u015fmada yok!<\/p>\n<p style=\"color: #222222;\">Yani;<\/p>\n<p style=\"color: #222222;\">2010 anla\u015fmas\u0131 \u2018tehdit\u2019 say\u0131lan n\u00fckleer maddenin teslimini garantiye al\u0131yor, devam\u0131nda n\u00fckleer tesislerin denetimi ve \u0130ran\u2019\u0131n d\u00fcnyaya a\u00e7\u0131lmas\u0131 s\u00fcrecine ili\u015fkin g\u00f6r\u00fc\u015fmelerin ba\u015flamas\u0131n\u0131 \u00f6ng\u00f6r\u00fcyordu. P5+1\u2019in anla\u015fmas\u0131 sadece n\u00fckleer tesislerin denetimini, \u0130ran\u2019\u0131n denetleme heyetine onay vermesi \u015fart\u0131yla garantiye al\u0131yor!..<\/p>\n<p style=\"color: #222222;\"><strong>\u0130ran\u2019\u0131n \u2018denetim heyetine itiraz hakk\u0131\u2019 almas\u0131n\u0131n nedeni ne?<\/strong><\/p>\n<p style=\"color: #222222;\">\u0130ran\u2019\u0131n endi\u015fesi, BM\u2019nin denetim heyetinde \u0130srail veya ABD \u2018ajanlar\u0131\u2019 olmas\u0131. Ancak bunu \u00f6nleyebilecek durumda de\u011fil.<\/p>\n<p style=\"color: #222222;\"><strong>T\u00fcrkiye ve Brezilya\u2019n\u0131n yapt\u0131rd\u0131\u011f\u0131 anla\u015fma neden kabul g\u00f6rmedi?<\/strong><\/p>\n<p style=\"color: #222222;\">Sorun olan, anla\u015fman\u0131n T\u00fcrkiye ve Brezilya taraf\u0131ndan \u2018yapt\u0131r\u0131lmas\u0131\u2019yd\u0131. \u0130ki \u00fclke de ABD ve AB\u2019nin \u2018g\u00fc\u00e7lenmesinden rahats\u0131z oldu\u011fu\u2019 \u00fclkelerdi.<\/p>\n<p style=\"color: #222222;\"><strong>Bu bir komplo teorisi gibi duruyor.<\/strong><\/p>\n<p style=\"color: #222222;\">Belki\u2026 Ama anla\u015fman\u0131n ABD Ba\u015fkan Obama\u2019n\u0131n \u00f6nerileri do\u011frultusunda yap\u0131ld\u0131; bunu taraflar a\u00e7\u0131klad\u0131. Buna ra\u011fmen ABD ve AB taraf\u0131ndan kabul edilmedi. B\u00f6ylece Bat\u0131\u2019dan gelen \u0130ran\u2019\u0131n anla\u015fmaya yana\u015fmayaca\u011f\u0131 y\u00f6n\u00fcndeki a\u00e7\u0131klamalar o g\u00fcnk\u00fc gazetelerden okunabilir.<\/p>\n<p style=\"color: #222222;\"><strong>Anla\u015fma ne getirecek?<\/strong><\/p>\n<p style=\"color: #222222;\">\u0130ran\u2019a uygulanan ambargolar kalkacak; petrol ve do\u011fal gaz ticareti, finans trafi\u011fi, hava ve deniz ula\u015f\u0131m\u0131 Bat\u0131\u2019ya a\u00e7\u0131lacak. \u0130ran yurtd\u0131\u015f\u0131nda bloke edilmi\u015f 100 milyar dolar tahmin edilen varl\u0131\u011f\u0131na kavu\u015facak.<\/p>\n<p style=\"color: #222222;\"><strong>Bu T\u00fcrkiye\u2019ye de yaramaz m\u0131?<\/strong><\/p>\n<p style=\"color: #222222;\">Elbette. T\u00fcrkiye en yak\u0131n Bat\u0131l\u0131 kom\u015fusu olarak \u0130ran\u2019da yat\u0131r\u0131ma en haz\u0131r \u00fclke. Ancak anla\u015fmay\u0131 yapan \u00fclkeler kendi \u015firketlerinin avantajl\u0131 olmas\u0131 i\u00e7in de etkili olacaklar. Buradan T\u00fcrkiye ve Brezilya\u2019n\u0131n anla\u015fmas\u0131n\u0131n neden kabul edilmedi\u011fine dair sonu\u00e7lar da \u00e7\u0131kar!<\/p>\n<p style=\"color: #222222;\"><strong>\u0130ran hemen petrol, do\u011falgaz satabilecek mi?<\/strong><\/p>\n<p style=\"color: #222222;\">Hay\u0131r. Yapt\u0131r\u0131mlar\u0131n kalkmas\u0131 i\u00e7in anla\u015fma \u0130ran ve ABD kongresi taraf\u0131ndan onaylanmal\u0131. Hem \u0130ran\u2019da hem ABD\u2019de gelecek y\u0131l se\u00e7imler var. Obama, bir uluslararas\u0131 ba\u015far\u0131ya imza atmak, pe\u015fin ald\u0131\u011f\u0131 Nobel Bar\u0131\u015f \u00d6d\u00fcl\u00fc\u2019n\u00fc kendince hak etmek istiyor; ancak Cumhuriyet\u00e7i \u00a0a\u011f\u0131rl\u0131kl\u0131 Kongre\u2019den bunu ge\u00e7irmekte zorlanabilir. Yahudi lobisi de engellemeye \u00e7al\u0131\u015f\u0131yor.<\/p>\n<p style=\"color: #222222;\"><strong>Yani y\u00fcz milyarlarca dolarl\u0131k bakir pazardan aslan pay\u0131n\u0131 P5+1 \u00fclkeleri mi alacak?<\/strong><\/p>\n<p style=\"color: #222222;\">Kesinlikle. \u00d6rne\u011fin, \u0130ran\u2019\u0131n eskimi\u015f ve b\u00fcy\u00fct\u00fclmesi gereken u\u00e7ak filosu i\u00e7in ABD\u2019li Boeing \u00a0ve Avrupal\u0131 Airbus \u015fimdiden \u00e7al\u0131\u015fmaya ba\u015flad\u0131. British American Tobacco sigara \u00fcretimi i\u00e7in lobi y\u00fcr\u00fct\u00fcyor. BP, Shell, Exxon, Total gibi dev petrol \u015firketleri yat\u0131r\u0131ma ba\u015flad\u0131 bile.<\/p>\n<p style=\"color: #222222;\">Mercedes, Peugeot ve Renault zaten bir kollar\u0131yla \u0130ran\u2019dayd\u0131lar. Siemens, Cisco gibi elektronik ve yaz\u0131l\u0131m devleri, mimari proje \u015firketleri as\u0131l pay\u0131 alacak.<\/p>\n<p style=\"color: #222222;\"><strong>T\u00fcrkiye\u2019ye ne avantaj\u0131 olacak?<\/strong><\/p>\n<p style=\"color: #222222;\">\u0130ran gaz\u0131 Avrupa\u2019ya TANAP \u00fczerinden gidecek. T\u00fcrkiye en yak\u0131n \u00fclke olmas\u0131 nedeniyle in\u015faattan ve s\u00fcr\u00fcmden kazanan bir ticari partner olacak. Y\u0131ll\u0131k muhtemel Pazar pay\u0131 50 milyar dolar\u0131 bulabilir diyenler var.<\/p>\n<p style=\"color: #222222;\"><strong>T\u00fcrkiye i\u00e7in yararl\u0131 g\u00f6r\u00fcn\u00fcyor.<\/strong><\/p>\n<p style=\"color: #222222;\">Ekonomik olarak \u2018yetmez ama evet\u2019 denilebilir.<\/p>\n<p style=\"color: #222222;\"><strong>T\u00fcrkiye daha fazla pay almaya haz\u0131r m\u0131?<\/strong><\/p>\n<p style=\"color: #222222;\">Maalesef \u00f6yle g\u00f6r\u00fcnm\u00fcyor. \u0130ran bir \u2018enerji pazar\u0131\u2019\u2026 T\u00fcrkiye bu alanda g\u00fc\u00e7l\u00fc enerji \u015firketlerine sahip de\u011fil. Son olarak Kuzey Irak\u2019ta en b\u00fcy\u00fck petrol ve do\u011falgaz rezervlerine sahip olan ve Londra Borsas\u0131\u2019nda i\u015flem g\u00f6ren T\u00fcrk ortakl\u0131 Genel Enerji\u2019nin de sat\u0131laca\u011f\u0131 haberleri geldi. \u015eirketin ba\u015fkan\u0131n\u0131n BP\u2019nin eski CEO\u2019su oldu\u011funu hat\u0131rlatmak gerekir.<\/p>\n<p style=\"color: #222222;\"><strong>Siyasi olarak?<\/strong><\/p>\n<p style=\"color: #222222;\">Siyasi olarak \u0130ran\u2019\u0131n b\u00f6lgedeki etkinli\u011fini artt\u0131racak, T\u00fcrkiye ile rekabette elini g\u00fc\u00e7lendirecek. Rekabet g\u00fcc\u00fc i\u00e7in T\u00fcrkiye\u2019nin siyasi istikrar\u0131 b\u00fcy\u00fck \u00f6nem ta\u015f\u0131yor.<\/p>\n<p style=\"color: #222222;\">Haberin Devam\u0131 i\u00e7in\u00a0<a style=\"color: #1e73be;\" href=\"http:\/\/haber.star.com.tr\/yazar\/batinin-iranla-uzlasmasi-turkiye-icin-ne-demek\/haber-1044292\" target=\"_blank\" rel=\"nofollow\">t\u0131klay\u0131n\u0131z&gt;&gt;&gt;<\/a><\/p>\n<p style=\"color: #222222;\">Kaynak: Star Gazetesi<\/p>\n<p><\/p>","protected":false},"excerpt":{"rendered":"<p>Sorry, this entry is only available in Turkish. For the sake of viewer convenience, the content is shown below in the alternative language. You may click the link to switch the active language.Art\u0131k \u2018\u00fcnl\u00fc\u2019 olan soru-cevap yaz\u0131lar\u0131na devam edelim:2010\u2019da T\u00fcrkiye ve Brezilya\u2019n\u0131n \u0130ran\u2019la imzalad\u0131\u011f\u0131 anla\u015fma ne getiriyordu? T\u00fcrkiye, Brezilya ve \u0130ran\u2019\u0131n imzalad\u0131\u011f\u0131 17 May\u0131s 2010 [&hellip;]<\/p>\n","protected":false},"author":1,"featured_media":41464,"comment_status":"open","ping_status":"open","sticky":false,"template":"","format":"standard","meta":[],"categories":[46,53,43,44],"tags":[24139,24140,24141,92,63,67,1009,2698,165,1333,24142,71,12224,21,5652,59,2297,846,947,13766],"views":988,"_links":{"self":[{"href":"https:\/\/www.enerjigazetesi.ist\/en\/wp-json\/wp\/v2\/posts\/41463"}],"collection":[{"href":"https:\/\/www.enerjigazetesi.ist\/en\/wp-json\/wp\/v2\/posts"}],"about":[{"href":"https:\/\/www.enerjigazetesi.ist\/en\/wp-json\/wp\/v2\/types\/post"}],"author":[{"embeddable":true,"href":"https:\/\/www.enerjigazetesi.ist\/en\/wp-json\/wp\/v2\/users\/1"}],"replies":[{"embeddable":true,"href":"https:\/\/www.enerjigazetesi.ist\/en\/wp-json\/wp\/v2\/comments?post=41463"}],"version-history":[{"count":1,"href":"https:\/\/www.enerjigazetesi.ist\/en\/wp-json\/wp\/v2\/posts\/41463\/revisions"}],"predecessor-version":[{"id":41465,"href":"https:\/\/www.enerjigazetesi.ist\/en\/wp-json\/wp\/v2\/posts\/41463\/revisions\/41465"}],"wp:featuredmedia":[{"embeddable":true,"href":"https:\/\/www.enerjigazetesi.ist\/en\/wp-json\/wp\/v2\/media\/41464"}],"wp:attachment":[{"href":"https:\/\/www.enerjigazetesi.ist\/en\/wp-json\/wp\/v2\/media?parent=41463"}],"wp:term":[{"taxonomy":"category","embeddable":true,"href":"https:\/\/www.enerjigazetesi.ist\/en\/wp-json\/wp\/v2\/categories?post=41463"},{"taxonomy":"post_tag","embeddable":true,"href":"https:\/\/www.enerjigazetesi.ist\/en\/wp-json\/wp\/v2\/tags?post=41463"}],"curies":[{"name":"wp","href":"https:\/\/api.w.org\/{rel}","templated":true}]}}