{"id":41370,"date":"2015-07-14T23:21:46","date_gmt":"2015-07-14T20:21:46","guid":{"rendered":"https:\/\/www.enerjigazetesi.ist\/?p=41370"},"modified":"2015-07-14T23:23:24","modified_gmt":"2015-07-14T20:23:24","slug":"elex-fuari-icin-calismalar-hizla-suruyor","status":"publish","type":"post","link":"https:\/\/www.enerjigazetesi.ist\/en\/elex-fuari-icin-calismalar-hizla-suruyor\/","title":{"rendered":"(Turkish) Elex Fuar\u0131 \u0130\u00e7in \u00c7al\u0131\u015fmalar H\u0131zla S\u00fcr\u00fcyor!"},"content":{"rendered":"<p class=\"qtranxs-available-languages-message qtranxs-available-languages-message-en\">Sorry, this entry is only available in <a href=\"https:\/\/www.enerjigazetesi.ist\/tr\/wp-json\/wp\/v2\/posts\/41370\" class=\"qtranxs-available-language-link qtranxs-available-language-link-tr\" title=\"Turkish\">Turkish<\/a>. For the sake of viewer convenience, the content is shown below in the alternative language. You may click the link to switch the active language.<\/p><p><strong>01-04 Ekim tarihleri aras\u0131<a href=\"https:\/\/www.enerjigazetesi.ist\/wp-content\/uploads\/2015\/07\/elex-fuari-icin-calismalar-hizla-suruyor.jpg\"><img loading=\"lazy\" class=\"alignright wp-image-41371 size-medium\" src=\"https:\/\/www.enerjigazetesi.ist\/wp-content\/uploads\/2015\/07\/elex-fuari-icin-calismalar-hizla-suruyor-300x150.jpg\" alt=\"elex-fuari-icin-calismalar-hizla-suruyor\" width=\"300\" height=\"150\" srcset=\"https:\/\/www.enerjigazetesi.ist\/wp-content\/uploads\/2015\/07\/elex-fuari-icin-calismalar-hizla-suruyor-300x150.jpg 300w, https:\/\/www.enerjigazetesi.ist\/wp-content\/uploads\/2015\/07\/elex-fuari-icin-calismalar-hizla-suruyor-500x250.jpg 500w, https:\/\/www.enerjigazetesi.ist\/wp-content\/uploads\/2015\/07\/elex-fuari-icin-calismalar-hizla-suruyor-80x40.jpg 80w, https:\/\/www.enerjigazetesi.ist\/wp-content\/uploads\/2015\/07\/elex-fuari-icin-calismalar-hizla-suruyor.jpg 660w\" sizes=\"(max-width: 300px) 100vw, 300px\" \/><\/a>nda \u0130stanbul Fuar Merkezi (\u0130FM)\u2019nde 4.kez organize edilecek olan ELEX\u2019e yurt d\u0131\u015f\u0131ndan kat\u0131lacak al\u0131m heyetleri ile ilgili \u00e7al\u0131\u015fmalar h\u0131zla s\u00fcr\u00fcyor.<\/strong><\/p>\n<p>Bu sene daha fazla \u00fclkeden \u00e7ok say\u0131da sat\u0131n al\u0131m heyetinin fuar\u0131 ziyaret etmeleri hedeflenmekte ve bu konudaki \u00e7al\u0131\u015fmalar h\u0131zla devam etmektedir. Bu \u00e7al\u0131\u015fmalar kapsam\u0131nda g\u00f6r\u00fc\u015fmeler yap\u0131lan baz\u0131 \u00fclkeler a\u015fa\u011f\u0131daki gibidir.<\/p>\n<table>\n<tbody>\n<tr>\n<td>Angola<\/td>\n<td>Avustralya<\/td>\n<\/tr>\n<tr>\n<td>BAE<\/td>\n<td>Bulgaristan<\/td>\n<\/tr>\n<tr>\n<td>Fas<\/td>\n<td>Hindistan<\/td>\n<\/tr>\n<tr>\n<td>Irak<\/td>\n<td>\u0130ran<\/td>\n<\/tr>\n<tr>\n<td>\u0130spanya<\/td>\n<td>Kamerun<\/td>\n<\/tr>\n<tr>\n<td>Katar<\/td>\n<td>Kazakistan<\/td>\n<\/tr>\n<tr>\n<td>Kosova<\/td>\n<td>Kuveyt<\/td>\n<\/tr>\n<tr>\n<td>Libya<\/td>\n<td>L\u00fcbnan<\/td>\n<\/tr>\n<tr>\n<td>M\u0131s\u0131r<\/td>\n<td>Nijerya<\/td>\n<\/tr>\n<tr>\n<td>\u00d6zbekistan<\/td>\n<td>Pakistan<\/td>\n<\/tr>\n<tr>\n<td>Suudi Arabistan<\/td>\n<td>Ukrayna<\/td>\n<\/tr>\n<tr>\n<td>Zimbabve<\/td>\n<td><\/td>\n<\/tr>\n<\/tbody>\n<\/table>\n<p>Fuar kat\u0131l\u0131mc\u0131s\u0131 firmalar\u0131n talepleri do\u011frultusunda sat\u0131n al\u0131m heyetlerine y\u00f6nelik \u00e7al\u0131\u015fmalar\u0131n ger\u00e7ekle\u015fti\u011fi bu g\u00fcnlerde ELEX ekibi, bu y\u0131l daha fazla uluslararas\u0131 sat\u0131n al\u0131m heyetini fuara getirmeyi planlamaktad\u0131r.<\/p>\n<p>Sizleri de sekt\u00f6r\u00fcn sadece kendine \u00f6zel bu \u00f6nemli bulu\u015fmas\u0131nda,<\/p>\n<ul>\n<li>Mevcut pazar\u0131n\u0131z\u0131 g\u00fc\u00e7lendirmek,<\/li>\n<li>Yeni pazarlara a\u00e7\u0131lmak, yeni al\u0131c\u0131larla tan\u0131\u015fmak,<\/li>\n<li>Geli\u015fmekte olan b\u00f6lge \u00fclkelerinde faaliyet g\u00f6stermeye ba\u015flamak,<\/li>\n<li>Sekt\u00f6rde ya\u015fanan en g\u00fcncel geli\u015fmeleri takip etmek ve en yeni \u00fcr\u00fcnleri yakalamak,<\/li>\n<li>\u00dcr\u00fcnlerinizi daha geni\u015f kitlelere tan\u0131tmak ve ula\u015ft\u0131rmak i\u00e7in,<\/li>\n<\/ul>\n<p>de\u011ferli firman\u0131z\u0131 temsilen yerinizi almaya bekliyoruz\u2026<\/p>\n<p><strong>Detayl\u0131 Bilgi \u0130\u00e7in:<\/strong>\u00a0<a href=\"http:\/\/www.elexfuari.com\/\" target=\"_blank\">http:\/\/www.elexfuari.com\/<\/a><\/p>\n<p><strong>Tel:<\/strong> +90 212 503 32 32<br \/>\n<strong>Fax:<\/strong> +90 212 503 32 31<\/p>\n<p>e-mail:\u00a0<span style=\"color: #808000;\"><a style=\"color: #50b848;\" href=\"mailto:marmara@marmarafuar.com.tr\"><span style=\"color: #808000;\">marmara@marmarafuar.com.tr<\/span><\/a><\/span><\/p>\n<p>&nbsp;<\/p>","protected":false},"excerpt":{"rendered":"<p>Sorry, this entry is only available in Turkish. For the sake of viewer convenience, the content is shown below in the alternative language. You may click the link to switch the active language.01-04 Ekim tarihleri aras\u0131nda \u0130stanbul Fuar Merkezi (\u0130FM)\u2019nde 4.kez organize edilecek olan ELEX\u2019e yurt d\u0131\u015f\u0131ndan kat\u0131lacak al\u0131m heyetleri ile ilgili \u00e7al\u0131\u015fmalar h\u0131zla s\u00fcr\u00fcyor. [&hellip;]<\/p>\n","protected":false},"author":1,"featured_media":41371,"comment_status":"open","ping_status":"open","sticky":false,"template":"","format":"standard","meta":[],"categories":[51,53],"tags":[19835,15095,5531,2895,63,67,1009,2698,165],"views":894,"_links":{"self":[{"href":"https:\/\/www.enerjigazetesi.ist\/en\/wp-json\/wp\/v2\/posts\/41370"}],"collection":[{"href":"https:\/\/www.enerjigazetesi.ist\/en\/wp-json\/wp\/v2\/posts"}],"about":[{"href":"https:\/\/www.enerjigazetesi.ist\/en\/wp-json\/wp\/v2\/types\/post"}],"author":[{"embeddable":true,"href":"https:\/\/www.enerjigazetesi.ist\/en\/wp-json\/wp\/v2\/users\/1"}],"replies":[{"embeddable":true,"href":"https:\/\/www.enerjigazetesi.ist\/en\/wp-json\/wp\/v2\/comments?post=41370"}],"version-history":[{"count":3,"href":"https:\/\/www.enerjigazetesi.ist\/en\/wp-json\/wp\/v2\/posts\/41370\/revisions"}],"predecessor-version":[{"id":41374,"href":"https:\/\/www.enerjigazetesi.ist\/en\/wp-json\/wp\/v2\/posts\/41370\/revisions\/41374"}],"wp:featuredmedia":[{"embeddable":true,"href":"https:\/\/www.enerjigazetesi.ist\/en\/wp-json\/wp\/v2\/media\/41371"}],"wp:attachment":[{"href":"https:\/\/www.enerjigazetesi.ist\/en\/wp-json\/wp\/v2\/media?parent=41370"}],"wp:term":[{"taxonomy":"category","embeddable":true,"href":"https:\/\/www.enerjigazetesi.ist\/en\/wp-json\/wp\/v2\/categories?post=41370"},{"taxonomy":"post_tag","embeddable":true,"href":"https:\/\/www.enerjigazetesi.ist\/en\/wp-json\/wp\/v2\/tags?post=41370"}],"curies":[{"name":"wp","href":"https:\/\/api.w.org\/{rel}","templated":true}]}}