{"id":41329,"date":"2015-07-13T20:23:12","date_gmt":"2015-07-13T17:23:12","guid":{"rendered":"https:\/\/www.enerjigazetesi.ist\/?p=41329"},"modified":"2015-07-13T20:23:12","modified_gmt":"2015-07-13T17:23:12","slug":"enerjide-ruzgar-hizli-esiyor","status":"publish","type":"post","link":"https:\/\/www.enerjigazetesi.ist\/en\/enerjide-ruzgar-hizli-esiyor\/","title":{"rendered":"(Turkish) Enerjide R\u00fczgar H\u0131zl\u0131 Esiyor!"},"content":{"rendered":"<p class=\"qtranxs-available-languages-message qtranxs-available-languages-message-en\">Sorry, this entry is only available in <a href=\"https:\/\/www.enerjigazetesi.ist\/tr\/wp-json\/wp\/v2\/posts\/41329\" class=\"qtranxs-available-language-link qtranxs-available-language-link-tr\" title=\"Turkish\">Turkish<\/a>. For the sake of viewer convenience, the content is shown below in the alternative language. You may click the link to switch the active language.<\/p><p><strong>T\u00fcrkiye`nin r\u00fczgar enerjisi kurulu g\u00fcc\u00fc, 2015`in ilk yar\u0131s\u0131nda 430 MW`lik art\u0131\u015fla 4192 MW seviyesine ula\u015ft\u0131.<\/strong><\/p>\n<p>T\u00fcrkiye R\u00fczgar Enerjisi Birli\u011fi (T\u00dcREB), y\u0131l\u0131n ilk alt\u0131 ayl\u0131k d\u00f6nemine ili\u015fkin r\u00fczgar enerjisi istatistikleri r<a href=\"https:\/\/www.enerjigazetesi.ist\/wp-content\/uploads\/2015\/07\/enerjide-ruzgar-hizli-esiyor.jpg\"><img loading=\"lazy\" class=\"alignright size-medium wp-image-41330\" src=\"https:\/\/www.enerjigazetesi.ist\/wp-content\/uploads\/2015\/07\/enerjide-ruzgar-hizli-esiyor-300x240.jpg\" alt=\"enerjide-ruzgar-hizli-esiyor\" width=\"300\" height=\"240\" srcset=\"https:\/\/www.enerjigazetesi.ist\/wp-content\/uploads\/2015\/07\/enerjide-ruzgar-hizli-esiyor-300x240.jpg 300w, https:\/\/www.enerjigazetesi.ist\/wp-content\/uploads\/2015\/07\/enerjide-ruzgar-hizli-esiyor-62x50.jpg 62w, https:\/\/www.enerjigazetesi.ist\/wp-content\/uploads\/2015\/07\/enerjide-ruzgar-hizli-esiyor.jpg 420w\" sizes=\"(max-width: 300px) 100vw, 300px\" \/><\/a>aporunu yay\u0131nlad\u0131. Rapora g\u00f6re, T\u00fcrkiye`nin toplam r\u00fczgar kurulu g\u00fcc\u00fc bu y\u0131l\u0131n ilk alt\u0131 ayl\u0131k d\u00f6neminde 430 MW`lik art\u0131\u015f g\u00f6sterdi. B\u00f6ylece toplam kurulu g\u00fc\u00e7, 4192 MW seviyesine ula\u015ft\u0131. T\u00fcrkiye`nin toplam r\u00fczgar enerjisi kurulu g\u00fcc\u00fc 2013 sonunda 2.958 MW, 2014`te 3.762 MW seviyesindeydi.<\/p>\n<p>T\u00dcREB Ba\u015fkan\u0131 Mustafa Serdar Ataseven, ge\u00e7ti\u011fimiz y\u0131l\u0131n ilk alt\u0131 ay\u0131nda 465 MW yeni kurulu g\u00fc\u00e7 devreye girerken, bu y\u0131l 430 MW seviyesine kal\u0131nmas\u0131n\u0131 Orman ve Su \u0130\u015fleri Bakanl\u0131\u011f\u0131 taraf\u0131ndan r\u00fczgar enerjisi yat\u0131r\u0131mlar\u0131na kapat\u0131lan b\u00f6lgelerin \u00e7\u00f6z\u00fcme kavu\u015famamas\u0131na ba\u011flad\u0131. Ataseven, y\u0131l i\u00e7inde sorun \u00e7\u00f6z\u00fclemezse 2016 ve 2017 y\u0131llar\u0131nda r\u00fczg\u00e2r sekt\u00f6r\u00fcn\u00fcn bunlardan daha fazla olumsuz etkilenebilece\u011fini s\u00f6yledi. Ataseven, ge\u00e7ti\u011fimiz y\u0131l\u0131n sonlar\u0131ndan bug\u00fcne kadar ya\u015fanan sert iklim ko\u015fullar\u0131n\u0131n da in\u015faa halindeki santrallerin y\u0131l\u0131n ilk yar\u0131s\u0131nda i\u015fletmeye al\u0131namamas\u0131nda etkisi bulundu\u011funu vurgulad\u0131.<\/p>\n<p><strong>135 MW`S\u0130 KAPAS\u0130TE ARTIRIMINDAN<\/strong><\/p>\n<p>Bu y\u0131l\u0131n ilk yar\u0131s\u0131nda devreye giren 430 MW`lik RES kurulu g\u00fcc\u00fcn\u00fcn 295 MW\u2019lik k\u0131sm\u0131n\u0131 Hatay, \u0130zmir, Tekirda\u011f, Bursa, \u00c7anakkale, Manisa, Mersin ve Bal\u0131kesir illerinde i\u015fletmeye al\u0131nan yeni santraller, 135 MW\u2019\u0131n\u0131 ise hali haz\u0131rda var olup kapasite art\u0131r\u0131m\u0131 yapan projeler olu\u015fturuyor.<\/p>\n<p><strong>AKDEN\u0130Z VE \u0130\u00c7 ANADOLU Y\u00dcKSEL\u0130\u015eTE<\/strong><\/p>\n<p>\u0130\u015fletmedeki r\u00fczgar enerjisi santrallerinin kurulu g\u00fc\u00e7 bak\u0131m\u0131ndan b\u00f6lgelere g\u00f6re da\u011f\u0131l\u0131m\u0131nda ge\u00e7ti\u011fimiz y\u0131la oranla bir de\u011fi\u015fiklik yok. % 38\u2019i Ege\u2019de, % 36\u2019s\u0131 Marmara\u2019da. Fakat bu y\u0131l Akdeniz (% 16) ve \u0130\u00e7 Anadolu (%6,77) b\u00f6lgelerinin pay\u0131nda 0.5 ile 1 puan aras\u0131nda art\u0131\u015f g\u00f6r\u00fcl\u00fcyor.<\/p>\n<p><strong>\u00c7ANAKKALE BE\u015e\u0130NC\u0130L\u0130\u011eE Y\u00dcKSELD\u0130<\/strong><\/p>\n<p>\u0130llere g\u00f6re s\u0131ralamada yine ilk d\u00f6rt \u015fehir de\u011fi\u015fmiyor. Bal\u0131kesir, \u0130zmir, Manisa ve Hatay\u2019\u0131n ard\u0131ndan bu y\u0131l Koru RES\u2019in i\u015fletmeye ge\u00e7mesiyle \u00c7anakkale be\u015finci s\u0131raya y\u00fckseldi.<\/p>\n<p><strong>BORUSAN ENBW Y\u00dcKSEL\u0130\u015eTE<\/strong><\/p>\n<p>T\u00dcREB`in raporana g\u00f6re, i\u015fletmedeki santrallerin yat\u0131r\u0131mc\u0131lara g\u00f6re da\u011f\u0131l\u0131m\u0131na da yer verildi.<br \/>\nGe\u00e7en y\u0131l\u0131n ayn\u0131 d\u00f6neminde 401 MW olan kurulu g\u00fcc\u00fcn\u00fc 551 MW\u2019a \u00e7\u0131karan Polat enerji ilk s\u0131rada yer al\u0131yor. Ard\u0131ndan 320 MW\u2019tan 339 MW\u2019a \u00e7\u0131kan Demirer Enerji geliyor. \u00dc\u00e7\u00fcnc\u00fc s\u0131rada ge\u00e7en y\u0131l 110 MW\u2019l\u0131k kurulu g\u00fcc\u00fcn\u00fc 298 MW\u2019a \u00e7\u0131karan Borusan EnBW var. D\u00f6rd\u00fcnc\u00fc s\u0131rada ise 295 MW ile Bilgin Enerji var.<\/p>\n<p><strong>1427 MW`N\u0130N \u0130N\u015eASI S\u00dcR\u00dcYOR<\/strong><\/p>\n<p>2015 y\u0131l\u0131 ilk alt\u0131 ay\u0131nda 100 proje ile toplam r\u00fczgar kurulu g\u00fcc\u00fc 4.192 MW kapasiteye ula\u015f\u0131rken, in\u015fas\u0131 devam eden 43 RES`in toplam kurulu g\u00fcc\u00fc 1.427 MW`\u0131 buluyor. \u0130n\u015faas\u0131 devam eden santrallerde en b\u00fcy\u00fck pay 169 MW ile G\u00fcri\u015f\u2019e ait. Sonra 103 MW ile Bereket Enerji ve 87 MW ile Gestamp geliyor.<\/p>\n<p><strong>ADIYAMAN`DAN ED\u0130RNE`YE 23 \u0130L<\/strong><\/p>\n<p>Raporda, i\u015fletmedeki r\u00fczgar santrallerinin bulundu\u011fu iller listesine bu y\u0131l Bursa ve Sivas da eklendi. R\u00fczgar santrallerinin bulundu\u011fu iller \u015f\u00f6yle: Bal\u0131kesir, \u0130zmir, Manisa, Hatay, \u00c7anakkale, Osmaniye, \u0130stanbul, K\u0131r\u015fehir, Mersin, Afyon, Ayd\u0131n, Tekirda\u011f, Kayseri, U\u015fak, Bursa, K\u0131rklareli, Sivas, Amasya, Bilecik, Tokat, Mu\u011fla, Ad\u0131yaman ve Edirne olarak belirtiliyor.<\/p>\n<p><strong>6 AYDA GAZ\u0130ANTEP`\u0130N ELEKTR\u0130\u011e\u0130<\/strong><\/p>\n<p>T\u00dcREB`in raporunda, 2013 y\u0131l\u0131nda 3.5 milyon hanenin elektri\u011fi r\u00fczgar enerjisinden kar\u015f\u0131lan\u0131rken, 2014 y\u0131l\u0131 sonunda bu rakam\u0131n 4.5 milyon haneye \u00e7\u0131kt\u0131\u011f\u0131 belirtildi. Raporda &#8220;Bir ba\u015fka deyi\u015fle 2013 y\u0131l\u0131nda \u0130stanbul kadar bir \u015fehrin elektri\u011fi r\u00fczgardankar\u015f\u0131lan\u0131rken, 2014 y\u0131l\u0131 sonunda hem \u0130stanbul hem de \u0130zmir b\u00fcy\u00fckl\u00fc\u011f\u00fcndeki bir \u015fehrin elektri\u011fi r\u00fczgar enerjisinden kar\u015f\u0131land\u0131. 2015 y\u0131l\u0131n\u0131n ilk yar\u0131s\u0131nda ise bunlara bir Gaziantep \u015fehri eklendi&#8221; denildi.<\/p>\n<p>Kaynak: B\u00fcltenler<\/p>","protected":false},"excerpt":{"rendered":"<p>Sorry, this entry is only available in Turkish. For the sake of viewer convenience, the content is shown below in the alternative language. You may click the link to switch the active language.T\u00fcrkiye`nin r\u00fczgar enerjisi kurulu g\u00fcc\u00fc, 2015`in ilk yar\u0131s\u0131nda 430 MW`lik art\u0131\u015fla 4192 MW seviyesine ula\u015ft\u0131. T\u00fcrkiye R\u00fczgar Enerjisi Birli\u011fi (T\u00dcREB), y\u0131l\u0131n ilk alt\u0131 [&hellip;]<\/p>\n","protected":false},"author":1,"featured_media":41330,"comment_status":"open","ping_status":"open","sticky":false,"template":"","format":"standard","meta":[],"categories":[53,50],"tags":[63,67,1009,2698,165,3388,474,69,16,231,1682,846],"views":819,"_links":{"self":[{"href":"https:\/\/www.enerjigazetesi.ist\/en\/wp-json\/wp\/v2\/posts\/41329"}],"collection":[{"href":"https:\/\/www.enerjigazetesi.ist\/en\/wp-json\/wp\/v2\/posts"}],"about":[{"href":"https:\/\/www.enerjigazetesi.ist\/en\/wp-json\/wp\/v2\/types\/post"}],"author":[{"embeddable":true,"href":"https:\/\/www.enerjigazetesi.ist\/en\/wp-json\/wp\/v2\/users\/1"}],"replies":[{"embeddable":true,"href":"https:\/\/www.enerjigazetesi.ist\/en\/wp-json\/wp\/v2\/comments?post=41329"}],"version-history":[{"count":1,"href":"https:\/\/www.enerjigazetesi.ist\/en\/wp-json\/wp\/v2\/posts\/41329\/revisions"}],"predecessor-version":[{"id":41331,"href":"https:\/\/www.enerjigazetesi.ist\/en\/wp-json\/wp\/v2\/posts\/41329\/revisions\/41331"}],"wp:featuredmedia":[{"embeddable":true,"href":"https:\/\/www.enerjigazetesi.ist\/en\/wp-json\/wp\/v2\/media\/41330"}],"wp:attachment":[{"href":"https:\/\/www.enerjigazetesi.ist\/en\/wp-json\/wp\/v2\/media?parent=41329"}],"wp:term":[{"taxonomy":"category","embeddable":true,"href":"https:\/\/www.enerjigazetesi.ist\/en\/wp-json\/wp\/v2\/categories?post=41329"},{"taxonomy":"post_tag","embeddable":true,"href":"https:\/\/www.enerjigazetesi.ist\/en\/wp-json\/wp\/v2\/tags?post=41329"}],"curies":[{"name":"wp","href":"https:\/\/api.w.org\/{rel}","templated":true}]}}