{"id":41326,"date":"2015-07-13T20:12:21","date_gmt":"2015-07-13T17:12:21","guid":{"rendered":"https:\/\/www.enerjigazetesi.ist\/?p=41326"},"modified":"2015-07-13T20:12:21","modified_gmt":"2015-07-13T17:12:21","slug":"turkiyenin-en-buyuk-biyogaz-ve-organik-gubre-uretim-tesisi-balikesirde","status":"publish","type":"post","link":"https:\/\/www.enerjigazetesi.ist\/en\/turkiyenin-en-buyuk-biyogaz-ve-organik-gubre-uretim-tesisi-balikesirde\/","title":{"rendered":"(Turkish) T\u00fcrkiye\u2019nin En B\u00fcy\u00fck Biyogaz ve Organik G\u00fcbre \u00dcretim Tesisi Bal\u0131kesir\u2019de&#8230;"},"content":{"rendered":"<p class=\"qtranxs-available-languages-message qtranxs-available-languages-message-en\">Sorry, this entry is only available in <a href=\"https:\/\/www.enerjigazetesi.ist\/tr\/wp-json\/wp\/v2\/posts\/41326\" class=\"qtranxs-available-language-link qtranxs-available-language-link-tr\" title=\"Turkish\">Turkish<\/a>. For the sake of viewer convenience, the content is shown below in the alternative language. You may click the link to switch the active language.<\/p><p><\/p>\n<p style=\"color: #222222;\"><strong>Enerji ve Tabii Kaynaklar Bakan\u0131 Taner Y\u0131ld\u0131z, Bal\u0131kesir\u2019in G\u00f6nen il\u00e7esindeki Yenilenebilir Enerji A.\u015e. Biyogaz ve Organiz G\u00fcbre \u00dcretim Tesisi\u2019nin a\u00e7\u0131l\u0131\u015f\u0131n\u0131 t\u00f6renle ger\u00e7ekle\u015ftirdi.<\/strong><\/p>\n<p style=\"color: #222222;\">Bal\u0131kesir\u2019in G\u00f6nen il\u00e7esin\u2019de Altaca Grubu taraf\u0131ndan y\u00fczde 100 yerli teknolojiyle in\u015fa edilen T\u00fcrkiye\u2019nin en b\u00fcy\u00fck entegre biyogaz ve organik g\u00fcbre \u00fcretim tesisi, Enerji ve Tabii Kaynaklar Bakan\u0131 Taner Y\u0131ld\u0131z\u2019\u0131n kat\u0131l\u0131m\u0131yla yap\u0131ld\u0131.<span id=\"more-72614\"><\/span>\u00a0A\u00e7\u0131l\u0131\u015fa Bal\u0131kesir Valisi Mustafa Yaman, Bal\u0131kesir Milletvekilleri Sema K\u0131rc\u0131, Mahmut Poyrazl\u0131, Ahmet Ak\u0131n ve Bal\u0131kesir B\u00fcy\u00fck\u015fehir Belediye Ba\u015fkan\u0131 Ahmet Edip U\u011fur ve \u00e7ok say\u0131da davetli kat\u0131ld\u0131.<\/p>\n<p style=\"color: #222222;\">A\u00e7\u0131l\u0131\u015f konu\u015fmas\u0131 yapan Altaca Enerji Y\u00f6netim Kurulu Ba\u015fkan\u0131 Hasan Alper \u00d6no\u011flu, \u201cG\u00f6nen \u00c7evre ve Enerji Kompleksi, 2015 sonu itibariyle di\u011fer etapla<a href=\"https:\/\/www.enerjigazetesi.ist\/wp-content\/uploads\/2015\/07\/turkiyenin-en-buyuk-biyogaz-ve-organik-gubre-uretim-tesisi-balikesirde.jpg\"><img loading=\"lazy\" class=\"alignleft size-medium wp-image-41327\" src=\"https:\/\/www.enerjigazetesi.ist\/wp-content\/uploads\/2015\/07\/turkiyenin-en-buyuk-biyogaz-ve-organik-gubre-uretim-tesisi-balikesirde-300x165.jpg\" alt=\"turkiyenin-en-buyuk-biyogaz-ve-organik-gubre-uretim-tesisi-balikesirde\" width=\"300\" height=\"165\" srcset=\"https:\/\/www.enerjigazetesi.ist\/wp-content\/uploads\/2015\/07\/turkiyenin-en-buyuk-biyogaz-ve-organik-gubre-uretim-tesisi-balikesirde-300x165.jpg 300w, https:\/\/www.enerjigazetesi.ist\/wp-content\/uploads\/2015\/07\/turkiyenin-en-buyuk-biyogaz-ve-organik-gubre-uretim-tesisi-balikesirde-500x276.jpg 500w, https:\/\/www.enerjigazetesi.ist\/wp-content\/uploads\/2015\/07\/turkiyenin-en-buyuk-biyogaz-ve-organik-gubre-uretim-tesisi-balikesirde-80x44.jpg 80w, https:\/\/www.enerjigazetesi.ist\/wp-content\/uploads\/2015\/07\/turkiyenin-en-buyuk-biyogaz-ve-organik-gubre-uretim-tesisi-balikesirde.jpg 696w\" sizes=\"(max-width: 300px) 100vw, 300px\" \/><\/a>r\u0131 tamamland\u0131\u011f\u0131nda at\u0131klardan biyogaz ve elektrik organik s\u0131v\u0131 \u2013 kat\u0131 g\u00fcbre, h\u00fcmik asit ve sentetik petrol \u00fcreten, d\u00fcnyan\u0131n ilk entegre tesisi olacak. Y\u00fczde 100 T\u00fcrk teknolojisiyle \u00e7al\u0131\u015fan tesisimizde y\u0131lda 20 bin ton organik g\u00fcbre \u00fcretilebiliyor ve s\u0131rada sentetik petrol var. Bu teknolojinin patenti bizde ve 20 milyon dolarl\u0131k harcama yap\u0131ld\u0131. Toplam yat\u0131r\u0131m tutar\u0131 25 milyon dolara ula\u015f\u0131yor. Yat\u0131r\u0131m konusu tesisler, 50 bin metrekarelik bir alana kuruldu\u201d dedi. Bakan Y\u0131ld\u0131z, yapt\u0131\u011f\u0131 konu\u015fmada, \u201c\u00c7evreye ra\u011fmen de\u011fil, \u00e7evreyle beraber proje geli\u015ftiriyor olmal\u0131y\u0131z. Hoyrat\u00e7a yap\u0131lan \u00e7al\u0131\u015fmalara kar\u015f\u0131y\u0131z. Buradaki tesis, \u00e7evreyle uyumlu ve sekt\u00f6re katk\u0131 yapan \u00f6nemli bir proje. Buras\u0131 \u00e7ok \u00f6nemli bir b\u00f6lge. Bal\u0131kesir\u2019de 10 y\u0131l kalm\u0131\u015f birisi olarak bana \u00e7ok b\u00fcy\u00fck bir heyecan verdi.<\/p>\n<p style=\"color: #222222;\">Bu tesis, 3.6 megavatl\u0131k bir tesis. Bu tesisin \u00e7evreye yapt\u0131\u011f\u0131 katk\u0131 ve kapasitesi, 8 bin saatin \u00fczerindeki bir \u00e7al\u0131\u015fmayla enerji elde ediliyor. 250 barl\u0131k bir bas\u0131n\u00e7la sentetik petrol yak\u0131t\u0131 elde ediliyor. Bu \u00e7ok nadir ve \u00f6nemli bir sistemdir. Bu yat\u0131r\u0131m\u0131 son derece \u00f6nemsiyorum. T\u00fcrkiye, at\u0131klar\u0131 itibariyle geri d\u00f6n\u00fc\u015f\u00fcm oranlar\u0131 \u00e7ok az olan \u00fclkelerden bir tanesi. B\u00f6yle bir k\u00fclt\u00fcr\u00fcm\u00fcz\u00fc geli\u015ftirip yayg\u0131nla\u015ft\u0131rmam\u0131z laz\u0131m\u201d dedi. B\u00fcy\u00fck\u015fehir Belediye Ba\u015fkan\u0131 Ahmet Edip U\u011fur ise, \u201cEnerjide d\u0131\u015fa ba\u011f\u0131ml\u0131y\u0131z ve y\u00fczde 60\u2019a yak\u0131n\u0131n\u0131 ihra\u00e7 ediyoruz. Bu yat\u0131r\u0131m bu nedenle \u00e7ok \u00f6nemlidir. T\u00fcm eme\u011fi ge\u00e7enlere te\u015fekk\u00fcr ediyorum\u201d diye konu\u015ftu. Ard\u0131ndan konu\u015fan Vali Yaman, \u201cYenilenebilir enerjiden faydalanmak \u00e7ok \u00f6nemledir. Y\u0131ll\u0131k g\u00fcbre potansiyelimiz 7 milyon ton. D\u00fc\u015f\u00fcn\u00fcn ki ka\u00e7 tane fabrika yap\u0131lmas\u0131 gerekiyor. Burada \u00fcretimi yap\u0131lacak olan yat\u0131r\u0131m\u0131 tebrik ediyorum. Say\u0131n Bakan\u0131m\u0131za ve yetkililere te\u015fekk\u00fcr ediyorum\u201d dedi. \u015eirket yetkilileri, g\u00fcn\u00fcn an\u0131s\u0131na Bakan Y\u0131ld\u0131z\u2019a plaket takdim etti. Ard\u0131ndan, protokol mensuplar\u0131 tesisin a\u00e7\u0131l\u0131\u015f kurdelesini kesti.<\/p>\n<p style=\"color: #222222;\">Kaynak: Enerji Enstit\u00fcs\u00fc<\/p>\n<p><\/p>","protected":false},"excerpt":{"rendered":"<p>Sorry, this entry is only available in Turkish. For the sake of viewer convenience, the content is shown below in the alternative language. You may click the link to switch the active language. Enerji ve Tabii Kaynaklar Bakan\u0131 Taner Y\u0131ld\u0131z, Bal\u0131kesir\u2019in G\u00f6nen il\u00e7esindeki Yenilenebilir Enerji A.\u015e. Biyogaz ve Organiz G\u00fcbre \u00dcretim Tesisi\u2019nin a\u00e7\u0131l\u0131\u015f\u0131n\u0131 t\u00f6renle ger\u00e7ekle\u015ftirdi. [&hellip;]<\/p>\n","protected":false},"author":1,"featured_media":41327,"comment_status":"open","ping_status":"open","sticky":false,"template":"","format":"standard","meta":[],"categories":[22893,53],"tags":[24064,24066,7131,641,1678,63,67,1009,2698,165,18700,667,105,24065],"views":2367,"_links":{"self":[{"href":"https:\/\/www.enerjigazetesi.ist\/en\/wp-json\/wp\/v2\/posts\/41326"}],"collection":[{"href":"https:\/\/www.enerjigazetesi.ist\/en\/wp-json\/wp\/v2\/posts"}],"about":[{"href":"https:\/\/www.enerjigazetesi.ist\/en\/wp-json\/wp\/v2\/types\/post"}],"author":[{"embeddable":true,"href":"https:\/\/www.enerjigazetesi.ist\/en\/wp-json\/wp\/v2\/users\/1"}],"replies":[{"embeddable":true,"href":"https:\/\/www.enerjigazetesi.ist\/en\/wp-json\/wp\/v2\/comments?post=41326"}],"version-history":[{"count":1,"href":"https:\/\/www.enerjigazetesi.ist\/en\/wp-json\/wp\/v2\/posts\/41326\/revisions"}],"predecessor-version":[{"id":41328,"href":"https:\/\/www.enerjigazetesi.ist\/en\/wp-json\/wp\/v2\/posts\/41326\/revisions\/41328"}],"wp:featuredmedia":[{"embeddable":true,"href":"https:\/\/www.enerjigazetesi.ist\/en\/wp-json\/wp\/v2\/media\/41327"}],"wp:attachment":[{"href":"https:\/\/www.enerjigazetesi.ist\/en\/wp-json\/wp\/v2\/media?parent=41326"}],"wp:term":[{"taxonomy":"category","embeddable":true,"href":"https:\/\/www.enerjigazetesi.ist\/en\/wp-json\/wp\/v2\/categories?post=41326"},{"taxonomy":"post_tag","embeddable":true,"href":"https:\/\/www.enerjigazetesi.ist\/en\/wp-json\/wp\/v2\/tags?post=41326"}],"curies":[{"name":"wp","href":"https:\/\/api.w.org\/{rel}","templated":true}]}}