{"id":41307,"date":"2015-07-13T18:45:54","date_gmt":"2015-07-13T15:45:54","guid":{"rendered":"https:\/\/www.enerjigazetesi.ist\/?p=41307"},"modified":"2015-07-13T18:45:54","modified_gmt":"2015-07-13T15:45:54","slug":"milangaz-totale-satin-alma-teklifi-goturdu","status":"publish","type":"post","link":"https:\/\/www.enerjigazetesi.ist\/en\/milangaz-totale-satin-alma-teklifi-goturdu\/","title":{"rendered":"(Turkish) Milangaz, Total\u2019e Sat\u0131n Alma Teklifi G\u00f6t\u00fcrd\u00fc&#8230;"},"content":{"rendered":"<p class=\"qtranxs-available-languages-message qtranxs-available-languages-message-en\">Sorry, this entry is only available in <a href=\"https:\/\/www.enerjigazetesi.ist\/tr\/wp-json\/wp\/v2\/posts\/41307\" class=\"qtranxs-available-language-link qtranxs-available-language-link-tr\" title=\"Turkish\">Turkish<\/a>. For the sake of viewer convenience, the content is shown below in the alternative language. You may click the link to switch the active language.<\/p><p><\/p>\n<p style=\"color: #222222;\"><strong>Milangaz, T\u00fcrkiye operasyonunu satma karar\u0131 alan Frans\u0131z Total\u2019e ba\u011flay\u0131c\u0131 teklifini verdi.<\/strong><\/p>\n<p style=\"color: #222222;\">Akaryak\u0131t sekt\u00f6r\u00fcndeki d\u00fczenlemelerin k\u00e2r marjlar\u0131 \u00fczerinde bask\u0131\u00a0olu\u015fturdu\u011funu\u00a0belirterek T\u00fcrkiye operasyonunu satma karar\u0131 alan Fransa merkezli petrol ve gaz \u015firketi Total Oil T\u00fcrkiye\u2019ye, Demir\u00f6ren Grubu \u015firketi Milangaz da 10 Temmuz Cuma ak\u015fam\u0131 itibar\u0131yla ba\u011flay\u0131c\u0131 teklifini sundu.<span id=\"more-72607\"><\/span>Total Oil sat\u0131\u015f i\u00e7in Societe Generale\u2019yi yetkilendirmi\u015fti. Y\u00fczde 100 yerli se<img loading=\"lazy\" class=\"alignleft wp-image-41308 size-medium\" src=\"https:\/\/www.enerjigazetesi.ist\/wp-content\/uploads\/2015\/07\/milangaz-totale-satin-alma-teklifi-goturdu-300x165.jpg\" alt=\"milangaz-totale-satin-alma-teklifi-goturdu\" width=\"300\" height=\"165\" srcset=\"https:\/\/www.enerjigazetesi.ist\/wp-content\/uploads\/2015\/07\/milangaz-totale-satin-alma-teklifi-goturdu-300x165.jpg 300w, https:\/\/www.enerjigazetesi.ist\/wp-content\/uploads\/2015\/07\/milangaz-totale-satin-alma-teklifi-goturdu-500x276.jpg 500w, https:\/\/www.enerjigazetesi.ist\/wp-content\/uploads\/2015\/07\/milangaz-totale-satin-alma-teklifi-goturdu-80x44.jpg 80w, https:\/\/www.enerjigazetesi.ist\/wp-content\/uploads\/2015\/07\/milangaz-totale-satin-alma-teklifi-goturdu.jpg 696w\" sizes=\"(max-width: 300px) 100vw, 300px\" \/>rmayeli Milangaz\u2019\u0131n yan\u0131s\u0131ra BP ve Aytemiz\u2019in de Total Oil\u2019in T\u00fcrkiye operasyonlar\u0131 ile yak\u0131ndan ilgilendi\u011fi biliniyor.<\/p>\n<p style=\"color: #222222;\">1992 y\u0131l\u0131ndan bu yana T\u00fcrkiye pazar\u0131nda olan Total\u2019in T\u00fcrkiye\u2019de yakla\u015f\u0131k 450 istasyonu bulunuyor. 130\u2019dan fazla \u00fclkede 15 binden fazla istasyon sahibi olan Total, sekt\u00f6rdeki sert d\u00fczenlemelerle karl\u0131l\u0131\u011f\u0131n bask\u0131 alt\u0131nda oldu\u011funu iddia ederek operasyonu satma karar\u0131 alm\u0131\u015ft\u0131. EPDK\u2019n\u0131n akaryak\u0131t da\u011f\u0131t\u0131m \u015firketleri ve bayilerinin k\u00e2r marjlar\u0131n\u0131 s\u0131n\u0131rlamak \u00fczere d\u00f6nem d\u00f6nem tavan fiyat uygulamas\u0131na gitmesi; bayilik s\u00f6zle\u015fmelerini s\u0131n\u0131rlamas\u0131, akaryak\u0131t istasyonlar\u0131ndaki promosyonlar\u0131 s\u0131n\u0131rlamas\u0131 baz\u0131 \u015firketleri olumsuz etkiledi.<\/p>\n<p style=\"color: #222222;\">EPDK verilerine g\u00f6re, 80 milyar lira b\u00fcy\u00fckl\u00fc\u011f\u00fcndeki akaryak\u0131t da\u011f\u0131t\u0131m sekt\u00f6r\u00fcnde 70 \u015firket faaliyet g\u00f6steriyor ancak ilk 10 s\u0131radaki \u015firketin pazar pay\u0131 y\u00fczde 80\u2019i a\u015f\u0131yor. Total yakla\u015f\u0131k y\u00fczde 5\u2019e yakla\u015fan pazar pay\u0131 ile sekt\u00f6rde alt\u0131nc\u0131 s\u0131rada yer al\u0131yor.<\/p>\n<p style=\"color: #222222;\">Kaynak: Enerji Enstit\u00fcs\u00fc<\/p>\n<p><\/p>","protected":false},"excerpt":{"rendered":"<p>Sorry, this entry is only available in Turkish. For the sake of viewer convenience, the content is shown below in the alternative language. You may click the link to switch the active language. Milangaz, T\u00fcrkiye operasyonunu satma karar\u0131 alan Frans\u0131z Total\u2019e ba\u011flay\u0131c\u0131 teklifini verdi. Akaryak\u0131t sekt\u00f6r\u00fcndeki d\u00fczenlemelerin k\u00e2r marjlar\u0131 \u00fczerinde bask\u0131\u00a0olu\u015fturdu\u011funu\u00a0belirterek T\u00fcrkiye operasyonunu satma karar\u0131 [&hellip;]<\/p>\n","protected":false},"author":1,"featured_media":41308,"comment_status":"open","ping_status":"open","sticky":false,"template":"","format":"standard","meta":[],"categories":[53,44],"tags":[6473,6777,20431,853,63,67,1009,2698,165,750,6830,59,79,9829,1847,24053],"views":1289,"_links":{"self":[{"href":"https:\/\/www.enerjigazetesi.ist\/en\/wp-json\/wp\/v2\/posts\/41307"}],"collection":[{"href":"https:\/\/www.enerjigazetesi.ist\/en\/wp-json\/wp\/v2\/posts"}],"about":[{"href":"https:\/\/www.enerjigazetesi.ist\/en\/wp-json\/wp\/v2\/types\/post"}],"author":[{"embeddable":true,"href":"https:\/\/www.enerjigazetesi.ist\/en\/wp-json\/wp\/v2\/users\/1"}],"replies":[{"embeddable":true,"href":"https:\/\/www.enerjigazetesi.ist\/en\/wp-json\/wp\/v2\/comments?post=41307"}],"version-history":[{"count":1,"href":"https:\/\/www.enerjigazetesi.ist\/en\/wp-json\/wp\/v2\/posts\/41307\/revisions"}],"predecessor-version":[{"id":41309,"href":"https:\/\/www.enerjigazetesi.ist\/en\/wp-json\/wp\/v2\/posts\/41307\/revisions\/41309"}],"wp:featuredmedia":[{"embeddable":true,"href":"https:\/\/www.enerjigazetesi.ist\/en\/wp-json\/wp\/v2\/media\/41308"}],"wp:attachment":[{"href":"https:\/\/www.enerjigazetesi.ist\/en\/wp-json\/wp\/v2\/media?parent=41307"}],"wp:term":[{"taxonomy":"category","embeddable":true,"href":"https:\/\/www.enerjigazetesi.ist\/en\/wp-json\/wp\/v2\/categories?post=41307"},{"taxonomy":"post_tag","embeddable":true,"href":"https:\/\/www.enerjigazetesi.ist\/en\/wp-json\/wp\/v2\/tags?post=41307"}],"curies":[{"name":"wp","href":"https:\/\/api.w.org\/{rel}","templated":true}]}}