{"id":41282,"date":"2015-07-13T03:26:44","date_gmt":"2015-07-13T00:26:44","guid":{"rendered":"https:\/\/www.enerjigazetesi.ist\/?p=41282"},"modified":"2015-07-13T03:27:30","modified_gmt":"2015-07-13T00:27:30","slug":"imaj-enerjiden-konyaya-3-mwlik-gunes-enerjisi-santrali-ges-kurulumu","status":"publish","type":"post","link":"https:\/\/www.enerjigazetesi.ist\/en\/imaj-enerjiden-konyaya-3-mwlik-gunes-enerjisi-santrali-ges-kurulumu\/","title":{"rendered":"(Turkish) \u0130maj Enerji`den Konya`ya 3 MW\u2019l\u0131k G\u00fcne\u015f Enerjisi Santrali (GES) Kurulumu!"},"content":{"rendered":"<p class=\"qtranxs-available-languages-message qtranxs-available-languages-message-en\">Sorry, this entry is only available in <a href=\"https:\/\/www.enerjigazetesi.ist\/tr\/wp-json\/wp\/v2\/posts\/41282\" class=\"qtranxs-available-language-link qtranxs-available-language-link-tr\" title=\"Turkish\">Turkish<\/a>. For the sake of viewer convenience, the content is shown below in the alternative language. You may click the link to switch the active language.<\/p><p><strong>\u0130maj Enerji, Konya`da 3 MW kurulu g\u00fcc\u00fcnde \u0130maj G\u00fcne\u015f Enerjisi Santrali kuracak.<\/strong><\/p>\n<p>\u0130maj Enerji Sanayi ve Tic. A.\u015e. taraf\u0131ndan Konya \u0130li, Karatay \u0130l\u00e7esi, Karadona K\u00f6y\u00fc, Sarn\u0131\u00e7alt\u0131 Mevkii, 13-14 Paft<a href=\"https:\/\/www.enerjigazetesi.ist\/wp-content\/uploads\/2015\/07\/imaj-enerjiden-konyaya-3-mwlik-gunes-enerjisi-santrali-ges-kurulumu.jpg\"><img loading=\"lazy\" class=\"alignright size-medium wp-image-41284\" src=\"https:\/\/www.enerjigazetesi.ist\/wp-content\/uploads\/2015\/07\/imaj-enerjiden-konyaya-3-mwlik-gunes-enerjisi-santrali-ges-kurulumu-300x200.jpg\" alt=\"imaj-enerjiden-konyaya-3-mwlik-gunes-enerjisi-santrali-ges-kurulumu\" width=\"300\" height=\"200\" srcset=\"https:\/\/www.enerjigazetesi.ist\/wp-content\/uploads\/2015\/07\/imaj-enerjiden-konyaya-3-mwlik-gunes-enerjisi-santrali-ges-kurulumu-300x200.jpg 300w, https:\/\/www.enerjigazetesi.ist\/wp-content\/uploads\/2015\/07\/imaj-enerjiden-konyaya-3-mwlik-gunes-enerjisi-santrali-ges-kurulumu-74x50.jpg 74w, https:\/\/www.enerjigazetesi.ist\/wp-content\/uploads\/2015\/07\/imaj-enerjiden-konyaya-3-mwlik-gunes-enerjisi-santrali-ges-kurulumu.jpg 448w\" sizes=\"(max-width: 300px) 100vw, 300px\" \/><\/a>a, 534 Parselde 101.000 m2\u2019lik arazi \u00fczerinde 3 MW G\u00fcne\u015f Enerjisi Santrali yap\u0131lmas\u0131 planlan\u0131yor. Toplam maliyeti 7.800.000 TL olarak hesaplanan proje kapsam\u0131nda her biri 1 MWe olmak \u00fczere 3 adet lisanss\u0131z elektrik \u00fcretim tesisi kurulacak. Elde edilecek elektrik enerjisi 509,05 metre mesafedeki ve kuzey y\u00f6n\u00fcnde yer alan iletim hatt\u0131na aktar\u0131lacak.<\/p>\n<p><strong>KAPAS\u0130TE ARTI\u015e PROJES\u0130 \u00c7ED S\u00dcREC\u0130 BA\u015eLADI<\/strong><\/p>\n<p>Proje ilk ba\u015fta 1 MW olarak planlan\u0131rken kapasite art\u0131\u015f\u0131na gidilerek 3 MW`a \u00e7\u0131kar\u0131ld\u0131. \u00c7evresel Etki De\u011ferlendirmesi \u0130zin ve Denetim Genel M\u00fcd\u00fcrl\u00fc\u011f\u00fc`n\u00fcn internet sitesinde konu ile ilgili yap\u0131lan a\u00e7\u0131klamada, \u0130maj GES Kapasite Art\u0131\u015f\u0131 projesi ile ilgili \u00c7evresel Etki De\u011ferlendirmesi s\u00fcrecinin ba\u015flad\u0131\u011f\u0131 duyuruldu. \u00c7ED S\u00fcreci tamamlanana kadar s\u00fcre\u00e7 ile ilgili her t\u00fcrl\u00fc bilgiler ve projeye ili\u015fkin g\u00f6r\u00fc\u015f, soru ve \u00f6neriler Konya Valili\u011fi`ne (\u00c7evre ve \u015eehircilik \u0130l M\u00fcd\u00fcrl\u00fc\u011f\u00fc) veya \u00c7evre ve \u015eehircilik Bakanl\u0131\u011f\u0131\u2019na g\u00f6nderilebilecek.<\/p>\n<p>Kaynak: <a href=\"http:\/\/www.enerjigunlugu.net\/imaj-enerjiden-konyaya-3-mwlik-ges_14432.html#.VaMIf1_tmko\" target=\"_blank\" rel=\"nofollow\">Enerji G\u00fcnl\u00fc\u011f\u00fc<\/a><\/p>","protected":false},"excerpt":{"rendered":"<p>Sorry, this entry is only available in Turkish. For the sake of viewer convenience, the content is shown below in the alternative language. You may click the link to switch the active language.\u0130maj Enerji, Konya`da 3 MW kurulu g\u00fcc\u00fcnde \u0130maj G\u00fcne\u015f Enerjisi Santrali kuracak. \u0130maj Enerji Sanayi ve Tic. A.\u015e. taraf\u0131ndan Konya \u0130li, Karatay \u0130l\u00e7esi, [&hellip;]<\/p>\n","protected":false},"author":1,"featured_media":41284,"comment_status":"open","ping_status":"open","sticky":false,"template":"","format":"standard","meta":[],"categories":[53,49],"tags":[63,67,1009,2698,165,2326,21886,2569,21768],"views":1951,"_links":{"self":[{"href":"https:\/\/www.enerjigazetesi.ist\/en\/wp-json\/wp\/v2\/posts\/41282"}],"collection":[{"href":"https:\/\/www.enerjigazetesi.ist\/en\/wp-json\/wp\/v2\/posts"}],"about":[{"href":"https:\/\/www.enerjigazetesi.ist\/en\/wp-json\/wp\/v2\/types\/post"}],"author":[{"embeddable":true,"href":"https:\/\/www.enerjigazetesi.ist\/en\/wp-json\/wp\/v2\/users\/1"}],"replies":[{"embeddable":true,"href":"https:\/\/www.enerjigazetesi.ist\/en\/wp-json\/wp\/v2\/comments?post=41282"}],"version-history":[{"count":2,"href":"https:\/\/www.enerjigazetesi.ist\/en\/wp-json\/wp\/v2\/posts\/41282\/revisions"}],"predecessor-version":[{"id":41285,"href":"https:\/\/www.enerjigazetesi.ist\/en\/wp-json\/wp\/v2\/posts\/41282\/revisions\/41285"}],"wp:featuredmedia":[{"embeddable":true,"href":"https:\/\/www.enerjigazetesi.ist\/en\/wp-json\/wp\/v2\/media\/41284"}],"wp:attachment":[{"href":"https:\/\/www.enerjigazetesi.ist\/en\/wp-json\/wp\/v2\/media?parent=41282"}],"wp:term":[{"taxonomy":"category","embeddable":true,"href":"https:\/\/www.enerjigazetesi.ist\/en\/wp-json\/wp\/v2\/categories?post=41282"},{"taxonomy":"post_tag","embeddable":true,"href":"https:\/\/www.enerjigazetesi.ist\/en\/wp-json\/wp\/v2\/tags?post=41282"}],"curies":[{"name":"wp","href":"https:\/\/api.w.org\/{rel}","templated":true}]}}