{"id":41220,"date":"2015-07-10T21:32:05","date_gmt":"2015-07-10T18:32:05","guid":{"rendered":"https:\/\/www.enerjigazetesi.ist\/?p=41220"},"modified":"2015-07-10T21:32:05","modified_gmt":"2015-07-10T18:32:05","slug":"turkiyede-biyokutleden-enerji-uretimi-2014-yilinda-yuzde-49-artti-2","status":"publish","type":"post","link":"https:\/\/www.enerjigazetesi.ist\/en\/turkiyede-biyokutleden-enerji-uretimi-2014-yilinda-yuzde-49-artti-2\/","title":{"rendered":"(Turkish) T\u00fcrkiye\u2019de Biyok\u00fctleden Enerji \u00dcretimi 2014 Y\u0131l\u0131nda Y\u00fczde 49 Artt\u0131!"},"content":{"rendered":"<p class=\"qtranxs-available-languages-message qtranxs-available-languages-message-en\">Sorry, this entry is only available in <a href=\"https:\/\/www.enerjigazetesi.ist\/tr\/wp-json\/wp\/v2\/posts\/41220\" class=\"qtranxs-available-language-link qtranxs-available-language-link-tr\" title=\"Turkish\">Turkish<\/a>. For the sake of viewer convenience, the content is shown below in the alternative language. You may click the link to switch the active language.<\/p><p><\/p>\n<p style=\"color: #222222;\"><strong>Enerji kaynaklar\u0131nda alternatifleri de\u011ferlendiren T\u00fcrkiye, biyok\u00fctle enerjisinde ata\u011fa kalkt\u0131.<\/strong><\/p>\n<p style=\"color: #222222;\">Elektrik \u00fcretiminde biyok\u00fctle kaynaklar\u0131na dayal\u0131 g\u00fc\u00e7 2002-2014 y\u0131llar\u0131 aras\u0131nda y\u0131ll\u0131k y\u00fczde 22 b\u00fcy\u00fcme oran\u0131na sahipken 2014 y\u0131l\u0131nda y\u00fczde 49 b\u00fcy\u00fcme g\u00f6sterdi.<\/p>\n<p>Son y\u0131llarda \u00e7al\u0131\u015fmalar\u0131n h\u0131z k<a href=\"https:\/\/www.enerjigazetesi.ist\/wp-content\/uploads\/2015\/07\/turkiyede-biyokutleden-enerji-uretimi-2014-yilinda-yuzde-49-artti-2.jpg\"><img loading=\"lazy\" class=\"alignleft size-medium wp-image-41221\" src=\"https:\/\/www.enerjigazetesi.ist\/wp-content\/uploads\/2015\/07\/turkiyede-biyokutleden-enerji-uretimi-2014-yilinda-yuzde-49-artti-2-300x165.jpg\" alt=\"turkiyede-biyokutleden-enerji-uretimi-2014-yilinda-yuzde-49-artti-2\" width=\"300\" height=\"165\" srcset=\"https:\/\/www.enerjigazetesi.ist\/wp-content\/uploads\/2015\/07\/turkiyede-biyokutleden-enerji-uretimi-2014-yilinda-yuzde-49-artti-2-300x165.jpg 300w, https:\/\/www.enerjigazetesi.ist\/wp-content\/uploads\/2015\/07\/turkiyede-biyokutleden-enerji-uretimi-2014-yilinda-yuzde-49-artti-2-500x276.jpg 500w, https:\/\/www.enerjigazetesi.ist\/wp-content\/uploads\/2015\/07\/turkiyede-biyokutleden-enerji-uretimi-2014-yilinda-yuzde-49-artti-2-80x44.jpg 80w, https:\/\/www.enerjigazetesi.ist\/wp-content\/uploads\/2015\/07\/turkiyede-biyokutleden-enerji-uretimi-2014-yilinda-yuzde-49-artti-2.jpg 696w\" sizes=\"(max-width: 300px) 100vw, 300px\" \/><\/a>azand\u0131\u011f\u0131 biyok\u00fctle enerjisinde aktif santral say\u0131s\u0131 58\u2019e ula\u015ft\u0131. Yenilenebilir enerji \u00fcretiminde T\u00fcrkiye genelinde 200 megavatl\u0131k biyok\u00fctle enerji tesisi bulunurken, d\u00fcnya genelinde tesislerin y\u00fczde 80\u2019i \u00c7in, y\u00fczde 10\u2019u Hindistan ve Nepal\u2019de yer al\u0131yor.<\/p>\n<p>Avrupa\u2019n\u0131n en b\u00fcy\u00fck \u00e7\u00f6p biyogaz tesisine sahip \u015fehri ise \u0130stanbul. Daha temiz \u00e7evre sa\u011flayan biyok\u00fctle enerjisi \u00fcretimi sonras\u0131nda at\u0131klar yok olmay\u0131p organik g\u00fcbre haline d\u00f6n\u00fc\u015ft\u00fcr\u00fclebiliyor.<\/p>\n<p>T\u00fcrkiye\u2019de en y\u00fcksek biyok\u00fctle enerjisi de\u011ferine y\u00fczde 78 oranla bitkisel at\u0131klar sahip. Son y\u0131llarda art\u0131\u015f g\u00f6steren \u00e7\u00f6p gaz\u0131 enerjisi ise y\u00fczde 11\u2019lik bir de\u011fere sahip.<br \/>\nHayvansal at\u0131klardan 1 y\u0131lda \u00fcretilebilecek enerji miktar\u0131n\u0131n 1.4 milyon ton e\u015f de\u011fer petrole denk geldi\u011fini belirten Enerji Bakanl\u0131\u011f\u0131 yetkilileri, T\u00fcrkiye\u2019nin 130 milyon ton e\u015f de\u011fer petroll\u00fck enerji yap\u0131lanmas\u0131 oldu\u011fu d\u00fc\u015f\u00fcn\u00fcl\u00fcrse bunun ciddi bir rakam oldu\u011funun g\u00f6r\u00fclece\u011fini belirtiyor.<\/p>\n<p>Kaynak: <a href=\"http:\/\/www.turkiyegazetesi.com.tr\/ekonomi\/284391.aspx\" target=\"_blank\" rel=\"nofollow\">T\u00fcrkiye<\/a><\/p>","protected":false},"excerpt":{"rendered":"<p>Sorry, this entry is only available in Turkish. For the sake of viewer convenience, the content is shown below in the alternative language. You may click the link to switch the active language. Enerji kaynaklar\u0131nda alternatifleri de\u011ferlendiren T\u00fcrkiye, biyok\u00fctle enerjisinde ata\u011fa kalkt\u0131. Elektrik \u00fcretiminde biyok\u00fctle kaynaklar\u0131na dayal\u0131 g\u00fc\u00e7 2002-2014 y\u0131llar\u0131 aras\u0131nda y\u0131ll\u0131k y\u00fczde 22 b\u00fcy\u00fcme [&hellip;]<\/p>\n","protected":false},"author":1,"featured_media":41221,"comment_status":"open","ping_status":"open","sticky":false,"template":"","format":"standard","meta":[],"categories":[22893,53],"tags":[1559,7131,6053,23803,24008,16862,63,963,67,1009,2698,165,14314],"views":1248,"_links":{"self":[{"href":"https:\/\/www.enerjigazetesi.ist\/en\/wp-json\/wp\/v2\/posts\/41220"}],"collection":[{"href":"https:\/\/www.enerjigazetesi.ist\/en\/wp-json\/wp\/v2\/posts"}],"about":[{"href":"https:\/\/www.enerjigazetesi.ist\/en\/wp-json\/wp\/v2\/types\/post"}],"author":[{"embeddable":true,"href":"https:\/\/www.enerjigazetesi.ist\/en\/wp-json\/wp\/v2\/users\/1"}],"replies":[{"embeddable":true,"href":"https:\/\/www.enerjigazetesi.ist\/en\/wp-json\/wp\/v2\/comments?post=41220"}],"version-history":[{"count":1,"href":"https:\/\/www.enerjigazetesi.ist\/en\/wp-json\/wp\/v2\/posts\/41220\/revisions"}],"predecessor-version":[{"id":41222,"href":"https:\/\/www.enerjigazetesi.ist\/en\/wp-json\/wp\/v2\/posts\/41220\/revisions\/41222"}],"wp:featuredmedia":[{"embeddable":true,"href":"https:\/\/www.enerjigazetesi.ist\/en\/wp-json\/wp\/v2\/media\/41221"}],"wp:attachment":[{"href":"https:\/\/www.enerjigazetesi.ist\/en\/wp-json\/wp\/v2\/media?parent=41220"}],"wp:term":[{"taxonomy":"category","embeddable":true,"href":"https:\/\/www.enerjigazetesi.ist\/en\/wp-json\/wp\/v2\/categories?post=41220"},{"taxonomy":"post_tag","embeddable":true,"href":"https:\/\/www.enerjigazetesi.ist\/en\/wp-json\/wp\/v2\/tags?post=41220"}],"curies":[{"name":"wp","href":"https:\/\/api.w.org\/{rel}","templated":true}]}}