{"id":41170,"date":"2015-07-09T15:55:58","date_gmt":"2015-07-09T12:55:58","guid":{"rendered":"https:\/\/www.enerjigazetesi.ist\/?p=41170"},"modified":"2015-07-09T15:55:58","modified_gmt":"2015-07-09T12:55:58","slug":"tedas-ve-gunes-enerjisi-yatirimcilari-ilk-kez-toplandi","status":"publish","type":"post","link":"https:\/\/www.enerjigazetesi.ist\/en\/tedas-ve-gunes-enerjisi-yatirimcilari-ilk-kez-toplandi\/","title":{"rendered":"(Turkish) TEDA\u015e ve G\u00fcne\u015f Enerjisi Yat\u0131r\u0131mc\u0131lar\u0131 \u0130lk Kez Topland\u0131!"},"content":{"rendered":"<p class=\"qtranxs-available-languages-message qtranxs-available-languages-message-en\">Sorry, this entry is only available in <a href=\"https:\/\/www.enerjigazetesi.ist\/tr\/wp-json\/wp\/v2\/posts\/41170\" class=\"qtranxs-available-language-link qtranxs-available-language-link-tr\" title=\"Turkish\">Turkish<\/a>. For the sake of viewer convenience, the content is shown below in the alternative language. You may click the link to switch the active language.<\/p><p><\/p>\n<p style=\"color: #222222;\"><strong>G\u00fcne\u015f enerjisi yat\u0131r\u0131mc\u0131lar\u0131 sorunlar\u0131 \u201cproje firmalar\u0131 koordinasyon toplant\u0131s\u0131\u201dnda masaya yat\u0131r\u0131ld\u0131.<\/strong><\/p>\n<p style=\"color: #222222;\">T\u00fcrkiye Elektrik Da\u011f\u0131t\u0131m Anonim \u015eirketi (TEDA\u015e) Y\u00f6netim Kurulu \u00dcyesi ve Genel M\u00fcd\u00fcr Yard\u0131mc\u0131s\u0131 Mustafa Ta\u015fdemir, g\u00fcne\u015f enerjisi proje say\u0131s\u0131n\u0131n her ge\u00e7en g\u00fcn art\u0131\u015f g\u00f6sterdi\u011fini belirterek, \u201c\u015eu ana kadar g\u00fcne\u015f enerjisinden elektrik \u00fcretimi i\u00e7in yakla\u015f\u0131k 3 bin proje ba\u015fvurusu oldu ve 211 g\u00fcne\u015f santrali devreye girdi, bu say\u0131 g\u00fcne\u015f enerjisine h\u0131zl\u0131 bir giri\u015f yapt\u0131\u011f\u0131m\u0131z\u0131n g\u00f6stergesidir\u201d dedi.<\/p>\n<p>Uluslararas\u0131 G\u00fcne\u015f En<a href=\"https:\/\/www.enerjigazetesi.ist\/wp-content\/uploads\/2015\/07\/tedas-ve-gunes-enerjisi-yatirimcilari-ilk-kez-toplandi.jpg\"><img loading=\"lazy\" class=\"alignleft size-medium wp-image-41171\" src=\"https:\/\/www.enerjigazetesi.ist\/wp-content\/uploads\/2015\/07\/tedas-ve-gunes-enerjisi-yatirimcilari-ilk-kez-toplandi-300x165.jpg\" alt=\"tedas-ve-gunes-enerjisi-yatirimcilari-ilk-kez-toplandi\" width=\"300\" height=\"165\" srcset=\"https:\/\/www.enerjigazetesi.ist\/wp-content\/uploads\/2015\/07\/tedas-ve-gunes-enerjisi-yatirimcilari-ilk-kez-toplandi-300x165.jpg 300w, https:\/\/www.enerjigazetesi.ist\/wp-content\/uploads\/2015\/07\/tedas-ve-gunes-enerjisi-yatirimcilari-ilk-kez-toplandi-500x276.jpg 500w, https:\/\/www.enerjigazetesi.ist\/wp-content\/uploads\/2015\/07\/tedas-ve-gunes-enerjisi-yatirimcilari-ilk-kez-toplandi-80x44.jpg 80w, https:\/\/www.enerjigazetesi.ist\/wp-content\/uploads\/2015\/07\/tedas-ve-gunes-enerjisi-yatirimcilari-ilk-kez-toplandi.jpg 696w\" sizes=\"(max-width: 300px) 100vw, 300px\" \/><\/a>erjisi Toplulu\u011fu \u2013 T\u00fcrkiye B\u00f6l\u00fcm\u00fc (G\u00dcNDER) taraf\u0131ndan organize edilen, TEDA\u015e ile g\u00fcne\u015f enerjisi firma temsilcilerinin bulu\u015ftu\u011fu Proje Koordinasyon Toplant\u0131s\u0131 ilk kez yap\u0131ld\u0131.<\/p>\n<p>G\u00fcne\u015f enerji projeleri \u00fczerine yat\u0131r\u0131mc\u0131lar\u0131n sorunlar\u0131n\u0131n dile getirildi\u011fi toplant\u0131da konu\u015fan Ta\u015fdemir, \u201cT\u00fcrkiye\u2019nin en \u00f6nemli enerji kaynaklar\u0131ndan biri olan g\u00fcne\u015fin enerji \u00fcretiminde 2 y\u0131ll\u0131k bir ge\u00e7mi\u015fi var, \u0130ngiltere ve Almanya\u2019daki d\u00fczenleyici kurumlar mevzuatlar\u0131n\u0131 5 ile 7 y\u0131lda olu\u015fturdu. T\u00fcrkiye ise 2 y\u0131ldan bu yana sorunlar\u0131 g\u00f6zlemleyip \u00e7\u00f6z\u00fcm \u00f6nerisi sunmaya gayret ediyor\u201d diye konu\u015ftu.<\/p>\n<p>Ta\u015fdemir, T\u00fcrkiye\u2019de yat\u0131r\u0131mc\u0131n\u0131n kar\u015f\u0131s\u0131na s\u00fcrekli engeller \u00e7\u0131kt\u0131\u011f\u0131n\u0131 belirterek, engellerin kald\u0131r\u0131lmas\u0131 i\u00e7in bu toplant\u0131n\u0131n ilk kez yap\u0131ld\u0131\u011f\u0131n\u0131 ve b\u00f6ylelikle g\u00fcne\u015f enerjisi yat\u0131r\u0131mc\u0131lar\u0131n\u0131n sorunlar\u0131n\u0131 dinleyip ona g\u00f6re \u00e7\u00f6z\u00fcm \u00f6nerileri \u00fczerinde \u00e7al\u0131\u015facaklar\u0131n\u0131 s\u00f6yledi. TEDA\u015e\u2019ta 850 projenin de\u011ferlendirildi\u011fini belirten Ta\u015fdemir, bunun h\u0131zla ger\u00e7ekle\u015fmesi i\u00e7in ilgili birimlerin hafta sonu da \u00e7al\u0131\u015ft\u0131\u011f\u0131n\u0131 s\u00f6yledi.<\/p>\n<p>\u201cNe kadar h\u0131zla g\u00fcne\u015f enerjisinden elektrik \u00fcretimini yayg\u0131nla\u015ft\u0131r\u0131rsak T\u00fcrkiye\u2019nin d\u0131\u015f a\u00e7\u0131\u011f\u0131n\u0131 kapatmam\u0131z o kadar kolay olur\u201d diyen Ta\u015fdemir, 1 megavatl\u0131k bir santrali devreye al\u0131nmas\u0131n\u0131n o miktara denk gelen petrol ve do\u011falgaz\u0131n sat\u0131n al\u0131nmayaca\u011f\u0131n\u0131 ve kullan\u0131lmayaca\u011f\u0131n\u0131 belirtti.<\/p>\n<p>TEDA\u015e G\u00fcne\u015f Enerjisi Sistemleri (GES) Proje M\u00fcd\u00fcr\u00fc Bilal \u015eim\u015fek ise lisansl\u0131 ya da lisanss\u0131z g\u00fcne\u015f enerjisi sistemlerinde her kapasite i\u00e7in ayr\u0131 bir mevzuat gerekti\u011finin alt\u0131n\u0131 \u00e7izerek, \u201cProje ba\u015fvurular\u0131nda 1 kilovat da olsa, 1 megavat da olsa yat\u0131r\u0131mc\u0131 ayn\u0131 i\u015flemi g\u00f6r\u00fcyor, bu da yat\u0131r\u0131mc\u0131 i\u00e7in zorluk te\u015fkil ediyor, bir standard\u0131n yakalanmas\u0131 gerekli\u201d diye konu\u015ftu. TEDA\u015e olarak bu sorunlara da \u00e7\u00f6z\u00fcm bulacaklar\u0131n\u0131 dile getirdi.<\/p>\n<p>Kaynak: B\u00fcltenler<\/p>","protected":false},"excerpt":{"rendered":"<p>Sorry, this entry is only available in Turkish. For the sake of viewer convenience, the content is shown below in the alternative language. You may click the link to switch the active language. G\u00fcne\u015f enerjisi yat\u0131r\u0131mc\u0131lar\u0131 sorunlar\u0131 \u201cproje firmalar\u0131 koordinasyon toplant\u0131s\u0131\u201dnda masaya yat\u0131r\u0131ld\u0131. T\u00fcrkiye Elektrik Da\u011f\u0131t\u0131m Anonim \u015eirketi (TEDA\u015e) Y\u00f6netim Kurulu \u00dcyesi ve Genel M\u00fcd\u00fcr [&hellip;]<\/p>\n","protected":false},"author":1,"featured_media":41171,"comment_status":"open","ping_status":"open","sticky":false,"template":"","format":"standard","meta":[],"categories":[51,53,49],"tags":[63,67,1009,2698,165,2326,1382,227,13,1876,6907,23956,1216,17301,1383],"views":958,"_links":{"self":[{"href":"https:\/\/www.enerjigazetesi.ist\/en\/wp-json\/wp\/v2\/posts\/41170"}],"collection":[{"href":"https:\/\/www.enerjigazetesi.ist\/en\/wp-json\/wp\/v2\/posts"}],"about":[{"href":"https:\/\/www.enerjigazetesi.ist\/en\/wp-json\/wp\/v2\/types\/post"}],"author":[{"embeddable":true,"href":"https:\/\/www.enerjigazetesi.ist\/en\/wp-json\/wp\/v2\/users\/1"}],"replies":[{"embeddable":true,"href":"https:\/\/www.enerjigazetesi.ist\/en\/wp-json\/wp\/v2\/comments?post=41170"}],"version-history":[{"count":1,"href":"https:\/\/www.enerjigazetesi.ist\/en\/wp-json\/wp\/v2\/posts\/41170\/revisions"}],"predecessor-version":[{"id":41172,"href":"https:\/\/www.enerjigazetesi.ist\/en\/wp-json\/wp\/v2\/posts\/41170\/revisions\/41172"}],"wp:featuredmedia":[{"embeddable":true,"href":"https:\/\/www.enerjigazetesi.ist\/en\/wp-json\/wp\/v2\/media\/41171"}],"wp:attachment":[{"href":"https:\/\/www.enerjigazetesi.ist\/en\/wp-json\/wp\/v2\/media?parent=41170"}],"wp:term":[{"taxonomy":"category","embeddable":true,"href":"https:\/\/www.enerjigazetesi.ist\/en\/wp-json\/wp\/v2\/categories?post=41170"},{"taxonomy":"post_tag","embeddable":true,"href":"https:\/\/www.enerjigazetesi.ist\/en\/wp-json\/wp\/v2\/tags?post=41170"}],"curies":[{"name":"wp","href":"https:\/\/api.w.org\/{rel}","templated":true}]}}