{"id":41127,"date":"2015-07-08T14:39:59","date_gmt":"2015-07-08T11:39:59","guid":{"rendered":"https:\/\/www.enerjigazetesi.ist\/?p=41127"},"modified":"2015-07-08T14:39:59","modified_gmt":"2015-07-08T11:39:59","slug":"obama-isidin-gaz-ve-petrol-tesislerini-vuracagiz","status":"publish","type":"post","link":"https:\/\/www.enerjigazetesi.ist\/en\/obama-isidin-gaz-ve-petrol-tesislerini-vuracagiz\/","title":{"rendered":"(Turkish) Obama: \u201cI\u015e\u0130D\u2019in Gaz ve Petrol Tesislerini Vuraca\u011f\u0131z!\u201d"},"content":{"rendered":"<p class=\"qtranxs-available-languages-message qtranxs-available-languages-message-en\">Sorry, this entry is only available in <a href=\"https:\/\/www.enerjigazetesi.ist\/tr\/wp-json\/wp\/v2\/posts\/41127\" class=\"qtranxs-available-language-link qtranxs-available-language-link-tr\" title=\"Turkish\">Turkish<\/a>. For the sake of viewer convenience, the content is shown below in the alternative language. You may click the link to switch the active language.<\/p><p><\/p>\n<p style=\"color: #222222;\"><strong>Obama, koalisyon g\u00fc\u00e7lerinin I\u015e\u0130D kar\u015f\u0131 m\u00fccadelesini yo\u011funla\u015ft\u0131rmaya ba\u015flad\u0131\u011f\u0131n\u0131 a\u00e7\u0131klad\u0131.<\/strong><\/p>\n<p style=\"color: #222222;\">ABD Ba\u015fkan\u0131 Barack Obama, koalisyon g\u00fc\u00e7lerinin Irak \u015eam \u0130slam Devleti\u2019ne (I\u015e\u0130D) kar\u015f\u0131 m\u00fccadelesini yo\u011funla\u015ft\u0131rmaya ba\u015flad\u0131\u011f\u0131n\u0131 a\u00e7\u0131klad\u0131.\u00a0<span id=\"more-72545\"><\/span><\/p>\n<p style=\"color: #222222;\">Pentagon\u2019da konu\u015fan Obama, ABD\u2019nin Suriye\u2019ye takviye birlik g\u00f6ndermeyece\u011fini ancak \u0131l\u0131ml\u0131 Suriye muhal<a href=\"https:\/\/www.enerjigazetesi.ist\/wp-content\/uploads\/2015\/07\/obama-isidin-gaz-ve-petrol-tesislerini-vuracagiz.jpg\"><img loading=\"lazy\" class=\"alignright size-medium wp-image-41128\" src=\"https:\/\/www.enerjigazetesi.ist\/wp-content\/uploads\/2015\/07\/obama-isidin-gaz-ve-petrol-tesislerini-vuracagiz-300x165.jpg\" alt=\"obama-isidin-gaz-ve-petrol-tesislerini-vuracagiz\" width=\"300\" height=\"165\" srcset=\"https:\/\/www.enerjigazetesi.ist\/wp-content\/uploads\/2015\/07\/obama-isidin-gaz-ve-petrol-tesislerini-vuracagiz-300x165.jpg 300w, https:\/\/www.enerjigazetesi.ist\/wp-content\/uploads\/2015\/07\/obama-isidin-gaz-ve-petrol-tesislerini-vuracagiz-500x276.jpg 500w, https:\/\/www.enerjigazetesi.ist\/wp-content\/uploads\/2015\/07\/obama-isidin-gaz-ve-petrol-tesislerini-vuracagiz-80x44.jpg 80w, https:\/\/www.enerjigazetesi.ist\/wp-content\/uploads\/2015\/07\/obama-isidin-gaz-ve-petrol-tesislerini-vuracagiz.jpg 696w\" sizes=\"(max-width: 300px) 100vw, 300px\" \/><\/a>efetine deste\u011fini art\u0131raca\u011f\u0131n\u0131 s\u00f6yledi. Obama, \u201cI\u015e\u0130D\u2019i yenilgiye u\u011fratmak i\u00e7in orada etkili bir orta\u011fa ihtiyac\u0131m\u0131z var\u201d dedi.<\/p>\n<p>Barack Obama\u2019n\u0131n a\u00e7\u0131klamas\u0131, I\u015e\u0130D\u2019in K\u00fcrt g\u00fc\u00e7lerden Ayn \u0130ssa kasabas\u0131n\u0131 geri ald\u0131\u011f\u0131 yolundaki haberleri izliyor.<\/p>\n<p>BBC T\u00fcrk\u00e7e\u2019nin haberine g\u00f6re, ABD \u00f6nc\u00fcl\u00fc\u011f\u00fcndeki koalisy\u0131n g\u00fc\u00e7leri, Eyl\u00fcl ay\u0131ndan beri I\u015e\u0130D hedeflerine hava sald\u0131r\u0131lar\u0131 d\u00fczenliyor. I\u015e\u0130D\u2019in Suriye\u2019deki fiili ba\u015fkenti kabul edilen Rakka\u2019ya d\u00fcn \u00e7ok \u015fiddetli hava sald\u0131r\u0131lar\u0131 d\u00fczenlenmi\u015fti.<\/p>\n<p>Barack Obama konu\u015fmas\u0131nda, \u201cSuriye\u2019deki I\u015e\u0130D varl\u0131\u011f\u0131na kar\u015f\u0131 \u00e7abalar\u0131m\u0131z\u0131 yo\u011funla\u015ft\u0131r\u0131yoruz. Hava sald\u0131r\u0131lar\u0131m\u0131zda, \u00f6rg\u00fct\u00fcn operasyonlar\u0131n\u0131 mali kaynak sa\u011flamak i\u00e7in kulland\u0131\u011f\u0131 petrol ve gaz tesislerini hedef almaya devam edece\u011fiz. Orada g\u00fcvenilir bir orta\u011f\u0131m\u0131z olursa, I\u015e\u0130D p\u00fcsk\u00fcrt\u00fclebilir\u201d dedi.<\/p>\n<p>Obama bununla birlikte, \u00f6rg\u00fct kar\u015f\u0131s\u0131nda sonu\u00e7 alman\u0131n kolay olmayaca\u011f\u0131 uyar\u0131s\u0131nda bulundu.<\/p>\n<p>Kaynak: Enerji Enstit\u00fcs\u00fc<\/p>\n<p style=\"color: #222222;\">\n<p><\/p>","protected":false},"excerpt":{"rendered":"<p>Sorry, this entry is only available in Turkish. For the sake of viewer convenience, the content is shown below in the alternative language. You may click the link to switch the active language. Obama, koalisyon g\u00fc\u00e7lerinin I\u015e\u0130D kar\u015f\u0131 m\u00fccadelesini yo\u011funla\u015ft\u0131rmaya ba\u015flad\u0131\u011f\u0131n\u0131 a\u00e7\u0131klad\u0131. ABD Ba\u015fkan\u0131 Barack Obama, koalisyon g\u00fc\u00e7lerinin Irak \u015eam \u0130slam Devleti\u2019ne (I\u015e\u0130D) kar\u015f\u0131 m\u00fccadelesini [&hellip;]<\/p>\n","protected":false},"author":1,"featured_media":41128,"comment_status":"open","ping_status":"open","sticky":false,"template":"","format":"standard","meta":[],"categories":[46,53,44],"tags":[63,67,1009,2698,165,23930,18873,13970,23931,1199,4731],"views":813,"_links":{"self":[{"href":"https:\/\/www.enerjigazetesi.ist\/en\/wp-json\/wp\/v2\/posts\/41127"}],"collection":[{"href":"https:\/\/www.enerjigazetesi.ist\/en\/wp-json\/wp\/v2\/posts"}],"about":[{"href":"https:\/\/www.enerjigazetesi.ist\/en\/wp-json\/wp\/v2\/types\/post"}],"author":[{"embeddable":true,"href":"https:\/\/www.enerjigazetesi.ist\/en\/wp-json\/wp\/v2\/users\/1"}],"replies":[{"embeddable":true,"href":"https:\/\/www.enerjigazetesi.ist\/en\/wp-json\/wp\/v2\/comments?post=41127"}],"version-history":[{"count":1,"href":"https:\/\/www.enerjigazetesi.ist\/en\/wp-json\/wp\/v2\/posts\/41127\/revisions"}],"predecessor-version":[{"id":41129,"href":"https:\/\/www.enerjigazetesi.ist\/en\/wp-json\/wp\/v2\/posts\/41127\/revisions\/41129"}],"wp:featuredmedia":[{"embeddable":true,"href":"https:\/\/www.enerjigazetesi.ist\/en\/wp-json\/wp\/v2\/media\/41128"}],"wp:attachment":[{"href":"https:\/\/www.enerjigazetesi.ist\/en\/wp-json\/wp\/v2\/media?parent=41127"}],"wp:term":[{"taxonomy":"category","embeddable":true,"href":"https:\/\/www.enerjigazetesi.ist\/en\/wp-json\/wp\/v2\/categories?post=41127"},{"taxonomy":"post_tag","embeddable":true,"href":"https:\/\/www.enerjigazetesi.ist\/en\/wp-json\/wp\/v2\/tags?post=41127"}],"curies":[{"name":"wp","href":"https:\/\/api.w.org\/{rel}","templated":true}]}}