{"id":41080,"date":"2015-07-07T13:17:59","date_gmt":"2015-07-07T10:17:59","guid":{"rendered":"https:\/\/www.enerjigazetesi.ist\/?p=41080"},"modified":"2015-07-07T13:17:59","modified_gmt":"2015-07-07T10:17:59","slug":"iea-oecdde-elektrik-tuketiminin-yuzde-22si-yenilenebilir-enerjiden","status":"publish","type":"post","link":"https:\/\/www.enerjigazetesi.ist\/en\/iea-oecdde-elektrik-tuketiminin-yuzde-22si-yenilenebilir-enerjiden\/","title":{"rendered":"(Turkish) IEA: \u201cOECD&#8217;de Elektrik T\u00fcketiminin Y\u00fczde 22\u2019si Yenilenebilir Enerjiden&#8230;\u201d"},"content":{"rendered":"<p class=\"qtranxs-available-languages-message qtranxs-available-languages-message-en\">Sorry, this entry is only available in <a href=\"https:\/\/www.enerjigazetesi.ist\/tr\/wp-json\/wp\/v2\/posts\/41080\" class=\"qtranxs-available-language-link qtranxs-available-language-link-tr\" title=\"Turkish\">Turkish<\/a>. For the sake of viewer convenience, the content is shown below in the alternative language. You may click the link to switch the active language.<\/p><p><\/p>\n<p style=\"color: #222222;\"><strong>Ekonomik \u0130\u015fbirli\u011fi Kalk\u0131nma \u00d6rg\u00fct\u00fc (OECD) b\u00fcnyesinde faaliyet g\u00f6steren Uluslararas\u0131 Enerji Ajans\u0131, OECD\u2019ye \u00fcye \u00fclkelerinin elektrik t\u00fcketiminin y\u00fczde 22\u2019sini yenilenebilir enerji kaynaklar\u0131ndan sa\u011flad\u0131\u011f\u0131n\u0131 a\u00e7\u0131klad\u0131.<\/strong><span id=\"more-72517\"><\/span><\/p>\n<p style=\"color: #222222;\">Ajans\u0131n bug\u00fcn kamuoyuna a\u00e7\u0131klad\u0131\u011f\u0131 raporda, \u00fcye \u00fclkelerde ge\u00e7en y\u0131l enerji \u00fcretiminin 4 milyar ton petrole e\u015f de\u011fer oldu\u011fu bildirildi.<a href=\"https:\/\/www.enerjigazetesi.ist\/wp-content\/uploads\/2015\/07\/iea-oecdde-elektrik-tuketiminin-yuzde-22si-yenilenebilir-enerjiden.jpg\"><img loading=\"lazy\" class=\"alignleft size-medium wp-image-41081\" src=\"https:\/\/www.enerjigazetesi.ist\/wp-content\/uploads\/2015\/07\/iea-oecdde-elektrik-tuketiminin-yuzde-22si-yenilenebilir-enerjiden-300x165.jpg\" alt=\"iea-oecdde-elektrik-tuketiminin-yuzde-22si-yenilenebilir-enerjiden\" width=\"300\" height=\"165\" srcset=\"https:\/\/www.enerjigazetesi.ist\/wp-content\/uploads\/2015\/07\/iea-oecdde-elektrik-tuketiminin-yuzde-22si-yenilenebilir-enerjiden-300x165.jpg 300w, https:\/\/www.enerjigazetesi.ist\/wp-content\/uploads\/2015\/07\/iea-oecdde-elektrik-tuketiminin-yuzde-22si-yenilenebilir-enerjiden-500x276.jpg 500w, https:\/\/www.enerjigazetesi.ist\/wp-content\/uploads\/2015\/07\/iea-oecdde-elektrik-tuketiminin-yuzde-22si-yenilenebilir-enerjiden-80x44.jpg 80w, https:\/\/www.enerjigazetesi.ist\/wp-content\/uploads\/2015\/07\/iea-oecdde-elektrik-tuketiminin-yuzde-22si-yenilenebilir-enerjiden.jpg 696w\" sizes=\"(max-width: 300px) 100vw, 300px\" \/><\/a><\/p>\n<p>OECD \u00fclkelerinin enerji ihracat\u0131n\u0131n ise 1,7 milyar ton petrole e\u015f de\u011fer oldu\u011funu kaydedilen raporda, enerji ithalat oran\u0131n\u0131n ise y\u00fczde 2,5 oran\u0131nda d\u00fc\u015ferek 1,3 milyar ton petrol e\u015f de\u011ferine indi\u011fi belirtildi.<\/p>\n<p>ABD\u2019de petrol \u00fcretiminin y\u00fczde 12, do\u011falgaz \u00fcretiminin y\u00fczde 5 oran\u0131nda artt\u0131\u011f\u0131 aktar\u0131lan raporda, Avustralya ve Kanada\u2019da ise petrol ve k\u00f6m\u00fcr \u00fcretiminin ge\u00e7en y\u00fczde 5 art\u0131\u015f kaydetti\u011fine i\u015faret edildi.<\/p>\n<p>\u0130klim ko\u015fullar\u0131n\u0131n \u00e7ok sert olmamas\u0131 nedeniyle ge\u00e7en y\u0131l OECD\u2019de gaz t\u00fcketiminin y\u00fczde 2,3, k\u00f6m\u00fcr t\u00fcketimini y\u00fczde 1,9 ve petrol t\u00fcketimin y\u00fczde 0,9 d\u00fc\u015f\u00fc\u015f g\u00f6sterdi\u011fi kaydedildi.<\/p>\n<p>Kaynak: Enerji Enstit\u00fcs\u00fc<\/p>","protected":false},"excerpt":{"rendered":"<p>Sorry, this entry is only available in Turkish. For the sake of viewer convenience, the content is shown below in the alternative language. You may click the link to switch the active language. Ekonomik \u0130\u015fbirli\u011fi Kalk\u0131nma \u00d6rg\u00fct\u00fc (OECD) b\u00fcnyesinde faaliyet g\u00f6steren Uluslararas\u0131 Enerji Ajans\u0131, OECD\u2019ye \u00fcye \u00fclkelerinin elektrik t\u00fcketiminin y\u00fczde 22\u2019sini yenilenebilir enerji kaynaklar\u0131ndan sa\u011flad\u0131\u011f\u0131n\u0131 [&hellip;]<\/p>\n","protected":false},"author":1,"featured_media":41081,"comment_status":"open","ping_status":"open","sticky":false,"template":"","format":"standard","meta":[],"categories":[51,53,49,50],"tags":[130,63,67,1009,23898,23899,2698,165,11380,3537,1314,105],"views":1000,"_links":{"self":[{"href":"https:\/\/www.enerjigazetesi.ist\/en\/wp-json\/wp\/v2\/posts\/41080"}],"collection":[{"href":"https:\/\/www.enerjigazetesi.ist\/en\/wp-json\/wp\/v2\/posts"}],"about":[{"href":"https:\/\/www.enerjigazetesi.ist\/en\/wp-json\/wp\/v2\/types\/post"}],"author":[{"embeddable":true,"href":"https:\/\/www.enerjigazetesi.ist\/en\/wp-json\/wp\/v2\/users\/1"}],"replies":[{"embeddable":true,"href":"https:\/\/www.enerjigazetesi.ist\/en\/wp-json\/wp\/v2\/comments?post=41080"}],"version-history":[{"count":1,"href":"https:\/\/www.enerjigazetesi.ist\/en\/wp-json\/wp\/v2\/posts\/41080\/revisions"}],"predecessor-version":[{"id":41082,"href":"https:\/\/www.enerjigazetesi.ist\/en\/wp-json\/wp\/v2\/posts\/41080\/revisions\/41082"}],"wp:featuredmedia":[{"embeddable":true,"href":"https:\/\/www.enerjigazetesi.ist\/en\/wp-json\/wp\/v2\/media\/41081"}],"wp:attachment":[{"href":"https:\/\/www.enerjigazetesi.ist\/en\/wp-json\/wp\/v2\/media?parent=41080"}],"wp:term":[{"taxonomy":"category","embeddable":true,"href":"https:\/\/www.enerjigazetesi.ist\/en\/wp-json\/wp\/v2\/categories?post=41080"},{"taxonomy":"post_tag","embeddable":true,"href":"https:\/\/www.enerjigazetesi.ist\/en\/wp-json\/wp\/v2\/tags?post=41080"}],"curies":[{"name":"wp","href":"https:\/\/api.w.org\/{rel}","templated":true}]}}