{"id":41015,"date":"2015-07-05T17:11:22","date_gmt":"2015-07-05T14:11:22","guid":{"rendered":"https:\/\/www.enerjigazetesi.ist\/?p=41015"},"modified":"2015-07-05T17:13:07","modified_gmt":"2015-07-05T14:13:07","slug":"ey-turkiye-karbon-ayak-izini-azaltmayi-hedefliyor","status":"publish","type":"post","link":"https:\/\/www.enerjigazetesi.ist\/en\/ey-turkiye-karbon-ayak-izini-azaltmayi-hedefliyor\/","title":{"rendered":"(Turkish) EY T\u00fcrkiye Karbon Ayak \u0130zini Azaltmay\u0131 Hedefliyor&#8230;"},"content":{"rendered":"<p class=\"qtranxs-available-languages-message qtranxs-available-languages-message-en\">Sorry, this entry is only available in <a href=\"https:\/\/www.enerjigazetesi.ist\/tr\/wp-json\/wp\/v2\/posts\/41015\" class=\"qtranxs-available-language-link qtranxs-available-language-link-tr\" title=\"Turkish\">Turkish<\/a>. For the sake of viewer convenience, the content is shown below in the alternative language. You may click the link to switch the active language.<\/p><p><strong>EY T\u00fcrkiye, karbon ayak izini en aza indirmek i\u00e7in ofis enerji t\u00fcketimini ve i\u015f seyahatlerinden kaynaklanan karbondioksit \u00fcretimini d\u00fc\u015f\u00fcrmeyi hedefliyor.<\/strong><\/p>\n<p>Uluslararas\u0131 denetim ve dan\u0131\u015fmanl\u0131k \u015firketi EY T\u00fcrkiye\u2019nin ilk defa haz\u0131rlad\u0131\u011f\u0131 2014 y\u0131l\u0131 S\u00fcrd\u00fcr\u00fclebilirlik Raporu`na g\u00f6re, karbon ayak izini en aza indirmek konusu \u00fczerinde titizlikle duran EY T\u00fcrkiye, bunun i\u00e7in ofis enerji t\u00fc<a href=\"https:\/\/www.enerjigazetesi.ist\/wp-content\/uploads\/2015\/07\/ey-turkiye-karbon-ayak-izini-azaltmayi-hedefliyor.png\"><img loading=\"lazy\" class=\"alignright  wp-image-41018\" src=\"https:\/\/www.enerjigazetesi.ist\/wp-content\/uploads\/2015\/07\/ey-turkiye-karbon-ayak-izini-azaltmayi-hedefliyor-300x300.png\" alt=\"ey-turkiye-karbon-ayak-izini-azaltmayi-hedefliyor\" width=\"290\" height=\"229\" \/><\/a>ketimini ve i\u015f seyahatlerinden kaynaklanan karbondioksit \u00fcretimini y\u0131ldan y\u0131la en aza indirme hedefiyle \u00e7al\u0131\u015f\u0131yor.<\/p>\n<p>S\u00fcrd\u00fcr\u00fclebilirlik Raporu\u2019nun haz\u0131rlanmas\u0131 s\u00fcrecinde \u00f6ncelikle Sera Gaz\u0131 Protokol\u00fc uyar\u0131nca t\u00fcm ofislerine ve i\u015f seyahatlerine ait karbon ayak izini hesaplayan EY T\u00fcrkiye, her ge\u00e7en y\u0131l \u00e7evresel ayak izini azaltmay\u0131 ve bu alandaki performans\u0131n\u0131 iyile\u015ftirmeyi hedefliyor.<\/p>\n<p>EY T\u00fcrkiye, gelecek d\u00f6nemlerde sera gaz\u0131 emisyonlar\u0131n\u0131 d\u00fc\u015f\u00fcrme hedeflerini belirleyerek bu hedeflerle ilgili payda\u015flarla ileti\u015fim i\u00e7erisinde olmak \u00fczere i\u00e7 s\u00fcrd\u00fcr\u00fclebilirlik stratejisi ve giri\u015fimlerinden sorumlu bir S\u00fcrd\u00fcr\u00fclebilirlik Komitesini de hayata ge\u00e7irdi.<\/p>\n<p>Rapor, \u015firketin sosyal, ekonomik ve \u00e7evresel de\u011ferlere y\u00f6nelik s\u00fcrd\u00fcr\u00fclebilirlik odakl\u0131 \u00e7al\u0131\u015fmalar\u0131n\u0131 ortaya koyuyor. EY T\u00fcrkiye\u2019nin \u0130klim De\u011fi\u015fikli\u011fi ve S\u00fcrd\u00fcr\u00fclebilirlik Hizmetleri, organizasyonlar\u0131n s\u00fcrd\u00fcr\u00fclebilirlik stratejisi geli\u015ftirmelerine ve bu alandaki performanslar\u0131n\u0131 iyile\u015ftirmelerine yard\u0131mc\u0131 oluyor.<\/p>\n<p>EY T\u00fcrkiye uzmanlar\u0131, m\u00fc\u015fterilerine enerji t\u00fcketimini azaltmalar\u0131, karbon sal\u0131n\u0131m\u0131n\u0131 en aza indirmeleri ve \u015firket itibarlar\u0131n\u0131 y\u00fckseltmeleri konusunda tavsiyelerde bulunuyor.<\/p>\n<p>%51\u2019i kad\u0131n, % 49\u2019u erkeklerden olu\u015fan 1043 EY T\u00fcrkiye \u00e7al\u0131\u015fan\u0131, bir y\u0131l\u0131k s\u00fcre i\u00e7inde, s\u00fcrd\u00fcr\u00fclebilirlik konular\u0131n\u0131n da \u00f6nemli yer tuttu\u011fu toplam 33.714 saatlik e\u011fitim ald\u0131. Rapor, EY\u2019nin istihdam politikas\u0131n\u0131n ana ilkelerinden biri olan yetene\u011fin de\u011ferlendirilmesinde en \u00fcst d\u00fczeyde \u00e7e\u015fitlili\u011fi sa\u011flamak hedefini ve bu hedefe ula\u015fma yolunda yap\u0131lan \u00e7al\u0131\u015fmalar\u0131 ortaya koyuyor.<\/p>\n<p>Ekonomik istikrar ve geli\u015fimin korunmas\u0131na katk\u0131da bulunmay\u0131 topluma katk\u0131da bulunman\u0131n yollar\u0131ndan biri olarak g\u00f6ren EY, ge\u00e7en 15 y\u0131l i\u00e7inde D\u00fcnya Ekonomik Forumu\u2019nu stratejik ortak olarak destekledi, ekonomik kalk\u0131nmay\u0131 \u015fekillendirme yolunda bilgi ve deneyimlerini d\u00fcnyan\u0131n en etkili i\u015f liderleri, politikac\u0131lar\u0131 ve akademisyenleri ile payla\u015ft\u0131.<\/p>\n<p><strong>\u0130\u015e D\u00dcNYASINDA KADIN L\u0130DERLERE DESTEK<\/strong><\/p>\n<p>EY T\u00fcrkiye S\u00fcrd\u00fcr\u00fclebilirlik Raporu, i\u015f d\u00fcnyas\u0131nda kad\u0131nlar\u0131n liderli\u011finin organizasyonlar\u0131n performans\u0131n\u0131 y\u00fckseltti\u011fini ve gelece\u011fin k\u00fcresel \u00e7aptaki sorunlar\u0131n\u0131n \u00e7\u00f6z\u00fcm\u00fcnde \u00f6nemli katk\u0131 sa\u011flad\u0131\u011f\u0131n\u0131 vurguluyor. EY T\u00fcrkiye S\u00fcrd\u00fcr\u00fclebilirlik Raporu, \u00fclkelerin refah seviyesinin artmas\u0131nda ve \u015firketlerin s\u00fcrd\u00fcr\u00fclebilir ba\u015far\u0131y\u0131 yakalamalar\u0131nda kad\u0131n liderlerin rol\u00fcne i\u015faret ediyor ve EY T\u00fcrkiye b\u00fcnyesinde kad\u0131n liderlerin say\u0131s\u0131n\u0131n artmas\u0131n\u0131n \u015firketin ba\u015far\u0131s\u0131nda b\u00fcy\u00fck bir rol oynad\u0131\u011f\u0131n\u0131 ortaya koyuyor. 2014 EY S\u00fcrd\u00fcr\u00fclebilirlik raporunda i\u015f hayat\u0131nda Kad\u0131n\u2019\u0131n rol\u00fc ve Kad\u0131n liderlere ili\u015fkin olarak destekledi\u011fi programlara ili\u015fkin bilgilere yer veriliyor.<\/p>\n<p>EY T\u00fcrkiye\u2019nin ilk S\u00fcrd\u00fcr\u00fclebilirlik Raporu, Global Reporting Initiative (GRI) G4 rehberine uygun olarak haz\u0131rland\u0131. Rapor, GRI taraf\u0131ndan \u00f6ncelikli g\u00f6stergelerin beyan\u0131 (Materiality Disclosures) uygunluk onay\u0131na da sahip.<\/p>\n<p>Kaynak: B\u00fcltenler<\/p>","protected":false},"excerpt":{"rendered":"<p>Sorry, this entry is only available in Turkish. For the sake of viewer convenience, the content is shown below in the alternative language. You may click the link to switch the active language.EY T\u00fcrkiye, karbon ayak izini en aza indirmek i\u00e7in ofis enerji t\u00fcketimini ve i\u015f seyahatlerinden kaynaklanan karbondioksit \u00fcretimini d\u00fc\u015f\u00fcrmeyi hedefliyor. Uluslararas\u0131 denetim ve [&hellip;]<\/p>\n","protected":false},"author":1,"featured_media":41018,"comment_status":"open","ping_status":"open","sticky":false,"template":"","format":"standard","meta":[],"categories":[53],"tags":[63,67,1009,2698,165,16724,11399,1296],"views":1500,"_links":{"self":[{"href":"https:\/\/www.enerjigazetesi.ist\/en\/wp-json\/wp\/v2\/posts\/41015"}],"collection":[{"href":"https:\/\/www.enerjigazetesi.ist\/en\/wp-json\/wp\/v2\/posts"}],"about":[{"href":"https:\/\/www.enerjigazetesi.ist\/en\/wp-json\/wp\/v2\/types\/post"}],"author":[{"embeddable":true,"href":"https:\/\/www.enerjigazetesi.ist\/en\/wp-json\/wp\/v2\/users\/1"}],"replies":[{"embeddable":true,"href":"https:\/\/www.enerjigazetesi.ist\/en\/wp-json\/wp\/v2\/comments?post=41015"}],"version-history":[{"count":2,"href":"https:\/\/www.enerjigazetesi.ist\/en\/wp-json\/wp\/v2\/posts\/41015\/revisions"}],"predecessor-version":[{"id":41019,"href":"https:\/\/www.enerjigazetesi.ist\/en\/wp-json\/wp\/v2\/posts\/41015\/revisions\/41019"}],"wp:featuredmedia":[{"embeddable":true,"href":"https:\/\/www.enerjigazetesi.ist\/en\/wp-json\/wp\/v2\/media\/41018"}],"wp:attachment":[{"href":"https:\/\/www.enerjigazetesi.ist\/en\/wp-json\/wp\/v2\/media?parent=41015"}],"wp:term":[{"taxonomy":"category","embeddable":true,"href":"https:\/\/www.enerjigazetesi.ist\/en\/wp-json\/wp\/v2\/categories?post=41015"},{"taxonomy":"post_tag","embeddable":true,"href":"https:\/\/www.enerjigazetesi.ist\/en\/wp-json\/wp\/v2\/tags?post=41015"}],"curies":[{"name":"wp","href":"https:\/\/api.w.org\/{rel}","templated":true}]}}