{"id":40981,"date":"2015-07-04T17:51:41","date_gmt":"2015-07-04T14:51:41","guid":{"rendered":"https:\/\/www.enerjigazetesi.ist\/?p=40981"},"modified":"2015-07-04T17:51:41","modified_gmt":"2015-07-04T14:51:41","slug":"eyden-surdurulebilirlige-tam-destek","status":"publish","type":"post","link":"https:\/\/www.enerjigazetesi.ist\/en\/eyden-surdurulebilirlige-tam-destek\/","title":{"rendered":"(Turkish) EY\u2019den S\u00fcrd\u00fcr\u00fclebilirli\u011fe Tam Destek!"},"content":{"rendered":"<p class=\"qtranxs-available-languages-message qtranxs-available-languages-message-en\">Sorry, this entry is only available in <a href=\"https:\/\/www.enerjigazetesi.ist\/tr\/wp-json\/wp\/v2\/posts\/40981\" class=\"qtranxs-available-language-link qtranxs-available-language-link-tr\" title=\"Turkish\">Turkish<\/a>. For the sake of viewer convenience, the content is shown below in the alternative language. You may click the link to switch the active language.<\/p><p><\/p>\n<p style=\"color: #363636;\"><strong>Uluslararas\u0131 dan\u0131\u015fmanl\u0131k, vergi, denetim hizmetleriyle bu alanda k\u00fcresel lider konumunda olan EY\u2019nin 2014 y\u0131l\u0131 S\u00fcrd\u00fcr\u00fclebilirlik Raporu yay\u0131nland\u0131.<\/strong><\/p>\n<p style=\"color: #363636;\">EY T\u00fcrkiye taraf\u0131ndan ilk kez haz\u0131rlanan rapor, EY\u2019nin \u00e7evreye, payda\u015flar\u0131na ve \u00e7al\u0131\u015fanlar\u0131na y\u00f6nelik sorumlu ve duyarl\u0131 uygulamalar\u0131n\u0131 ortaya koyuyor. Hizmet verdi\u011fi organizasyonlar\u0131n s\u00fcrd\u00fcr\u00fclebilirlik stratejisi geli\u015ftirmelerine yard\u0131mc\u0131 olan EY, profesyonel hizmet sa\u011flay\u0131c\u0131 ol<a href=\"https:\/\/www.enerjigazetesi.ist\/wp-content\/uploads\/2015\/07\/eyden-surdurulebilirlige-tam-destek.jpg\"><img loading=\"lazy\" class=\"alignleft wp-image-40982\" src=\"https:\/\/www.enerjigazetesi.ist\/wp-content\/uploads\/2015\/07\/eyden-surdurulebilirlige-tam-destek.jpg\" alt=\"eyden-surdurulebilirlige-tam-destek\" width=\"300\" height=\"194\" \/><\/a>arak sosyal, ekonomik ve \u00e7evresel alanda s\u00fcrd\u00fcr\u00fclebilirli\u011fe katk\u0131da bulunuyor.<\/p>\n<p style=\"color: #363636;\">Uluslararas\u0131 denetim ve dan\u0131\u015fmanl\u0131k \u015firketi EY T\u00fcrkiye\u2019nin 2014 S\u00fcrd\u00fcr\u00fclebilirlik Raporu, \u015firketin sosyal, ekonomik ve \u00e7evresel de\u011ferlere y\u00f6nelik s\u00fcrd\u00fcr\u00fclebilirlik odakl\u0131 \u00e7al\u0131\u015fmalar\u0131n\u0131 ortaya koyuyor.<\/p>\n<p style=\"color: #363636;\">Profesyonel hizmetler alan\u0131nda lider konumuyla s\u00fcrd\u00fcr\u00fclebilirli\u011fi destekleyen EY T\u00fcrkiye\u2019nin \u0130klim De\u011fi\u015fikli\u011fi ve S\u00fcrd\u00fcr\u00fclebilirlik Hizmetleri, organizasyonlar\u0131n s\u00fcrd\u00fcr\u00fclebilirlik stratejisi geli\u015ftirmelerine ve bu alandaki performanslar\u0131n\u0131 iyile\u015ftirmelerine yard\u0131mc\u0131 oluyor.<\/p>\n<p style=\"color: #363636;\">Ama\u00e7; s\u00fcrd\u00fcr\u00fclebilirli\u011fe en \u00fcst d\u00fczeyde katk\u0131da bulunmak ve karbon ayak izini k\u00fc\u00e7\u00fcltmek<\/p>\n<p style=\"color: #363636;\">EY T\u00fcrkiye uzmanlar\u0131, m\u00fc\u015fterilerine enerji t\u00fcketimini azaltmalar\u0131, karbon sal\u0131n\u0131m\u0131n\u0131 en aza indirmeleri ve \u015firket itibarlar\u0131n\u0131 y\u00fckseltmeleri konusunda tavsiyelerde bulunuyor.<\/p>\n<p style=\"color: #363636;\">%51\u2019i kad\u0131n, % 49\u2019u erkeklerden olu\u015fan 1043 EY T\u00fcrkiye \u00e7al\u0131\u015fan\u0131, bir y\u0131l\u0131k s\u00fcre i\u00e7inde, s\u00fcrd\u00fcr\u00fclebilirlik konular\u0131n\u0131n da \u00f6nemli yer tuttu\u011fu toplam 33.714 saatlik e\u011fitim ald\u0131. Rapor, EY\u2019nin istihdam politikas\u0131n\u0131n ana ilkelerinden biri olan yetene\u011fin de\u011ferlendirilmesinde en \u00fcst d\u00fczeyde \u00e7e\u015fitlili\u011fi sa\u011flamak hedefini ve bu hedefe ula\u015fma yolunda yap\u0131lan \u00e7al\u0131\u015fmalar\u0131 ortaya koyuyor.<\/p>\n<p style=\"color: #363636;\">Ekonomik istikrar ve geli\u015fimin korunmas\u0131na katk\u0131da bulunmay\u0131 topluma katk\u0131da bulunman\u0131n yollar\u0131ndan biri olarak g\u00f6ren EY, ge\u00e7en 15 y\u0131l i\u00e7inde D\u00fcnya Ekonomik Forumu\u2019nu stratejik ortak olarak destekledi, ekonomik kalk\u0131nmay\u0131 \u015fekillendirme yolunda bilgi ve deneyimlerini d\u00fcnyan\u0131n en etkili i\u015f liderleri, politikac\u0131lar\u0131 ve akademisyenleri ile payla\u015ft\u0131.<\/p>\n<p style=\"color: #363636;\">Karbon ayak izini en aza indirmek konusu \u00fczerinde titizlikle duran EY T\u00fcrkiye, bunun i\u00e7in ofis enerji t\u00fcketimini ve i\u015f seyahatlerinden kaynaklanan karbondioksit \u00fcretimini y\u0131ldan y\u0131la en aza indirme hedefiyle \u00e7al\u0131\u015f\u0131yor. S\u00fcrd\u00fcr\u00fclebilirlik Raporu\u2019nun haz\u0131rlanmas\u0131 s\u00fcrecinde \u00f6ncelikle Sera Gaz\u0131 Protokol\u00fc uyar\u0131nca t\u00fcm ofislerine ve i\u015f seyahatlerine ait karbon ayak izini hesaplayan EY T\u00fcrkiye, her ge\u00e7en y\u0131l \u00e7evresel ayak izini azaltmay\u0131 ve bu alandaki performans\u0131n\u0131 iyile\u015ftirmeyi hedefliyor.<\/p>\n<p style=\"color: #363636;\">EY T\u00fcrkiye, gelecek d\u00f6nemlerde sera gaz\u0131 emisyonlar\u0131n\u0131 d\u00fc\u015f\u00fcrme hedeflerini belirleyerek bu hedeflerle ilgili payda\u015flarla ileti\u015fim i\u00e7erisinde olmak \u00fczere i\u00e7 s\u00fcrd\u00fcr\u00fclebilirlik stratejisi ve giri\u015fimlerinden sorumlu bir S\u00fcrd\u00fcr\u00fclebilirlik Komitesini de hayata ge\u00e7irdi.<\/p>\n<p style=\"color: #363636;\">EY T\u00fcrkiye\u2019nin ilk S\u00fcrd\u00fcr\u00fclebilirlik Raporu, Global Reporting Initiative (GRI) G4 rehberine uygun olarak haz\u0131rland\u0131. Rapor, GRI taraf\u0131ndan \u00f6ncelikli g\u00f6stergelerin beyan\u0131 (Materiality Disclosures) uygunluk onay\u0131na da sahip.<\/p>\n<p style=\"color: #363636;\">EY T\u00fcrkiye, i\u015f d\u00fcnyas\u0131nda kad\u0131nlar\u0131n liderli\u011fini destekliyor<\/p>\n<p style=\"color: #363636;\">EY T\u00fcrkiye S\u00fcrd\u00fcr\u00fclebilirlik Raporu, i\u015f d\u00fcnyas\u0131nda kad\u0131nlar\u0131n liderli\u011finin organizasyonlar\u0131n performans\u0131n\u0131 y\u00fckseltti\u011fini ve gelece\u011fin k\u00fcresel \u00e7aptaki sorunlar\u0131n\u0131n \u00e7\u00f6z\u00fcm\u00fcnde \u00f6nemli katk\u0131 sa\u011flad\u0131\u011f\u0131n\u0131 vurguluyor. EY T\u00fcrkiye S\u00fcrd\u00fcr\u00fclebilirlik Raporu, \u00fclkelerin refah seviyesinin artmas\u0131nda ve \u015firketlerin s\u00fcrd\u00fcr\u00fclebilir ba\u015far\u0131y\u0131 yakalamalar\u0131nda kad\u0131n liderlerin rol\u00fcne i\u015faret ediyor ve EY T\u00fcrkiye b\u00fcnyesinde kad\u0131n liderlerin say\u0131s\u0131n\u0131n artmas\u0131n\u0131n \u015firketin ba\u015far\u0131s\u0131nda b\u00fcy\u00fck bir rol oynad\u0131\u011f\u0131n\u0131 ortaya koyuyor. 2014 EY S\u00fcrd\u00fcr\u00fclebilirlik raporunda i\u015f hayat\u0131nda Kad\u0131n\u2019\u0131n rol\u00fc ve Kad\u0131n liderlere ili\u015fkin olarak destekledi\u011fi programlara ili\u015fkin bilgilere yer veriliyor.<\/p>\n<p style=\"color: #363636;\">T\u00fcrkiye\u2019de de aralar\u0131nda Koruncuk Vakf\u0131, TEMA ve Avrasya Maratonu\u2019nun bulundu\u011fu sivil toplum giri\u015fimlerini ve etkinlikleri destekleyen EY, hayata ge\u00e7irdi\u011fi \u00e7e\u015fitli programlarla, s\u00fcrd\u00fcr\u00fclebilir kalk\u0131nman\u0131n sa\u011flanmas\u0131nda \u00f6zellikle kad\u0131nlar\u0131n rol\u00fcn\u00fcn daha da art\u0131r\u0131lmas\u0131na destek veriyor.<br \/>\n\u00c7al\u0131\u015fma d\u00fcnyas\u0131nda ilham veren ba\u015far\u0131lara imza atan kad\u0131nlar\u0131 destekleyen EY, hem k\u00fcresel \u00e7apta hem de T\u00fcrkiye\u2019de gen\u00e7 kad\u0131n giri\u015fimcileri gelece\u011fin i\u015f liderleri olma yolunda \u00e7e\u015fitli i\u015fbirli\u011fi, sponsorluk programlar\u0131 ve platformlar arac\u0131l\u0131\u011f\u0131yla destekliyor.<\/p>\n<p style=\"color: #363636;\">T\u00fcm d\u00fcnyada kamu \u00e7al\u0131\u015fanlar\u0131nda y\u00fcksek bir orana sahip olan kad\u0131nlar\u0131n liderlik rollerindeki oranlar\u0131n\u0131n ise ancak %20 olmas\u0131ndan yola \u00e7\u0131kan EY, bu cinsiyet e\u015fitsizli\u011fi sorununun \u00e7\u00f6z\u00fcm\u00fcne de katk\u0131da bulunuyor.<\/p>\n<p style=\"color: #363636;\">EY\u2019nin D\u00fcnya Kad\u0131n Kamu Sekt\u00f6r\u00fc Liderleri A\u011f\u0131, kamu sekt\u00f6r\u00fcndeki kad\u0131n liderleri tan\u0131\u015ft\u0131r\u0131p k\u00fcresel bir \u00e7er\u00e7evede bir araya getirmeyi ve liderlik deneyimlerini payla\u015fmalar\u0131n\u0131 sa\u011fl\u0131yor. EY Kamu Sekt\u00f6r\u00fcnde Kad\u0131n Liderleri \u0130ndeksi, belirli aksiyonlar\u0131n al\u0131nmas\u0131yla liderlik rollerinde kad\u0131nlar\u0131n daha fazla temsil edilmesinin sa\u011flanabildi\u011fini ortaya koyuyor.<br \/>\nGlobal Women in Business Advisory Council (GWBAC),\u2002kad\u0131n giri\u015fimci ve liderlere, fikir ve deneyim al\u0131\u015fveri\u015fi, sermaye temini, ko\u00e7luk f\u0131rsatlar\u0131 ve ilgili alanlarda geni\u015f bir network\u2019e eri\u015fim olanaklar\u0131 sunuyor.<\/p>\n<p style=\"color: #363636;\">Entrepreneurial Winning Women program\u0131 ise, net b\u00fcy\u00fcme hedeflerine sahip kad\u0131n giri\u015fimcileri yat\u0131r\u0131mc\u0131lar, dan\u0131\u015fmanlar ve i\u015f liderlerinin olu\u015fturdu\u011fu etkili bir a\u011f ile bir araya getiriyor. Kad\u0131n Atletler K\u00fcresel \u0130\u015f A\u011f\u0131 (Women Athletes Global Business Network ) atletizm alan\u0131nda ba\u015far\u0131l\u0131 olan elit kad\u0131n atletlerin bu de\u011ferli yeteneklerini i\u015f d\u00fcnyas\u0131nda kullanmalar\u0131na yard\u0131mc\u0131 olmay\u0131 ama\u00e7layan bir program.<\/p>\n<p style=\"color: #363636;\">\u201cEY T\u00fcrkiye, t\u00fcm sekt\u00f6rlere y\u00f6nelik sundu\u011fu g\u00fcvence ve dan\u0131\u015fmanl\u0131k hizmetleri yelpazesi ile destek oldu\u011fu m\u00fc\u015fterilerini, iklim de\u011fi\u015fikli\u011fi ve s\u00fcrd\u00fcr\u00fclebilirlik liderleri aras\u0131nda yer almalar\u0131 i\u00e7in yerel ve k\u00fcresel \u00f6l\u00e7ekte desteklemektedir\u201d diyen EY T\u00fcrkiye \u0130klim De\u011fi\u015fikli\u011fi ve S\u00fcrd\u00fcr\u00fclebilirlik Hizmetleri lideri Zeynep Okuyan \u015funlar\u0131 s\u00f6yledi:<\/p>\n<p style=\"color: #363636;\">\u201cSekt\u00f6rde bir ilk olarak imza att\u0131\u011f\u0131m\u0131z; yaratt\u0131\u011f\u0131m\u0131z fark\u0131ndal\u0131k ve hayata ge\u00e7irdi\u011fimiz projeleri kapsayan S\u00fcrd\u00fcr\u00fclebilirlik Raporumuz, T\u00fcrkiye\u2019de ve uluslararas\u0131 alanda faaliyet g\u00f6steren bir firma olarak, s\u00fcrd\u00fcr\u00fclebilirlik konusunda ba\u011fl\u0131l\u0131k ve tutku ile ger\u00e7ekle\u015ftirdi\u011fimiz bir\u00e7ok giri\u015fimimiz aras\u0131nda yerini alm\u0131\u015ft\u0131r. Her zaman konusunda \u00f6nc\u00fc olmay\u0131 hedefleyen ekibimiz bu ilki her sene daha iyiye g\u00f6t\u00fcrmek ve hedeflerine ula\u015fmak i\u00e7in \u00e7al\u0131\u015fmalar\u0131na devam etmektedir.\u201d<\/p>\n<p style=\"color: #363636;\">Kaynak: B\u00fcltenler<\/p>\n<p><\/p>","protected":false},"excerpt":{"rendered":"<p>Sorry, this entry is only available in Turkish. For the sake of viewer convenience, the content is shown below in the alternative language. You may click the link to switch the active language. Uluslararas\u0131 dan\u0131\u015fmanl\u0131k, vergi, denetim hizmetleriyle bu alanda k\u00fcresel lider konumunda olan EY\u2019nin 2014 y\u0131l\u0131 S\u00fcrd\u00fcr\u00fclebilirlik Raporu yay\u0131nland\u0131. EY T\u00fcrkiye taraf\u0131ndan ilk kez [&hellip;]<\/p>\n","protected":false},"author":1,"featured_media":40982,"comment_status":"open","ping_status":"open","sticky":false,"template":"","format":"standard","meta":[],"categories":[53],"tags":[2530,63,67,1009,2698,165,148,21816,16724,1221,1296],"views":789,"_links":{"self":[{"href":"https:\/\/www.enerjigazetesi.ist\/en\/wp-json\/wp\/v2\/posts\/40981"}],"collection":[{"href":"https:\/\/www.enerjigazetesi.ist\/en\/wp-json\/wp\/v2\/posts"}],"about":[{"href":"https:\/\/www.enerjigazetesi.ist\/en\/wp-json\/wp\/v2\/types\/post"}],"author":[{"embeddable":true,"href":"https:\/\/www.enerjigazetesi.ist\/en\/wp-json\/wp\/v2\/users\/1"}],"replies":[{"embeddable":true,"href":"https:\/\/www.enerjigazetesi.ist\/en\/wp-json\/wp\/v2\/comments?post=40981"}],"version-history":[{"count":1,"href":"https:\/\/www.enerjigazetesi.ist\/en\/wp-json\/wp\/v2\/posts\/40981\/revisions"}],"predecessor-version":[{"id":40983,"href":"https:\/\/www.enerjigazetesi.ist\/en\/wp-json\/wp\/v2\/posts\/40981\/revisions\/40983"}],"wp:featuredmedia":[{"embeddable":true,"href":"https:\/\/www.enerjigazetesi.ist\/en\/wp-json\/wp\/v2\/media\/40982"}],"wp:attachment":[{"href":"https:\/\/www.enerjigazetesi.ist\/en\/wp-json\/wp\/v2\/media?parent=40981"}],"wp:term":[{"taxonomy":"category","embeddable":true,"href":"https:\/\/www.enerjigazetesi.ist\/en\/wp-json\/wp\/v2\/categories?post=40981"},{"taxonomy":"post_tag","embeddable":true,"href":"https:\/\/www.enerjigazetesi.ist\/en\/wp-json\/wp\/v2\/tags?post=40981"}],"curies":[{"name":"wp","href":"https:\/\/api.w.org\/{rel}","templated":true}]}}