{"id":40951,"date":"2015-07-03T14:16:49","date_gmt":"2015-07-03T11:16:49","guid":{"rendered":"https:\/\/www.enerjigazetesi.ist\/?p=40951"},"modified":"2015-07-03T14:16:49","modified_gmt":"2015-07-03T11:16:49","slug":"yorum-nukleer-pazarlikta-uzatma-fasli","status":"publish","type":"post","link":"https:\/\/www.enerjigazetesi.ist\/en\/yorum-nukleer-pazarlikta-uzatma-fasli\/","title":{"rendered":"(Turkish) Yorum: N\u00fckleer Pazarl\u0131kta Uzatma Fasl\u0131!"},"content":{"rendered":"<p class=\"qtranxs-available-languages-message qtranxs-available-languages-message-en\">Sorry, this entry is only available in <a href=\"https:\/\/www.enerjigazetesi.ist\/tr\/wp-json\/wp\/v2\/posts\/40951\" class=\"qtranxs-available-language-link qtranxs-available-language-link-tr\" title=\"Turkish\">Turkish<\/a>. For the sake of viewer convenience, the content is shown below in the alternative language. You may click the link to switch the active language.<\/p><p><\/p>\n<p style=\"color: #222222;\"><strong>Ge\u00e7en sal\u0131 (30 Haziran) gece yar\u0131s\u0131, IMF\u2019ye 1.6 milyar euro\u2019luk borucunu \u00f6demesi gereken Yunanistan i\u00e7in oldu\u011fu gibi, P5+1 grubu ile n\u00fckleer anla\u015fmaya varmas\u0131 beklenen \u0130ran i\u00e7in de kritik bir saatti\u2026<\/strong><\/p>\n<p style=\"color: #222222;\">Yunanistan y\u00fck\u00fcml\u00fcl\u00fc\u011f\u00fcn\u00fc<a href=\"https:\/\/www.enerjigazetesi.ist\/wp-content\/uploads\/2015\/07\/yorum-nukleer-pazarlikta-uzatma-fasli.jpg\"><img loading=\"lazy\" class=\"alignleft size-medium wp-image-40952\" src=\"https:\/\/www.enerjigazetesi.ist\/wp-content\/uploads\/2015\/07\/yorum-nukleer-pazarlikta-uzatma-fasli-300x225.jpg\" alt=\"yorum-nukleer-pazarlikta-uzatma-fasli\" width=\"300\" height=\"225\" srcset=\"https:\/\/www.enerjigazetesi.ist\/wp-content\/uploads\/2015\/07\/yorum-nukleer-pazarlikta-uzatma-fasli-300x225.jpg 300w, https:\/\/www.enerjigazetesi.ist\/wp-content\/uploads\/2015\/07\/yorum-nukleer-pazarlikta-uzatma-fasli-66x50.jpg 66w, https:\/\/www.enerjigazetesi.ist\/wp-content\/uploads\/2015\/07\/yorum-nukleer-pazarlikta-uzatma-fasli.jpg 364w\" sizes=\"(max-width: 300px) 100vw, 300px\" \/><\/a> yerine getiremedi, kriz daha da vahim bir a\u015famaya girdi.<br \/>\n\u0130ran ile muhataplar\u0131 aras\u0131ndaki m\u00fczakereler, verilen s\u00fcre i\u00e7inde tamamlanamad\u0131; ama s\u00fcre\u00e7 kesilmedi, taraflar \u201cuzatma\u201dya gitmeyi tercih etti. Yeni -ve son- tarih: 7 Temmuz Sal\u0131 g\u00fcn\u00fc.<br \/>\nTesad\u00fcfen Yunanistan\u2019a ve \u0130ran\u2019a anla\u015fmaya varmalar\u0131 i\u00e7in verilen s\u00fcre ayn\u0131 anda doluyordu. Ama a\u00e7\u0131k\u00e7as\u0131 d\u00fcnyan\u0131n g\u00f6z\u00fc kula\u011f\u0131 iflas\u0131n e\u015fi\u011fine gelen Atina\u2019ya \u00e7evrilmi\u015fti. \u0130ran\u2019la m\u00fczakerelerin yap\u0131ld\u0131\u011f\u0131 Viyana\u2019dan gelen bir haftal\u0131k uzatma haberi ise rahatlat\u0131c\u0131 idi\u2026<\/p>\n<p style=\"color: #222222;\">Ama bu, 13 y\u0131ld\u0131r devam eden ve zaman zaman bir sava\u015f tehlikesini yaratan \u0130ran krizinin daha az \u00f6nemli oldu\u011fu anlam\u0131na gelmiyor\u2026<\/p>\n<h2 style=\"font-weight: 400; color: #111111;\"><strong>Taslak haz\u0131r<\/strong><\/h2>\n<p style=\"color: #222222;\">Asl\u0131nda ortada P5+1 ile \u0130ran aras\u0131nda ge\u00e7en nisan ay\u0131nda var\u0131lm\u0131\u015f olan bir anla\u015fma \u201ctasla\u011f\u0131\u201d var. Son pazarl\u0131klar bu \u00e7er\u00e7eve i\u00e7inde, teknik birtak\u0131m detaylar \u00fczerinde cereyan etti. \u015eimdiki \u201cuzatma\u201dda da bunlar tart\u0131\u015f\u0131l\u0131yor.<br \/>\nGe\u00e7en nisanda Lozan\u2019da parafe edilen mutabakat, asl\u0131nda krize son verecek temel unsurlar\u0131 i\u00e7eriyor. Genel bir ifadeyle, bu mutabakat \u0130ran\u2019\u0131n atom silah\u0131n\u0131 \u00fcretmesinin \u00f6n\u00fcn\u00fc kesiyor, ancak onu bar\u0131\u015f\u00e7\u0131 n\u00fckleer enerji program\u0131n\u0131 y\u00fcr\u00fctmekte serbest b\u0131rak\u0131yor. Bu ba\u011flamda anla\u015fma \u0130ran\u2019\u0131n n\u00fckleer tesislerinin ve uranyumla ilgili faaliyetinin s\u0131k\u0131 uluslararas\u0131 kontrol alt\u0131na al\u0131nmas\u0131n\u0131 \u00f6ng\u00f6r\u00fcyor. Buna kar\u015f\u0131l\u0131k \u0130ran, son y\u0131llarda ekonomisine \u00e7ok zarar veren uluslararas\u0131 ambargodan kurtulacak ve Bat\u0131 ile ili\u015fkilerini de normalle\u015ftirebilecek\u2026<\/p>\n<h2 style=\"font-weight: 400; color: #111111;\"><strong>Son p\u00fcr\u00fczler<\/strong><\/h2>\n<p style=\"color: #222222;\">Lozan\u2019da bu mutabakat sa\u011fland\u0131\u011f\u0131 zaman, Bat\u0131s\u0131 ve Do\u011fusu ile b\u00fct\u00fcn d\u00fcnya ve de \u0130ran bunu diplomasinin \u201ckazan-kazan\u201d esas\u0131na dayal\u0131 bir zaferi olarak, co\u015fkuyla kar\u015f\u0131lam\u0131\u015ft\u0131.<br \/>\nAnla\u015fman\u0131n son \u015feklini al\u0131p y\u00fcr\u00fcrl\u00fc\u011fe girecek hale getirilmesi i\u00e7in haftalardan beri yap\u0131lan \u201cdetay \u00e7al\u0131\u015fmalar\u0131\u201dnda, \u00f6zellikle g\u00f6zetim ve denetim \u00fczerinde duruldu. Daha do\u011frusu, Bat\u0131 bunun t\u00fcm \u015fartlar\u0131n\u0131n yerine getirilmesinde \u0131srar etti. Zira \u0130ran\u2019a h\u00e2l\u00e2 tam g\u00fcvenilmiyor. Tahran y\u00f6netiminin gizlice n\u00fckleer silah\u0131 \u00fcretme kapasitesini de geli\u015ftirebilece\u011fi kayg\u0131s\u0131 ABD\u2019den \u0130srail\u2019e ve K\u00f6rfez \u00fclkelerine kadar, d\u00fcnyan\u0131n bir\u00e7ok yerinde olduk\u00e7a yayg\u0131n. Ba\u015fkan Obama bu y\u00fczden s\u0131k\u0131 kontrol \u015fart\u0131 \u00fczerinde \u0131srar ediyor.<br \/>\n\u0130ran\u2019\u0131n da buna kar\u015f\u0131l\u0131k talebi, her \u015feyden \u00f6nce kendisine kar\u015f\u0131 uygulanan ekonomik yapt\u0131r\u0131mlar\u0131n kald\u0131r\u0131lmas\u0131d\u0131r.<br \/>\n\u015eimdiki \u201cuzatma\u201dda b\u00fct\u00fcn bunlar\u0131 pazarl\u0131\u011f\u0131 yap\u0131l\u0131yor.<\/p>\n<p style=\"color: #222222;\">Haberin Devam\u0131 i\u00e7in\u00a0<a style=\"color: #1e73be;\" href=\"http:\/\/www.milliyet.com.tr\/nukleer-pazarlikta-uzatma-fasli\/dunya\/ydetay\/2082483\/default.htm\" target=\"_blank\" rel=\"nofollow\">T\u0131klay\u0131n\u0131z&gt;&gt;&gt;<\/a><\/p>\n<p style=\"color: #222222;\">Kaynak: Milliyet<\/p>\n<p><\/p>","protected":false},"excerpt":{"rendered":"<p>Sorry, this entry is only available in Turkish. For the sake of viewer convenience, the content is shown below in the alternative language. You may click the link to switch the active language. Ge\u00e7en sal\u0131 (30 Haziran) gece yar\u0131s\u0131, IMF\u2019ye 1.6 milyar euro\u2019luk borucunu \u00f6demesi gereken Yunanistan i\u00e7in oldu\u011fu gibi, P5+1 grubu ile n\u00fckleer anla\u015fmaya [&hellip;]<\/p>\n","protected":false},"author":1,"featured_media":40952,"comment_status":"open","ping_status":"open","sticky":false,"template":"","format":"standard","meta":[],"categories":[53,43],"tags":[23840,63,67,1009,2698,165,1333,23841,71,12224,21,23842,16694,23843],"views":999,"_links":{"self":[{"href":"https:\/\/www.enerjigazetesi.ist\/en\/wp-json\/wp\/v2\/posts\/40951"}],"collection":[{"href":"https:\/\/www.enerjigazetesi.ist\/en\/wp-json\/wp\/v2\/posts"}],"about":[{"href":"https:\/\/www.enerjigazetesi.ist\/en\/wp-json\/wp\/v2\/types\/post"}],"author":[{"embeddable":true,"href":"https:\/\/www.enerjigazetesi.ist\/en\/wp-json\/wp\/v2\/users\/1"}],"replies":[{"embeddable":true,"href":"https:\/\/www.enerjigazetesi.ist\/en\/wp-json\/wp\/v2\/comments?post=40951"}],"version-history":[{"count":1,"href":"https:\/\/www.enerjigazetesi.ist\/en\/wp-json\/wp\/v2\/posts\/40951\/revisions"}],"predecessor-version":[{"id":40953,"href":"https:\/\/www.enerjigazetesi.ist\/en\/wp-json\/wp\/v2\/posts\/40951\/revisions\/40953"}],"wp:featuredmedia":[{"embeddable":true,"href":"https:\/\/www.enerjigazetesi.ist\/en\/wp-json\/wp\/v2\/media\/40952"}],"wp:attachment":[{"href":"https:\/\/www.enerjigazetesi.ist\/en\/wp-json\/wp\/v2\/media?parent=40951"}],"wp:term":[{"taxonomy":"category","embeddable":true,"href":"https:\/\/www.enerjigazetesi.ist\/en\/wp-json\/wp\/v2\/categories?post=40951"},{"taxonomy":"post_tag","embeddable":true,"href":"https:\/\/www.enerjigazetesi.ist\/en\/wp-json\/wp\/v2\/tags?post=40951"}],"curies":[{"name":"wp","href":"https:\/\/api.w.org\/{rel}","templated":true}]}}