{"id":40942,"date":"2015-07-03T14:02:32","date_gmt":"2015-07-03T11:02:32","guid":{"rendered":"https:\/\/www.enerjigazetesi.ist\/?p=40942"},"modified":"2015-07-03T14:02:32","modified_gmt":"2015-07-03T11:02:32","slug":"cevad-zarif-nukleer-muzakerelerde-ilerleme-kaydedildi","status":"publish","type":"post","link":"https:\/\/www.enerjigazetesi.ist\/en\/cevad-zarif-nukleer-muzakerelerde-ilerleme-kaydedildi\/","title":{"rendered":"(Turkish) Cevad Zarif: \u201cN\u00fckleer M\u00fczakerelerde \u0130lerleme Kaydedildi!\u201d"},"content":{"rendered":"<p class=\"qtranxs-available-languages-message qtranxs-available-languages-message-en\">Sorry, this entry is only available in <a href=\"https:\/\/www.enerjigazetesi.ist\/tr\/wp-json\/wp\/v2\/posts\/40942\" class=\"qtranxs-available-language-link qtranxs-available-language-link-tr\" title=\"Turkish\">Turkish<\/a>. For the sake of viewer convenience, the content is shown below in the alternative language. You may click the link to switch the active language.<\/p><p><\/p>\n<p style=\"color: #222222;\"><strong>\u0130ran\u00a0ile P5+1 \u00fclkeleri aras\u0131nda \u0130ran\u2019\u0131n n\u00fckleer program\u0131na dair m\u00fczakereler Viyana\u2019da devam ediyor. Taraflar\u0131n nihai anla\u015fma i\u00e7in \u00f6ng\u00f6r\u00fclen tarihi 7 Temmuz\u2019a kadar uzatt\u0131\u011f\u0131 belirtildi ancak \u0130ran Di\u015fi\u015fleri Bakan\u0131 Zarif g\u00f6r\u00fc\u015fmelerin bu tarihten sonra da s\u00fcrebilece\u011fini ifade etti.<\/strong><\/p>\n<p>Zarif ayr\u0131ca m\u00fczakerelerde ilerleme kaydedildi\u011fini, bu do\u011frultuda b\u00fct\u00fcn imkanlar\u0131 kullanacaklar\u0131n\u0131 s\u00f6yledi.<\/p>\n<p>Bu arada, Uluslararas\u0131 Atom Enerjisi Ajans\u0131 (UAEA) Ba\u015fkan\u0131 Yukiya Amano, yar\u0131n Tahran\u2019da \u0130ran Cumhurba\u015fkan\u0131 Hasan Ruhani ile g\u00f6r\u00fc\u015fecek. \u0130kilinin, \u0130ran\u2019\u0131n askeri tesislerinin denetimi ile ilgili konular\u0131 masaya yat\u0131rmas\u0131 bekl<a href=\"https:\/\/www.enerjigazetesi.ist\/wp-content\/uploads\/2015\/07\/cevad-zarif-nukleer-muzakerelerde-ilerleme-kaydedildi.jpg\"><img loading=\"lazy\" class=\"alignleft wp-image-40943 size-medium\" src=\"https:\/\/www.enerjigazetesi.ist\/wp-content\/uploads\/2015\/07\/cevad-zarif-nukleer-muzakerelerde-ilerleme-kaydedildi-300x168.jpg\" alt=\"cevad-zarif-nukleer-muzakerelerde-ilerleme-kaydedildi\" width=\"300\" height=\"168\" srcset=\"https:\/\/www.enerjigazetesi.ist\/wp-content\/uploads\/2015\/07\/cevad-zarif-nukleer-muzakerelerde-ilerleme-kaydedildi-300x168.jpg 300w, https:\/\/www.enerjigazetesi.ist\/wp-content\/uploads\/2015\/07\/cevad-zarif-nukleer-muzakerelerde-ilerleme-kaydedildi-500x281.jpg 500w, https:\/\/www.enerjigazetesi.ist\/wp-content\/uploads\/2015\/07\/cevad-zarif-nukleer-muzakerelerde-ilerleme-kaydedildi-80x45.jpg 80w, https:\/\/www.enerjigazetesi.ist\/wp-content\/uploads\/2015\/07\/cevad-zarif-nukleer-muzakerelerde-ilerleme-kaydedildi.jpg 640w\" sizes=\"(max-width: 300px) 100vw, 300px\" \/><\/a>eniyor.<\/p>\n<p>G\u00f6r\u00fc\u015fmelerin bir hafta daha uzat\u0131lmas\u0131na ra\u011fmen taraflar\u0131n nihai uzla\u015f\u0131 i\u00e7in daha umutlu olduklar\u0131n\u0131 g\u00f6zlemlendi. Diplomatlar da siyasi irade ile anla\u015fmaya do\u011fru at\u0131lan ad\u0131mlar\u0131n alt\u0131n\u0131 \u00e7iziyor.<\/p>\n<p>\u00d6te yandan\u00a0Fransa D\u0131\u015fi\u015fleri Bakan\u0131 Laurant Fabius, m\u00fczakerelerde ortaya \u00e7\u0131kacak anla\u015fman\u0131n \u0130ran\u2019\u0131n n\u00fckleer bomba \u00fcretmesini engellemesi gerekti\u011fini s\u00f6yledi.<\/p>\n<p>Fabius, \u0130ran ile n\u00fckleer m\u00fczakerelerin y\u00fcr\u00fct\u00fcld\u00fc\u011f\u00fc Viyana\u2019daki otelden ayr\u0131l\u0131rken gazetecilere yapt\u0131\u011f\u0131 a\u00e7\u0131klamada, \u0130ran ile b\u00fcy\u00fck g\u00fc\u00e7ler aras\u0131nda kapsaml\u0131 bir anla\u015fmaya ula\u015fmak i\u00e7in birka\u00e7 g\u00fcn i\u00e7erisinde nitelikli bir ilerleme sa\u011flanmas\u0131n\u0131 umdu\u011funu s\u00f6yledi.<\/p>\n<p>\u00d6n\u00fcm\u00fczdeki Pazar g\u00fcn\u00fc yeniden Viyana\u2019ya d\u00f6nece\u011fini belirten Fabius, \u201cBiraz ilerleme var fakat m\u00fczakerelerin sonunda de\u011filiz\u201d dedi.<\/p>\n<p>G\u00fc\u00e7l\u00fc bir anla\u015fmay\u0131 sa\u011flayacak kesin bir \u00e7\u00f6z\u00fcm\u00fcn bulunmas\u0131n\u0131 umdu\u011funu belirten Fabius, \u201cYap\u0131lacak anla\u015fma \u0130ran\u2019\u0131n sivil n\u00fckleer kapasitesine izin vermelidir, atom bombas\u0131 \u00fcretmesine de\u011fil. Bu Fransa\u2019n\u0131n ba\u015f\u0131ndan beri sahip oldu\u011fu duru\u015fudur\u201d diye konu\u015ftu.<\/p>\n<p>Kaynak: Enerji Enstit\u00fcs\u00fc<\/p>","protected":false},"excerpt":{"rendered":"<p>Sorry, this entry is only available in Turkish. For the sake of viewer convenience, the content is shown below in the alternative language. You may click the link to switch the active language. \u0130ran\u00a0ile P5+1 \u00fclkeleri aras\u0131nda \u0130ran\u2019\u0131n n\u00fckleer program\u0131na dair m\u00fczakereler Viyana\u2019da devam ediyor. Taraflar\u0131n nihai anla\u015fma i\u00e7in \u00f6ng\u00f6r\u00fclen tarihi 7 Temmuz\u2019a kadar uzatt\u0131\u011f\u0131 [&hellip;]<\/p>\n","protected":false},"author":1,"featured_media":40943,"comment_status":"open","ping_status":"open","sticky":false,"template":"","format":"standard","meta":[],"categories":[53,43],"tags":[63,67,1009,2698,165,1333,23836,71,21,10166,12223,23835,6374],"views":932,"_links":{"self":[{"href":"https:\/\/www.enerjigazetesi.ist\/en\/wp-json\/wp\/v2\/posts\/40942"}],"collection":[{"href":"https:\/\/www.enerjigazetesi.ist\/en\/wp-json\/wp\/v2\/posts"}],"about":[{"href":"https:\/\/www.enerjigazetesi.ist\/en\/wp-json\/wp\/v2\/types\/post"}],"author":[{"embeddable":true,"href":"https:\/\/www.enerjigazetesi.ist\/en\/wp-json\/wp\/v2\/users\/1"}],"replies":[{"embeddable":true,"href":"https:\/\/www.enerjigazetesi.ist\/en\/wp-json\/wp\/v2\/comments?post=40942"}],"version-history":[{"count":1,"href":"https:\/\/www.enerjigazetesi.ist\/en\/wp-json\/wp\/v2\/posts\/40942\/revisions"}],"predecessor-version":[{"id":40944,"href":"https:\/\/www.enerjigazetesi.ist\/en\/wp-json\/wp\/v2\/posts\/40942\/revisions\/40944"}],"wp:featuredmedia":[{"embeddable":true,"href":"https:\/\/www.enerjigazetesi.ist\/en\/wp-json\/wp\/v2\/media\/40943"}],"wp:attachment":[{"href":"https:\/\/www.enerjigazetesi.ist\/en\/wp-json\/wp\/v2\/media?parent=40942"}],"wp:term":[{"taxonomy":"category","embeddable":true,"href":"https:\/\/www.enerjigazetesi.ist\/en\/wp-json\/wp\/v2\/categories?post=40942"},{"taxonomy":"post_tag","embeddable":true,"href":"https:\/\/www.enerjigazetesi.ist\/en\/wp-json\/wp\/v2\/tags?post=40942"}],"curies":[{"name":"wp","href":"https:\/\/api.w.org\/{rel}","templated":true}]}}