{"id":40905,"date":"2015-07-02T14:59:26","date_gmt":"2015-07-02T11:59:26","guid":{"rendered":"https:\/\/www.enerjigazetesi.ist\/?p=40905"},"modified":"2015-07-02T14:59:26","modified_gmt":"2015-07-02T11:59:26","slug":"epdkdan-elektrige-gizli-zam-iddialarina-yanit","status":"publish","type":"post","link":"https:\/\/www.enerjigazetesi.ist\/en\/epdkdan-elektrige-gizli-zam-iddialarina-yanit\/","title":{"rendered":"(Turkish) EPDK\u2019dan Elektri\u011fe Gizli Zam \u0130ddialar\u0131na Yan\u0131t&#8230;"},"content":{"rendered":"<p class=\"qtranxs-available-languages-message qtranxs-available-languages-message-en\">Sorry, this entry is only available in <a href=\"https:\/\/www.enerjigazetesi.ist\/tr\/wp-json\/wp\/v2\/posts\/40905\" class=\"qtranxs-available-language-link qtranxs-available-language-link-tr\" title=\"Turkish\">Turkish<\/a>. For the sake of viewer convenience, the content is shown below in the alternative language. You may click the link to switch the active language.<\/p><p><strong>Enerji Piyasas\u0131 Denetleme Kurulu, baz\u0131 gazetelerde elektrik tarifelerine gizli zam yap\u0131ld\u0131\u011f\u0131, bunun da vatanda\u015f\u0131n cebine yans\u0131yaca\u011f\u0131na y\u00f6nelik haberlerin ger\u00e7ek d\u0131\u015f\u0131 oldu\u011funu bildirdi.<span id=\"more-72430\"><\/span> EPDK\u2019dan yap\u0131lan yaz\u0131l\u0131 a\u00e7\u0131klamada, \u201cElektrik piyasas\u0131nda faaliyet g\u00f6steren g\u00f6revli tedarik \u015firketlerinden enerji temin eden t\u00fcketiciler i\u00e7in ge\u00e7erli olan fiyatlar 3 ayl\u0131k periyotlarla belirlenmektedir.<\/strong><\/p>\n<p>S\u00f6z konusu fiyatlar belirlenirken gelir ve tarife d\u00fczenlemeleri kapsam\u0131nda ilgili d\u00f6neme yans\u0131t\u0131lmak \u00fczere esas al\u0131nan maliyetler dikkate al\u0131nmakta olup, ilgili d\u00f6neme ili\u015fkin maliyetlerin de\u011fi\u015fmesi fiyatlar\u0131n da de\u011fi\u015fmesini gerektirmektedir. 2015 y\u0131l\u0131 3 \u00fcnc\u00fc \u00e7eyre\u011finde, elektrik piyasas\u0131nda faaliyet g\u00f6steren g\u00f6revli tedarik \u015firketlerinden enerji temin eden t\u00fcketicil<a href=\"https:\/\/www.enerjigazetesi.ist\/wp-content\/uploads\/2015\/07\/epdkdan-elektrige-gizli-zam-iddialarina-yanit.jpg\"><img loading=\"lazy\" class=\"alignleft wp-image-40906 size-medium\" src=\"https:\/\/www.enerjigazetesi.ist\/wp-content\/uploads\/2015\/07\/epdkdan-elektrige-gizli-zam-iddialarina-yanit-300x158.jpg\" alt=\"epdkdan-elektrige-gizli-zam-iddialarina-yanit\" width=\"300\" height=\"158\" srcset=\"https:\/\/www.enerjigazetesi.ist\/wp-content\/uploads\/2015\/07\/epdkdan-elektrige-gizli-zam-iddialarina-yanit-300x158.jpg 300w, https:\/\/www.enerjigazetesi.ist\/wp-content\/uploads\/2015\/07\/epdkdan-elektrige-gizli-zam-iddialarina-yanit-500x263.jpg 500w, https:\/\/www.enerjigazetesi.ist\/wp-content\/uploads\/2015\/07\/epdkdan-elektrige-gizli-zam-iddialarina-yanit-80x42.jpg 80w, https:\/\/www.enerjigazetesi.ist\/wp-content\/uploads\/2015\/07\/epdkdan-elektrige-gizli-zam-iddialarina-yanit.jpg 650w\" sizes=\"(max-width: 300px) 100vw, 300px\" \/><\/a>er i\u00e7in ge\u00e7erli olan fonsuz nihai tarifelerde herhangi bir de\u011fi\u015fiklik s\u00f6z konusu olmamakla birlikte nihai fiyat\u0131 olu\u015fturan kalemlerde ger\u00e7ekle\u015fen de\u011fi\u015fiklikler yasal \u00e7er\u00e7eve ile belirlenen piyasa yap\u0131s\u0131n\u0131n bir gere\u011fidir. Nihai fiyat\u0131 olu\u015fturan temel unsurlar perakende sat\u0131\u015fa ili\u015fkin maliyetler ve \u015febeke maliyetleridir. \u015eebeke maliyetleri da\u011f\u0131t\u0131m ve iletim \u015febekelerine ili\u015fkin maliyetleri ve kay\u0131p enerji maliyetlerini i\u00e7ermektedir. Kay\u0131p enerji maliyetlerinde art\u0131\u015flar s\u00f6z konusu olmakla birlikte di\u011fer da\u011f\u0131t\u0131m ve iletim \u015febeke maliyetlerinde \u00f6nemli bir de\u011fi\u015fiklik yap\u0131lmam\u0131\u015ft\u0131r\u201d denildi.<\/p>\n<p>Perakende maliyetlerinin de perakende sat\u0131\u015f hizmeti maliyetlerini ve enerji al\u0131m maliyetlerini i\u00e7erdi\u011fi kaydedilen a\u00e7\u0131klamada, \u201cPerakende sat\u0131\u015f hizmeti kaleminde talep tahminlerinin revizyonundan kaynaklanan d\u00fc\u015f\u00fc\u015fler s\u00f6z konusudur. Enerji al\u0131m maliyetleri ise temelde TETA\u015e kaynakl\u0131 enerji maliyetleri ve enerji borsas\u0131 kaynakl\u0131 maliyetleri i\u00e7ermektedir. TETA\u015e fiyat\u0131 nihai fiyat\u0131n en \u00f6nemli unsurudur ve fiyatta bu d\u00f6nem i\u00e7in bir de\u011fi\u015fiklik s\u00f6z konusu de\u011fildir. Enerji borsas\u0131ndan (g\u00fcn \u00f6ncesi piyasas\u0131 ve dengeleme g\u00fc\u00e7 piyasas\u0131) al\u0131nan enerji maliyetinde d\u00fc\u015f\u00fc\u015fler s\u00f6z konusudur.<\/p>\n<p>Bu durumun temel sebepleri olarak ya\u011f\u0131\u015flardaki art\u0131\u015flar nedeniyle ucuz hidrolik enerjinin ve yeni yat\u0131r\u0131mlar nedeniyle olu\u015fan arz fazlas\u0131n\u0131n piyasa fiyatlar\u0131n\u0131 d\u00fc\u015f\u00fcrmesi say\u0131labilecektir. Yenilebilir enerji destekleme mekanizmas\u0131 kaynakl\u0131 maliyetlerde sisteme kay\u0131tl\u0131 yenilebilir hacmi ve dolar kurundaki de\u011fi\u015fimlerden kaynaklanan art\u0131\u015flar g\u00f6ze \u00e7arpmaktad\u0131r. Fiyat olu\u015fumunda dikkate al\u0131nan ve TE\u0130A\u015e\u2019\u0131n piyasa i\u015fletimine ili\u015fkin olan maliyetlerde ise k\u0131smi d\u00fc\u015f\u00fc\u015fler ger\u00e7ekle\u015fmi\u015ftir. Nihai fiyat\u0131 olu\u015fturan ve yukar\u0131da a\u00e7\u0131klamalar\u0131 ile birlikte say\u0131lan maliyet kalemlerinde art\u0131\u015f ve azal\u0131\u015f y\u00f6n\u00fcnde d\u00f6nemsel de\u011fi\u015fmeler s\u00f6z konusu olmakla birlikte vergi ve fonlar hari\u00e7 onaylanan nihai fiyatlarda hi\u00e7bir de\u011fi\u015fiklik s\u00f6z konusu de\u011fildir. Sonu\u00e7 olarak elektrik fiyatlar\u0131nda 1 Temmuz itibari ile herhangi bir zam s\u00f6z konusu de\u011fildir\u201d ifadeleri kullan\u0131ld\u0131.<\/p>\n<p>Kaynak: B\u00fcltenler<\/p>","protected":false},"excerpt":{"rendered":"<p>Sorry, this entry is only available in Turkish. For the sake of viewer convenience, the content is shown below in the alternative language. You may click the link to switch the active language.Enerji Piyasas\u0131 Denetleme Kurulu, baz\u0131 gazetelerde elektrik tarifelerine gizli zam yap\u0131ld\u0131\u011f\u0131, bunun da vatanda\u015f\u0131n cebine yans\u0131yaca\u011f\u0131na y\u00f6nelik haberlerin ger\u00e7ek d\u0131\u015f\u0131 oldu\u011funu bildirdi. EPDK\u2019dan [&hellip;]<\/p>\n","protected":false},"author":1,"featured_media":40906,"comment_status":"open","ping_status":"open","sticky":false,"template":"","format":"standard","meta":[],"categories":[51,53],"tags":[23820,68,61,2961,1451,4341,657,63,67,1009,2698,2462,165,750,1582,3499],"views":852,"_links":{"self":[{"href":"https:\/\/www.enerjigazetesi.ist\/en\/wp-json\/wp\/v2\/posts\/40905"}],"collection":[{"href":"https:\/\/www.enerjigazetesi.ist\/en\/wp-json\/wp\/v2\/posts"}],"about":[{"href":"https:\/\/www.enerjigazetesi.ist\/en\/wp-json\/wp\/v2\/types\/post"}],"author":[{"embeddable":true,"href":"https:\/\/www.enerjigazetesi.ist\/en\/wp-json\/wp\/v2\/users\/1"}],"replies":[{"embeddable":true,"href":"https:\/\/www.enerjigazetesi.ist\/en\/wp-json\/wp\/v2\/comments?post=40905"}],"version-history":[{"count":1,"href":"https:\/\/www.enerjigazetesi.ist\/en\/wp-json\/wp\/v2\/posts\/40905\/revisions"}],"predecessor-version":[{"id":40907,"href":"https:\/\/www.enerjigazetesi.ist\/en\/wp-json\/wp\/v2\/posts\/40905\/revisions\/40907"}],"wp:featuredmedia":[{"embeddable":true,"href":"https:\/\/www.enerjigazetesi.ist\/en\/wp-json\/wp\/v2\/media\/40906"}],"wp:attachment":[{"href":"https:\/\/www.enerjigazetesi.ist\/en\/wp-json\/wp\/v2\/media?parent=40905"}],"wp:term":[{"taxonomy":"category","embeddable":true,"href":"https:\/\/www.enerjigazetesi.ist\/en\/wp-json\/wp\/v2\/categories?post=40905"},{"taxonomy":"post_tag","embeddable":true,"href":"https:\/\/www.enerjigazetesi.ist\/en\/wp-json\/wp\/v2\/tags?post=40905"}],"curies":[{"name":"wp","href":"https:\/\/api.w.org\/{rel}","templated":true}]}}