{"id":40831,"date":"2015-06-30T10:14:31","date_gmt":"2015-06-30T07:14:31","guid":{"rendered":"https:\/\/www.enerjigazetesi.ist\/?p=40831"},"modified":"2015-06-30T10:14:31","modified_gmt":"2015-06-30T07:14:31","slug":"ermenistanda-elektrik-faturasi-isyaninda-uzlasma-sinyali","status":"publish","type":"post","link":"https:\/\/www.enerjigazetesi.ist\/en\/ermenistanda-elektrik-faturasi-isyaninda-uzlasma-sinyali\/","title":{"rendered":"(Turkish) Ermenistan\u2019da \u2018Elektrik Faturas\u0131 \u0130syan\u0131nda\u2019 Uzla\u015fma Sinyali&#8230;"},"content":{"rendered":"<p class=\"qtranxs-available-languages-message qtranxs-available-languages-message-en\">Sorry, this entry is only available in <a href=\"https:\/\/www.enerjigazetesi.ist\/tr\/wp-json\/wp\/v2\/posts\/40831\" class=\"qtranxs-available-language-link qtranxs-available-language-link-tr\" title=\"Turkish\">Turkish<\/a>. For the sake of viewer convenience, the content is shown below in the alternative language. You may click the link to switch the active language.<\/p><p><\/p>\n<p style=\"color: #222222;\"><strong>Ermenistan Cumhurba\u015fkan\u0131 Serj Sarkisyan, \u00fclkede b\u00fcy\u00fck protestolara yol a\u00e7an elektrik fiyat\u0131 art\u0131\u015flar\u0131n\u0131 g\u00f6zden ge\u00e7ireceklerini ve bu s\u00fcre boyunca \u00fccretlerin devlet taraf\u0131ndan kar\u015f\u0131lanaca\u011f\u0131n\u0131 a\u00e7\u0131klad\u0131.<\/strong><span id=\"more-72397\"><\/span><\/p>\n<p style=\"color: #222222;\">Ermenistan\u2019da elektrik fiyatlar\u0131na y\u00fczde 17\u2019lik art\u0131\u015fa tepkili binlerce g\u00f6sterici, ba\u015fkent Erivan\u2019daki ana caddeyi bir haftay\u0131 a\u015fk\u0131n s\u00fcredir trafi\u011fe kapatm\u0131\u015f dur<a href=\"https:\/\/www.enerjigazetesi.ist\/wp-content\/uploads\/2015\/06\/ermenistanda-elektrik-faturasi-isyaninda-uzlasma-sinyali.jpg\"><img loading=\"lazy\" class=\"alignleft size-medium wp-image-40832\" src=\"https:\/\/www.enerjigazetesi.ist\/wp-content\/uploads\/2015\/06\/ermenistanda-elektrik-faturasi-isyaninda-uzlasma-sinyali-300x155.jpg\" alt=\"ermenistanda-elektrik-faturasi-isyaninda-uzlasma-sinyali\" width=\"300\" height=\"155\" srcset=\"https:\/\/www.enerjigazetesi.ist\/wp-content\/uploads\/2015\/06\/ermenistanda-elektrik-faturasi-isyaninda-uzlasma-sinyali-300x155.jpg 300w, https:\/\/www.enerjigazetesi.ist\/wp-content\/uploads\/2015\/06\/ermenistanda-elektrik-faturasi-isyaninda-uzlasma-sinyali-500x259.jpg 500w, https:\/\/www.enerjigazetesi.ist\/wp-content\/uploads\/2015\/06\/ermenistanda-elektrik-faturasi-isyaninda-uzlasma-sinyali-80x41.jpg 80w, https:\/\/www.enerjigazetesi.ist\/wp-content\/uploads\/2015\/06\/ermenistanda-elektrik-faturasi-isyaninda-uzlasma-sinyali.jpg 555w\" sizes=\"(max-width: 300px) 100vw, 300px\" \/><\/a>umda.<\/p>\n<p>Ge\u00e7ti\u011fimiz hafta polisin g\u00f6stericilere m\u00fcdahale etmesi ve y\u00fczlerce ki\u015finin g\u00f6zalt\u0131na al\u0131nmas\u0131n\u0131n ard\u0131ndan AB ve ABD, \u00fclkedeki durumdan endi\u015fe duyduklar\u0131n\u0131 a\u00e7\u0131klam\u0131\u015ft\u0131.<\/p>\n<p>Sarkisyan, fiyat art\u0131\u015f\u0131n\u0131n gerekli oldu\u011funu, ancak tepki \u00e7eken uygulamay\u0131 g\u00f6zden ge\u00e7ireceklerini ve bu s\u00fcre boyunca \u00fccretlerin devlet taraf\u0131ndan kar\u015f\u0131lanaca\u011f\u0131n\u0131 a\u00e7\u0131klad\u0131.<\/p>\n<p>Ermenistan\u2019\u0131n elektrik altyap\u0131s\u0131 Rus bir \u015firketin kontrol\u00fcnde bulunuyor. Ermenistan, 2013 y\u0131l\u0131nda AB ile Ortakl\u0131k Anla\u015fmas\u0131\u2019n\u0131 imzalamaktan vazge\u00e7mi\u015f ve Rusya \u00f6nc\u00fcl\u00fc\u011f\u00fcndeki G\u00fcmr\u00fck Birli\u011fi\u2019ne kat\u0131lma karar\u0131 alm\u0131\u015ft\u0131.<\/p>\n<p>Kaynak: Enerji Enstit\u00fcs\u00fc<\/p>","protected":false},"excerpt":{"rendered":"<p>Sorry, this entry is only available in Turkish. For the sake of viewer convenience, the content is shown below in the alternative language. You may click the link to switch the active language. Ermenistan Cumhurba\u015fkan\u0131 Serj Sarkisyan, \u00fclkede b\u00fcy\u00fck protestolara yol a\u00e7an elektrik fiyat\u0131 art\u0131\u015flar\u0131n\u0131 g\u00f6zden ge\u00e7ireceklerini ve bu s\u00fcre boyunca \u00fccretlerin devlet taraf\u0131ndan kar\u015f\u0131lanaca\u011f\u0131n\u0131 [&hellip;]<\/p>\n","protected":false},"author":1,"featured_media":40832,"comment_status":"open","ping_status":"open","sticky":false,"template":"","format":"standard","meta":[],"categories":[51,53],"tags":[23778,68,61,23779,2961,343,63,67,1009,2698,165,3772,23780,23781],"views":1053,"_links":{"self":[{"href":"https:\/\/www.enerjigazetesi.ist\/en\/wp-json\/wp\/v2\/posts\/40831"}],"collection":[{"href":"https:\/\/www.enerjigazetesi.ist\/en\/wp-json\/wp\/v2\/posts"}],"about":[{"href":"https:\/\/www.enerjigazetesi.ist\/en\/wp-json\/wp\/v2\/types\/post"}],"author":[{"embeddable":true,"href":"https:\/\/www.enerjigazetesi.ist\/en\/wp-json\/wp\/v2\/users\/1"}],"replies":[{"embeddable":true,"href":"https:\/\/www.enerjigazetesi.ist\/en\/wp-json\/wp\/v2\/comments?post=40831"}],"version-history":[{"count":1,"href":"https:\/\/www.enerjigazetesi.ist\/en\/wp-json\/wp\/v2\/posts\/40831\/revisions"}],"predecessor-version":[{"id":40833,"href":"https:\/\/www.enerjigazetesi.ist\/en\/wp-json\/wp\/v2\/posts\/40831\/revisions\/40833"}],"wp:featuredmedia":[{"embeddable":true,"href":"https:\/\/www.enerjigazetesi.ist\/en\/wp-json\/wp\/v2\/media\/40832"}],"wp:attachment":[{"href":"https:\/\/www.enerjigazetesi.ist\/en\/wp-json\/wp\/v2\/media?parent=40831"}],"wp:term":[{"taxonomy":"category","embeddable":true,"href":"https:\/\/www.enerjigazetesi.ist\/en\/wp-json\/wp\/v2\/categories?post=40831"},{"taxonomy":"post_tag","embeddable":true,"href":"https:\/\/www.enerjigazetesi.ist\/en\/wp-json\/wp\/v2\/tags?post=40831"}],"curies":[{"name":"wp","href":"https:\/\/api.w.org\/{rel}","templated":true}]}}