{"id":40707,"date":"2015-06-26T14:39:50","date_gmt":"2015-06-26T11:39:50","guid":{"rendered":"https:\/\/www.enerjigazetesi.ist\/?p=40707"},"modified":"2015-06-26T14:40:19","modified_gmt":"2015-06-26T11:40:19","slug":"aydinlatma-devrimi-led-armatur-sarti","status":"publish","type":"post","link":"https:\/\/www.enerjigazetesi.ist\/en\/aydinlatma-devrimi-led-armatur-sarti\/","title":{"rendered":"(Turkish) Ayd\u0131nlatma devrimi: LED Armat\u00fcr \u015eart\u0131&#8230;"},"content":{"rendered":"<p class=\"qtranxs-available-languages-message qtranxs-available-languages-message-en\">Sorry, this entry is only available in <a href=\"https:\/\/www.enerjigazetesi.ist\/tr\/wp-json\/wp\/v2\/posts\/40707\" class=\"qtranxs-available-language-link qtranxs-available-language-link-tr\" title=\"Turkish\">Turkish<\/a>. For the sake of viewer convenience, the content is shown below in the alternative language. You may click the link to switch the active language.<\/p><p><strong>Her y\u0131l cadde ve sokaklara tam 800 bin adet yerli LED armat\u00fcr tak\u0131lacak. 650 bini, mevcutlar\u0131n yerine, 150 bini de yeni kurulacak ayd\u0131nlatma tesislerinde kullan\u0131lacak.<\/strong><\/p>\n<p>T\u00fcrkiye`de enerji verimlili\u011fi \u00e7al\u0131\u015fmalar\u0131 \u00e7ok y\u00f6nl\u00fc olarak s\u00fcrd\u00fcr\u00fcl\u00fcyor. Bu \u00e7al\u0131malardan bir b\u00f6l\u00fcm\u00fc, bu konudaki fark\u0131ndal\u0131\u011f\u0131 art\u0131rmaya y\u00f6nelik kampanyalar \u015feklinde cereyan ediyor. Enerji Verimlili\u011fi Derne\u011fi (ENVER) taraf\u0131ndan k<a href=\"https:\/\/www.enerjigazetesi.ist\/wp-content\/uploads\/2015\/06\/aydinlatma-devrimi-led-armatur-sarti.jpg\"><img loading=\"lazy\" class=\"alignright size-medium wp-image-40708\" src=\"https:\/\/www.enerjigazetesi.ist\/wp-content\/uploads\/2015\/06\/aydinlatma-devrimi-led-armatur-sarti-300x181.jpg\" alt=\"aydinlatma-devrimi-led-armatur-sarti\" width=\"300\" height=\"181\" srcset=\"https:\/\/www.enerjigazetesi.ist\/wp-content\/uploads\/2015\/06\/aydinlatma-devrimi-led-armatur-sarti-300x181.jpg 300w, https:\/\/www.enerjigazetesi.ist\/wp-content\/uploads\/2015\/06\/aydinlatma-devrimi-led-armatur-sarti-500x301.jpg 500w, https:\/\/www.enerjigazetesi.ist\/wp-content\/uploads\/2015\/06\/aydinlatma-devrimi-led-armatur-sarti-80x48.jpg 80w, https:\/\/www.enerjigazetesi.ist\/wp-content\/uploads\/2015\/06\/aydinlatma-devrimi-led-armatur-sarti.jpg 600w\" sizes=\"(max-width: 300px) 100vw, 300px\" \/><\/a>amunun da deste\u011fiyle y\u00fcr\u00fct\u00fclen Enerji Han\u0131m, Enerji Verimli Sanayi ve Enerji \u00c7ocuk kampanyalar\u0131, bunun en bilinen \u00f6rnekleri.<\/p>\n<p>Enerji tasarrufunu ve verimlili\u011fi sa\u011flayacak bina yal\u0131t\u0131m\u0131, makine ekipman d\u00f6n\u00fc\u015f\u00fcm\u00fc gibi projelere y\u00f6nelik d\u00fc\u015f\u00fck faizli kredi sa\u011flanmas\u0131na y\u00f6nelik \u00e7al\u0131\u015fmalar da yayg\u0131n \u015fekilde ba\u015fvurulan y\u00f6ntemler. Yenilenebilir enerji kaynaklar\u0131n\u0131n daha \u00e7ok devreye sokulmas\u0131 da devletin te\u015fvik etti\u011fi giri\u015fimler aras\u0131nda ba\u015f\u0131 \u00e7ekiyor.<\/p>\n<p><strong>D\u00d6N\u00dc\u015e\u00dcM SOKAKTAN BA\u015eLAYACAK<\/strong><\/p>\n<p>Devlet, enerji verimlili\u011fini sadece tavsiye etmekle kalm\u0131yor, kendisi de buna \u00f6nc\u00fcl\u00fck edecek ad\u0131mlar at\u0131yor. At\u0131lan en \u00f6nemli ad\u0131mlardan biri de, faturalar\u0131 devlet taraf\u0131ndan \u00f6denen genel ayd\u0131nlatma, bilinen ad\u0131yla, sokak ayd\u0131nlatmas\u0131n\u0131n verimli lambalarla sa\u011flanmas\u0131na d\u00f6n\u00fck. Hedef, ayd\u0131nlatmada daha az elektrik t\u00fcketen yeni teknoloji lambalar\u0131n kullan\u0131lmas\u0131. Deyim yerindeyse, ayd\u0131nlatma alan\u0131nda verimlilik, sokaktan ba\u015flayacak!<\/p>\n<p><strong>D\u00dcNYA DEVLER\u0130 DE HAREKETE GE\u00c7T\u0130<\/strong><\/p>\n<p>Philips, GE ve Schr\u00f6der gibi yabanc\u0131 yat\u0131r\u0131mc\u0131lar da T\u00fcrkiye`de LED \u00fcretimine haz\u0131rlan\u0131yor. TEDA\u015e Genel M\u00fcd\u00fcr\u00fc \u00c7epni, &#8220;Sadece yerel \u00fcreticiler de\u011fil, global b\u00fcy\u00fck oyuncular da yat\u0131r\u0131ma haz\u0131rlan\u0131yor. GE, Philips ve Schr\u00f6der gibi firmalar ya yerel ortakla ya da kendileri do\u011frudan imalat tesisi kurmak i\u00e7in ciddi \u00e7al\u0131\u015fmalar i\u00e7indeler.<\/p>\n<p>Haberin <a href=\"http:\/\/www.enerjigunlugu.net\/aydinlatma-devrimi-led-armatur-sarti_14244.html#.VY093Rvtmko\" target=\"_blank\" rel=\"nofollow\">Devam\u0131 \u0130\u00e7in TIKLAYINIZ&gt;&gt;&gt;<\/a><\/p>\n<p>Kaynak: Enerji G\u00fcnl\u00fc\u011f\u00fc<\/p>\n<p>&nbsp;<\/p>","protected":false},"excerpt":{"rendered":"<p>Sorry, this entry is only available in Turkish. For the sake of viewer convenience, the content is shown below in the alternative language. You may click the link to switch the active language.Her y\u0131l cadde ve sokaklara tam 800 bin adet yerli LED armat\u00fcr tak\u0131lacak. 650 bini, mevcutlar\u0131n yerine, 150 bini de yeni kurulacak ayd\u0131nlatma [&hellip;]<\/p>\n","protected":false},"author":1,"featured_media":40708,"comment_status":"open","ping_status":"open","sticky":false,"template":"","format":"standard","meta":[],"categories":[53,52],"tags":[23714,68,63,67,1009,2698,165,12,1155,23713,9883,19889,23715,566,1216,793,720],"views":1305,"_links":{"self":[{"href":"https:\/\/www.enerjigazetesi.ist\/en\/wp-json\/wp\/v2\/posts\/40707"}],"collection":[{"href":"https:\/\/www.enerjigazetesi.ist\/en\/wp-json\/wp\/v2\/posts"}],"about":[{"href":"https:\/\/www.enerjigazetesi.ist\/en\/wp-json\/wp\/v2\/types\/post"}],"author":[{"embeddable":true,"href":"https:\/\/www.enerjigazetesi.ist\/en\/wp-json\/wp\/v2\/users\/1"}],"replies":[{"embeddable":true,"href":"https:\/\/www.enerjigazetesi.ist\/en\/wp-json\/wp\/v2\/comments?post=40707"}],"version-history":[{"count":2,"href":"https:\/\/www.enerjigazetesi.ist\/en\/wp-json\/wp\/v2\/posts\/40707\/revisions"}],"predecessor-version":[{"id":40710,"href":"https:\/\/www.enerjigazetesi.ist\/en\/wp-json\/wp\/v2\/posts\/40707\/revisions\/40710"}],"wp:featuredmedia":[{"embeddable":true,"href":"https:\/\/www.enerjigazetesi.ist\/en\/wp-json\/wp\/v2\/media\/40708"}],"wp:attachment":[{"href":"https:\/\/www.enerjigazetesi.ist\/en\/wp-json\/wp\/v2\/media?parent=40707"}],"wp:term":[{"taxonomy":"category","embeddable":true,"href":"https:\/\/www.enerjigazetesi.ist\/en\/wp-json\/wp\/v2\/categories?post=40707"},{"taxonomy":"post_tag","embeddable":true,"href":"https:\/\/www.enerjigazetesi.ist\/en\/wp-json\/wp\/v2\/tags?post=40707"}],"curies":[{"name":"wp","href":"https:\/\/api.w.org\/{rel}","templated":true}]}}