{"id":40698,"date":"2015-06-26T14:25:30","date_gmt":"2015-06-26T11:25:30","guid":{"rendered":"https:\/\/www.enerjigazetesi.ist\/?p=40698"},"modified":"2015-06-26T14:25:30","modified_gmt":"2015-06-26T11:25:30","slug":"hollanda-ulkesinin-iklim-hedeflerinin-yukseltilmesi-gerektigine-hukmetti","status":"publish","type":"post","link":"https:\/\/www.enerjigazetesi.ist\/en\/hollanda-ulkesinin-iklim-hedeflerinin-yukseltilmesi-gerektigine-hukmetti\/","title":{"rendered":"(Turkish) Hollanda \u00dclkesinin \u0130klim Hedeflerinin Y\u00fckseltilmesi Gerekti\u011fine H\u00fckmetti!"},"content":{"rendered":"<p class=\"qtranxs-available-languages-message qtranxs-available-languages-message-en\">Sorry, this entry is only available in <a href=\"https:\/\/www.enerjigazetesi.ist\/tr\/wp-json\/wp\/v2\/posts\/40698\" class=\"qtranxs-available-language-link qtranxs-available-language-link-tr\" title=\"Turkish\">Turkish<\/a>. For the sake of viewer convenience, the content is shown below in the alternative language. You may click the link to switch the active language.<\/p><p><strong>Lahey B\u00f6lge Mahkemesi Hollanda y\u00f6netiminin sera gaz\u0131 sal\u0131mlar\u0131n\u0131 azaltma hedeflerinin y\u00fckseltilmesi gerekti\u011fine karar verdi.<\/strong><\/p>\n<p style=\"color: #444444;\">Hollanda yarg\u0131s\u0131 Hollanda\u2019n\u0131n 2020 y\u0131l\u0131 i\u00e7in belirledi\u011fi sera gaz\u0131 azalt\u0131m hedeflerinin yetersiz oldu\u011funa ve y\u00fckseltilmesi gerekti\u011fine h\u00fckmetti.<\/p>\n<p style=\"color: #444444;\">Hollandal\u0131 \u00e7evre \u00f6rg\u00fct\u00fc Urgenda \u00f6nc\u00fcl\u00fc\u011f\u00fcndeki 886 Hollanda vatanda\u015f\u0131 \u00fclke y\u00f6netimlerinin iklim de\u011fi\u015f<a href=\"https:\/\/www.enerjigazetesi.ist\/wp-content\/uploads\/2015\/06\/hollanda-ulkesinin-iklim-hedeflerinin-yukseltilmesi-gerektigine-hukmetti.jpg\"><img loading=\"lazy\" class=\"alignright size-medium wp-image-40699\" src=\"https:\/\/www.enerjigazetesi.ist\/wp-content\/uploads\/2015\/06\/hollanda-ulkesinin-iklim-hedeflerinin-yukseltilmesi-gerektigine-hukmetti-300x163.jpg\" alt=\"hollanda-ulkesinin-iklim-hedeflerinin-yukseltilmesi-gerektigine-hukmetti\" width=\"300\" height=\"163\" srcset=\"https:\/\/www.enerjigazetesi.ist\/wp-content\/uploads\/2015\/06\/hollanda-ulkesinin-iklim-hedeflerinin-yukseltilmesi-gerektigine-hukmetti-300x163.jpg 300w, https:\/\/www.enerjigazetesi.ist\/wp-content\/uploads\/2015\/06\/hollanda-ulkesinin-iklim-hedeflerinin-yukseltilmesi-gerektigine-hukmetti-80x43.jpg 80w, https:\/\/www.enerjigazetesi.ist\/wp-content\/uploads\/2015\/06\/hollanda-ulkesinin-iklim-hedeflerinin-yukseltilmesi-gerektigine-hukmetti.jpg 460w\" sizes=\"(max-width: 300px) 100vw, 300px\" \/><\/a>ikli\u011fi riskini bilmesine ra\u011fmen, gerekli ad\u0131mlar\u0131 atmakta ihmalkar davranmak ile su\u00e7layarak 2012 y\u0131l\u0131nda Hollanda h\u00fck\u00fcmetine kar\u015f\u0131 dava a\u00e7m\u0131\u015ft\u0131.<\/p>\n<p style=\"color: #444444;\">Urgenda Hollanda\u2019n\u0131n sera gaz\u0131 sal\u0131mlar\u0131n\u0131 2020 y\u0131l\u0131nda 1990 seviyesinin y\u00fczde 14 ila 17 alt\u0131na indirme hedefini yeterli olmad\u0131\u011f\u0131n\u0131 ve en az\u0131ndan y\u00fczde 25 olmas\u0131 gerekti\u011fini savunuyordu.<\/p>\n<p style=\"color: #444444;\">Lahey B\u00f6lge Mahkemesi taraf\u0131ndan g\u00f6r\u00fclen dava d\u00fcn sonu\u00e7lan\u0131rken, mahkeme heyeti karar\u0131n gerek\u00e7esinde iklim de\u011fi\u015fikli\u011fi riskinin mevcut ve gelecek nesillerdeki Hollandal\u0131lar i\u00e7in \u00e7ok b\u00fcy\u00fck ve somut bir risk oldu\u011funu, Hollanda devletinin de bu duruma uygun olarak mevcuttan \u00e7ok daha y\u00fcksek bir katk\u0131 sunmas\u0131 gerekti\u011fini belirtti.<br \/>\nGerek\u00e7ede Hollanda devletinin k\u00fcresel iklim sorununun \u00e7\u00f6z\u00fcm\u00fcn\u00fcn yaln\u0131zca Hollanda\u2019ya ba\u011fl\u0131 olmad\u0131\u011f\u0131 sav\u0131n\u0131n arkas\u0131na da s\u0131\u011f\u0131namayaca\u011f\u0131n\u0131 ve geli\u015fmi\u015f bir \u00fclke olarak bu soruna en \u00fcst d\u00fczeyde katk\u0131 sunmas\u0131 ve liderlik etmesi gerekti\u011fi, insan haklar\u0131 hukuku ve \u00e7evre hukukunun da bu durumu kar\u015f\u0131l\u0131kl\u0131 olarak destekledi\u011fi ifadeleri yer ald\u0131.<\/p>\n<p style=\"color: #444444;\">Mahkeme Hollanda h\u00fck\u00fcmetinin Urgenda\u2019ya mahkeme masraf\u0131 olan 13,521.82 Avro\u2019yu faizleri ile beraber \u00f6demesi gerekti\u011fine de karar verdi.<\/p>\n<p><iframe loading=\"lazy\" src=\"https:\/\/www.youtube.com\/embed\/3W71TxycYGw\" width=\"560\" height=\"315\" frameborder=\"0\" allowfullscreen=\"allowfullscreen\"><\/iframe><br \/>\nHollanda h\u00fck\u00fcmetinin karar\u0131 temyiz hakk\u0131 bulunurken, h\u00fck\u00fcmet ad\u0131na a\u00e7\u0131klama yapan \u00c7evre Bakan\u0131 Wilma Mansfeld y\u00f6netimlerinin Urgenda ile ayn\u0131 hedefi payla\u015ft\u0131klar\u0131n\u0131 fakat farkl\u0131 g\u00f6r\u00fc\u015fleri oldu\u011funu kaydetti.<\/p>\n<p>Mansfeld karar\u0131n Hollanda devleti i\u00e7in ne anlama geldi\u011fini inceleyeceklerini de ifade ederken, h\u00fck\u00fcmet olarak stratejilerinin AB \u00e7ap\u0131nda ve uluslararas\u0131 anla\u015fmalara dayal\u0131 bir uygulamay\u0131 hayata ge\u00e7irmek oldu\u011funu da kaydetti.<\/p>\n<p>Daha \u00f6nce ABD\u2019de a\u00e7\u0131lan benzer davalarda sonu\u00e7 al\u0131namam\u0131\u015fken, Bel\u00e7ika ve Filipinler\u2019de de benzer dava s\u00fcre\u00e7leri devam ediyor.<\/p>\n<p>Hollanda&#8217;n\u0131n k\u00fcresel sera gaz\u0131 emisyonlar\u0131ndaki pay\u0131 y\u00fczde 0,5 d\u00fczeyinde bulunuyor.<\/p>\n<p><em>* Lahey B\u00f6lge Mahkemesi taraf\u0131ndan verilen karar\u0131n \u0130ngilizcesine\u00a0<a style=\"font-weight: bold; color: #479506;\" href=\"http:\/\/uitspraken.rechtspraak.nl\/inziendocument?id=ECLI:NL:RBDHA:2015:7196\" target=\"_blank\">buradan<\/a>\u00a0ula\u015fabilirsiniz.<\/em><\/p>\n<p>Kaynak: <a href=\"http:\/\/yesilekonomi.com\/iklim\/hollanda-yargisi-ulkesinin-iklim-hedeflerinin-yukseltilmesi-gerektigine-hukmetti\" target=\"_blank\" rel=\"nofollow\">Ye\u015fil Ekonomi<\/a><\/p>","protected":false},"excerpt":{"rendered":"<p>Sorry, this entry is only available in Turkish. For the sake of viewer convenience, the content is shown below in the alternative language. You may click the link to switch the active language.Lahey B\u00f6lge Mahkemesi Hollanda y\u00f6netiminin sera gaz\u0131 sal\u0131mlar\u0131n\u0131 azaltma hedeflerinin y\u00fckseltilmesi gerekti\u011fine karar verdi. Hollanda yarg\u0131s\u0131 Hollanda\u2019n\u0131n 2020 y\u0131l\u0131 i\u00e7in belirledi\u011fi sera gaz\u0131 [&hellip;]<\/p>\n","protected":false},"author":1,"featured_media":40699,"comment_status":"open","ping_status":"open","sticky":false,"template":"","format":"standard","meta":[],"categories":[53],"tags":[63,67,1009,2698,165,1287,23709,6817,23711,23710],"views":1050,"_links":{"self":[{"href":"https:\/\/www.enerjigazetesi.ist\/en\/wp-json\/wp\/v2\/posts\/40698"}],"collection":[{"href":"https:\/\/www.enerjigazetesi.ist\/en\/wp-json\/wp\/v2\/posts"}],"about":[{"href":"https:\/\/www.enerjigazetesi.ist\/en\/wp-json\/wp\/v2\/types\/post"}],"author":[{"embeddable":true,"href":"https:\/\/www.enerjigazetesi.ist\/en\/wp-json\/wp\/v2\/users\/1"}],"replies":[{"embeddable":true,"href":"https:\/\/www.enerjigazetesi.ist\/en\/wp-json\/wp\/v2\/comments?post=40698"}],"version-history":[{"count":1,"href":"https:\/\/www.enerjigazetesi.ist\/en\/wp-json\/wp\/v2\/posts\/40698\/revisions"}],"predecessor-version":[{"id":40700,"href":"https:\/\/www.enerjigazetesi.ist\/en\/wp-json\/wp\/v2\/posts\/40698\/revisions\/40700"}],"wp:featuredmedia":[{"embeddable":true,"href":"https:\/\/www.enerjigazetesi.ist\/en\/wp-json\/wp\/v2\/media\/40699"}],"wp:attachment":[{"href":"https:\/\/www.enerjigazetesi.ist\/en\/wp-json\/wp\/v2\/media?parent=40698"}],"wp:term":[{"taxonomy":"category","embeddable":true,"href":"https:\/\/www.enerjigazetesi.ist\/en\/wp-json\/wp\/v2\/categories?post=40698"},{"taxonomy":"post_tag","embeddable":true,"href":"https:\/\/www.enerjigazetesi.ist\/en\/wp-json\/wp\/v2\/tags?post=40698"}],"curies":[{"name":"wp","href":"https:\/\/api.w.org\/{rel}","templated":true}]}}