{"id":40683,"date":"2015-06-26T13:51:15","date_gmt":"2015-06-26T10:51:15","guid":{"rendered":"https:\/\/www.enerjigazetesi.ist\/?p=40683"},"modified":"2015-06-26T13:51:15","modified_gmt":"2015-06-26T10:51:15","slug":"aydinda-avrupanin-2-en-buyuk-jeotermal-santrali-tamamlaniyor","status":"publish","type":"post","link":"https:\/\/www.enerjigazetesi.ist\/en\/aydinda-avrupanin-2-en-buyuk-jeotermal-santrali-tamamlaniyor\/","title":{"rendered":"(Turkish) Ayd\u0131n&#8217;da Avrupa\u2019n\u0131n 2. En B\u00fcy\u00fck Jeotermal Santrali Tamamlan\u0131yor&#8230;"},"content":{"rendered":"<p class=\"qtranxs-available-languages-message qtranxs-available-languages-message-en\">Sorry, this entry is only available in <a href=\"https:\/\/www.enerjigazetesi.ist\/tr\/wp-json\/wp\/v2\/posts\/40683\" class=\"qtranxs-available-language-link qtranxs-available-language-link-tr\" title=\"Turkish\">Turkish<\/a>. For the sake of viewer convenience, the content is shown below in the alternative language. You may click the link to switch the active language.<\/p><p><\/p>\n<p style=\"color: #222222;\"><strong>T\u00fcrkiye\u2019nin en b\u00fcy\u00fck, Avrupa\u2019n\u0131n ikinci b\u00fcy\u00fck jeotermal santrali \u201cY\u00fcksek Elektrik M\u00fchendisi \u0130dris Yamant\u00fcrk Elektrik \u00dcretim Merkezi\u201d a\u011fustos ay\u0131nda tamamlan\u0131yor.<\/strong><\/p>\n<p style=\"color: #222222;\">6 y\u0131l\u0131n sonunda 5. \u00fcnitesini devreye alarak Ayd\u0131n\u2019daki yenilenebilir enerji yat\u0131r\u0131m\u0131n\u0131 tamamlayan G\u00fcri\u015f Holding, T\u00fcrkiye\u2019nin kurulu jeotermal enerji g\u00fcc\u00fcn\u00fcn y\u00fczde 25\u2019ine sahip olacak.<span id=\"more-72351\"><\/span>\u00a0232.3 MW g\u00fcc\u00fcndeki \u00e7evreci yat\u0131r\u0131mda, re-enjek<a href=\"https:\/\/www.enerjigazetesi.ist\/wp-content\/uploads\/2015\/06\/aydinda-avrupanin-2-en-buyuk-jeotermal-santrali-tamamlaniyor.jpg\"><img loading=\"lazy\" class=\"alignright size-medium wp-image-40684\" src=\"https:\/\/www.enerjigazetesi.ist\/wp-content\/uploads\/2015\/06\/aydinda-avrupanin-2-en-buyuk-jeotermal-santrali-tamamlaniyor-300x168.jpg\" alt=\"aydinda-avrupanin-2-en-buyuk-jeotermal-santrali-tamamlaniyor\" width=\"300\" height=\"168\" srcset=\"https:\/\/www.enerjigazetesi.ist\/wp-content\/uploads\/2015\/06\/aydinda-avrupanin-2-en-buyuk-jeotermal-santrali-tamamlaniyor-300x168.jpg 300w, https:\/\/www.enerjigazetesi.ist\/wp-content\/uploads\/2015\/06\/aydinda-avrupanin-2-en-buyuk-jeotermal-santrali-tamamlaniyor-500x281.jpg 500w, https:\/\/www.enerjigazetesi.ist\/wp-content\/uploads\/2015\/06\/aydinda-avrupanin-2-en-buyuk-jeotermal-santrali-tamamlaniyor-80x45.jpg 80w, https:\/\/www.enerjigazetesi.ist\/wp-content\/uploads\/2015\/06\/aydinda-avrupanin-2-en-buyuk-jeotermal-santrali-tamamlaniyor.jpg 860w\" sizes=\"(max-width: 300px) 100vw, 300px\" \/><\/a>siyon sistemiyle yeralt\u0131ndan \u00e7ekilen jeotermal kaynaklar tekrar topra\u011fa enjekte edilerek b\u00f6lgenin yer alt\u0131 kaynaklar\u0131 da koruma alt\u0131na al\u0131nd\u0131.<\/p>\n<p>T\u00fcrkiye\u2019nin en k\u00f6kl\u00fc kurulu\u015flar\u0131ndan olan G\u00dcR\u0130\u015e Holding yenilenebilir enerji kaynaklar\u0131na yat\u0131r\u0131m yaparak enerji \u00fcretiminde \u00f6nc\u00fc olmaya devam ediyor. T\u00fcrkiye\u2019nin en b\u00fcy\u00fck, Avrupa\u2019n\u0131n ikinci b\u00fcy\u00fck jeotermal santrali Ayd\u0131n Germencik\u2019teki \u201cY\u00fcksek Elektrik M\u00fchendisi \u0130dris Yamant\u00fcrk Elektrik \u00dcretim Merkezi\u201dni A\u011fustos ay\u0131nda tamamlayacak olan G\u00fcri\u015f Holding, \u00e7evreyle dost \u00fcretim bi\u00e7imini tercih ederek gelece\u011fe de yat\u0131r\u0131m yap\u0131yor. B\u00f6lgenin kaynaklar\u0131n\u0131 s\u00fcrd\u00fcr\u00fclebilir olarak kullanan G\u00dcR\u0130\u015e, kurdu\u011fu santral \u00fcnitelerinde yerin alt\u0131ndan \u00e7\u0131kard\u0131\u011f\u0131 jeotermal ak\u0131\u015fkan\u0131 tekrar jeotermal rezervuar\u0131n uygun yerlerine re-enjekte ederek geri d\u00f6n\u00fc\u015f\u00fcm\u00fcn\u00fc sa\u011fl\u0131yor. Re-enjeksiyon sistemiyle hem s\u00fcrd\u00fcr\u00fclebilir bir \u00fcretim ger\u00e7ekle\u015ftiriliyor hem de yeralt\u0131 su kaynaklar\u0131 korunuyor. \u00c7evreci bir enerji kayna\u011f\u0131 olan jeotermal enerji santrali kurulurken tek bir a\u011fa\u00e7 dahi kesilmedi\u011fi gibi santral sahas\u0131nda kalan a\u011fa\u00e7lar \u00f6zel korumaya al\u0131nd\u0131. \u00dcnitelerin \u00e7evresinde a\u011fa\u00e7land\u0131rma \u00e7al\u0131\u015fmalar\u0131 yap\u0131ld\u0131.<\/p>\n<h2 style=\"font-weight: 400; color: #111111;\"><strong>S\u00fcrd\u00fcr\u00fclebilir yat\u0131r\u0131mla \u00e7evreye zarar verilmiyor<\/strong><\/h2>\n<p>G\u00dcR\u0130\u015e Holding Y\u00f6netim Kurulu Ba\u015fkan\u0131 ve Genel M\u00fcd\u00fcr\u00fc M\u00fc\u015ffik Yamant\u00fcrk, \u201cEn b\u00fcy\u00fck jeotermal santrali T\u00fcrkiye\u2019ye kazand\u0131rd\u0131\u011f\u0131m\u0131z i\u00e7in \u00e7ok gururluyuz. D\u00fcnyan\u0131n gelece\u011fini tehdit eden k\u00fcresel iklim de\u011fi\u015fikli\u011fine kar\u015f\u0131 harekete ge\u00e7meyi de kendimize g\u00f6rev bildik ve yenilenebilir enerjiye yat\u0131r\u0131mlar yapt\u0131k\u201d dedi. Ayd\u0131n\u2019daki JES ile ilgili bilgi veren Yamant\u00fcrk, \u201cKurdu\u011fumuz santral \u00fcnitelerinde yerin alt\u0131ndan \u00e7\u0131kard\u0131\u011f\u0131m\u0131z jeotermal ak\u0131\u015fkan\u0131 tekrar jeotermal rezervuar\u0131n uygun yerlerine re-enjekte ederek geri d\u00f6n\u00fc\u015f\u00fcm\u00fcn\u00fc sa\u011fl\u0131yor, b\u00f6ylelikle \u00e7evreye zarar vermeden kaynaklar\u0131 korumu\u015f oluyoruz\u201d dedi.<\/p>\n<h2 style=\"font-weight: 400; color: #111111;\"><strong>Jeotermal enerjinin y\u00fczde 25\u2019i G\u00fcri\u015f\u2019ten<\/strong><\/h2>\n<p>G\u00fcri\u015f Holding, yenilenebilir ve \u00e7evreci enerji kayna\u011f\u0131 olan jeotermale yat\u0131r\u0131m yapmaya Ayd\u0131n Germecik\u2019te 2009 y\u0131l\u0131 may\u0131s ay\u0131nda devreye ald\u0131\u011f\u0131 47.4 MW kapasiteli \u201cGalip Hoca Santrali\u201d ile ba\u015flad\u0131. Ard\u0131ndan \u201cAyd\u0131n Efeler Jeotermal Santral Projesi\u201d kapsam\u0131nda yer alan ve her biri 22.5 MW kapasiteli Efe-2 ve Efe-3 santralleri devreye al\u0131nd\u0131. Galip Hoca, Efe-2 ve Efe-3 santrallerinin bug\u00fcn itibari ile toplam kurulu g\u00fcc\u00fc 92.4 MW\u2019a ula\u015ft\u0131. Ayd\u0131n Efeler Jeotermal Santral Projesi kapsam\u0131nda yer alan G\u00fcrmat II ve Efe-5 santrallerinin devreye al\u0131nmas\u0131 ile kurulu jeotermal g\u00fc\u00e7 A\u011fustos ay\u0131nda 232.3 MW\u2019a ula\u015facak ve T\u00fcrkiye kurulu jeotermal enerji toplam g\u00fcc\u00fcn\u00fcn y\u00fczde 25\u2019i G\u00dcR\u0130\u015e Holding\u2019e ait olacak.<\/p>\n<p>Kaynak: Enerji Enstit\u00fcs\u00fc<\/p>","protected":false},"excerpt":{"rendered":"<p>Sorry, this entry is only available in Turkish. For the sake of viewer convenience, the content is shown below in the alternative language. You may click the link to switch the active language. T\u00fcrkiye\u2019nin en b\u00fcy\u00fck, Avrupa\u2019n\u0131n ikinci b\u00fcy\u00fck jeotermal santrali \u201cY\u00fcksek Elektrik M\u00fchendisi \u0130dris Yamant\u00fcrk Elektrik \u00dcretim Merkezi\u201d a\u011fustos ay\u0131nda tamamlan\u0131yor. 6 y\u0131l\u0131n sonunda [&hellip;]<\/p>\n","protected":false},"author":1,"featured_media":40684,"comment_status":"open","ping_status":"open","sticky":false,"template":"","format":"standard","meta":[],"categories":[53,48],"tags":[7179,7321,63,67,1009,2698,165,6320,23701,58,56,10686,4136,6322,23702,23703,508],"views":2067,"_links":{"self":[{"href":"https:\/\/www.enerjigazetesi.ist\/en\/wp-json\/wp\/v2\/posts\/40683"}],"collection":[{"href":"https:\/\/www.enerjigazetesi.ist\/en\/wp-json\/wp\/v2\/posts"}],"about":[{"href":"https:\/\/www.enerjigazetesi.ist\/en\/wp-json\/wp\/v2\/types\/post"}],"author":[{"embeddable":true,"href":"https:\/\/www.enerjigazetesi.ist\/en\/wp-json\/wp\/v2\/users\/1"}],"replies":[{"embeddable":true,"href":"https:\/\/www.enerjigazetesi.ist\/en\/wp-json\/wp\/v2\/comments?post=40683"}],"version-history":[{"count":1,"href":"https:\/\/www.enerjigazetesi.ist\/en\/wp-json\/wp\/v2\/posts\/40683\/revisions"}],"predecessor-version":[{"id":40685,"href":"https:\/\/www.enerjigazetesi.ist\/en\/wp-json\/wp\/v2\/posts\/40683\/revisions\/40685"}],"wp:featuredmedia":[{"embeddable":true,"href":"https:\/\/www.enerjigazetesi.ist\/en\/wp-json\/wp\/v2\/media\/40684"}],"wp:attachment":[{"href":"https:\/\/www.enerjigazetesi.ist\/en\/wp-json\/wp\/v2\/media?parent=40683"}],"wp:term":[{"taxonomy":"category","embeddable":true,"href":"https:\/\/www.enerjigazetesi.ist\/en\/wp-json\/wp\/v2\/categories?post=40683"},{"taxonomy":"post_tag","embeddable":true,"href":"https:\/\/www.enerjigazetesi.ist\/en\/wp-json\/wp\/v2\/tags?post=40683"}],"curies":[{"name":"wp","href":"https:\/\/api.w.org\/{rel}","templated":true}]}}