{"id":4067,"date":"2012-12-04T10:30:36","date_gmt":"2012-12-04T07:30:36","guid":{"rendered":"https:\/\/www.enerjigazetesi.ist\/?p=4067"},"modified":"2012-12-04T10:30:36","modified_gmt":"2012-12-04T07:30:36","slug":"enerjide-fiyatlari-bir-parmak-belirliyor","status":"publish","type":"post","link":"https:\/\/www.enerjigazetesi.ist\/en\/enerjide-fiyatlari-bir-parmak-belirliyor\/","title":{"rendered":"(Turkish) Enerjide Fiyatlar\u0131 Bir Parmak Belirliyor"},"content":{"rendered":"<p class=\"qtranxs-available-languages-message qtranxs-available-languages-message-en\">Sorry, this entry is only available in <a href=\"https:\/\/www.enerjigazetesi.ist\/tr\/wp-json\/wp\/v2\/posts\/4067\" class=\"qtranxs-available-language-link qtranxs-available-language-link-tr\" title=\"Turkish\">Turkish<\/a>. For the sake of viewer convenience, the content is shown below in the alternative language. You may click the link to switch the active language.<\/p><p><strong>Kadir Has \u00dcniversitesi ve PRMIA\u2019n\u0131n (The Professional Risk Management International Association) ortak giri\u015fimiyle d\u00fczenlenen\u00a0 \u2018Enerji Risk Y\u00f6netimi\u2019 konulu panel, bug\u00fcn Kadir Has \u00dcniversitesi Cibali Kamp\u00fcs\u00fc Galata Salonu\u2019nda ger\u00e7ekle\u015ftirildi.<\/strong><\/p>\n<p><img loading=\"lazy\" class=\"alignleft size-medium wp-image-4068\" title=\"enerji-fiyatlari-kadir-has-gundem\" src=\"https:\/\/www.enerjigazetesi.ist\/wp-content\/uploads\/2012\/12\/enerji-fiyatlari-kadir-has-gundem-300x184.jpg\" alt=\"\" width=\"300\" height=\"184\" srcset=\"https:\/\/www.enerjigazetesi.ist\/wp-content\/uploads\/2012\/12\/enerji-fiyatlari-kadir-has-gundem-300x184.jpg 300w, https:\/\/www.enerjigazetesi.ist\/wp-content\/uploads\/2012\/12\/enerji-fiyatlari-kadir-has-gundem-80x50.jpg 80w, https:\/\/www.enerjigazetesi.ist\/wp-content\/uploads\/2012\/12\/enerji-fiyatlari-kadir-has-gundem.jpg 489w\" sizes=\"(max-width: 300px) 100vw, 300px\" \/>BOTA\u015e Eski Genel M\u00fcd\u00fcr\u00fc .M. Mete G\u00f6knel panelde yapt\u0131\u011f\u0131 konu\u015fmada, enerjinin sosyal ve ekonomik kalk\u0131nman\u0131n en \u00f6nemli akt\u00f6rlerinden biri oldu\u011funu vurgulad\u0131. G\u00f6knel konu\u015fmas\u0131n\u0131 \u015f\u00f6yle s\u00fcrd\u00fcrd\u00fc: \u201c\u00d6zellikle, enerjide ithalata ba\u011f\u0131ml\u0131 \u00fclkeler i\u00e7in enerji g\u00fcvenli\u011finin ve s\u00fcrd\u00fcrebilirli\u011fin sa\u011flanmas\u0131 gibi fakt\u00f6rler \u00e7ok \u00f6nemli. Enerji risk y\u00f6netimi, do\u011fru ve sa\u011fl\u0131kl\u0131 politikalar\u0131n geli\u015ftirilmesine ba\u011fl\u0131d\u0131r. T\u00fcrkiye\u2019nin enerji risk y\u00f6netimini i\u00e7eren bir enerji politikas\u0131 olu\u015fturulmas\u0131 gerekiyor. G\u00fcvenli olmak i\u00e7in her a\u00e7\u0131dan g\u00fcvenli olmak gerekir. T\u00fcrkiye\u2019nin i\u00e7 tehditlerine kar\u015f\u0131 g\u00fcvenlik zaaf\u0131 ya\u015famas\u0131 ve m\u00fcdahale edememesi durumunda, uluslararas\u0131 g\u00fc\u00e7lerin m\u00fcdahalesinin yolu a\u00e7\u0131labilir.\u201d<\/p>\n<p>G\u00f6knel, enerji sekt\u00f6r\u00fcnde kaynak ve pazar yollar\u0131 aras\u0131ndaki ula\u015f\u0131m noktalar\u0131n\u0131n g\u00fcvenli\u011finin sa\u011flanmas\u0131n\u0131n da enerji risk y\u00f6netiminde belirleyici bir etken oldu\u011funu kaydetti.<\/p>\n<p><strong>\u201cArz g\u00fcvenli\u011fi \u00f6nem kazand\u0131\u201d<\/strong><\/p>\n<p>Panelin moderat\u00f6rl\u00fc\u011f\u00fcn\u00fc yapan Cumhurba\u015fkanl\u0131\u011f\u0131 Eski Ba\u015fenerji Dan\u0131\u015fman\u0131 Khas Enerji Sistemleri M\u00fchendisli\u011fi B\u00f6l\u00fcm Ba\u015fkan\u0131 Prof. Dr. Volkan \u015e. Ediger\u2019de enerji sekt\u00f6r\u00fcnde arz g\u00fcvenli\u011fi kavram\u0131n\u0131 ele ald\u0131. Arz g\u00fcvenli\u011fini ucuz, temiz ve \u00e7evre dostu enerjinin yeterli miktarda ve zamanda vatanda\u015flara verilmesi olarak tan\u0131mlayan Prof. Dr. Ediger, son d\u00f6nemlerde T\u00fcrkiye\u2019de arz g\u00fcvenli\u011fi kavram\u0131n\u0131n \u00f6nem kazand\u0131\u011f\u0131n\u0131 ifade etti.<\/p>\n<p>Prof. Dr. Ediger, T\u00fcrkiye\u2019nin t\u00fcketti\u011fi y\u00fcz birim enerjinin d\u00f6rtte birini yurt i\u00e7inde \u00fcretildi\u011fini, d\u00f6rtte \u00fc\u00e7\u00fcn\u00fc ise yurt d\u0131\u015f\u0131ndan ithal edildi\u011fini belirterek, ithal edilen enerji de\u011ferinin 60 milyar dolara yak\u0131n bir kayna\u011fa denk geldi\u011fini vurgulad\u0131. Prof. Dr. Ediger, bu durumun T\u00fcrkiye\u2019nin enerji sekt\u00f6r\u00fc a\u00e7\u0131s\u0131ndan en b\u00fcy\u00fck riskini olu\u015fturdu\u011funu belirtti.<\/p>\n<p>Prof. Dr. Ediger, T\u00fcrkiye toplam enerji t\u00fcketiminin y\u00fczde 31\u2019ini olu\u015fturan do\u011falgaz\u0131n T\u00fcrkiye\u2019nin d\u0131\u015fa ba\u011f\u0131ml\u0131l\u0131\u011f\u0131ndaki en \u00f6nemli yak\u0131t oldu\u011funu da vurgulad\u0131. Prof.\u00a0 Dr. Ediger, T\u00fcrkiye a\u00e7\u0131s\u0131ndan enerji risk y\u00f6netimini belirleyen unsurlardan biri olan enerji jeopoliti\u011fi a\u00e7\u0131s\u0131ndan da d\u00fcnyada do\u011falgaz kaynaklar\u0131n\u0131n Rusya\u2019n\u0131n elinde bulunmas\u0131n\u0131n enerjide risk olu\u015fturdu\u011funu aktard\u0131.<\/p>\n<p><strong>\u201cUzun vadeli politikalar geli\u015ftirilmeli\u201d <\/strong><\/p>\n<p>Naturgaz A.\u015e. Genel M\u00fcd\u00fcr\u00fc Arif Akt\u00fcrk\u2019de risklerin de\u011ferlendirilmesi i\u00e7in g\u00fc\u00e7l\u00fc olmak gerekti\u011fini vurgulayarak, enerjide uzun vadeli politikalar\u0131n olu\u015fturulmas\u0131n\u0131n \u00f6nemine i\u015faret etti. Akt\u00fcrk, T\u00fcrkiye\u2019de g\u00fcn\u00fc birlik uygulamalar\u0131n ge\u00e7erli oldu\u011funu ve \u00f6n\u00fcm\u00fczdeki d\u00f6nemde de bu \u015fekilde s\u00fcrece\u011fini belirtti.<\/p>\n<p><strong>\u201cElektrik fiyatlar\u0131 uzun vadeli olarak belirlenmeli\u201d<\/strong><\/p>\n<p>VOB S\u00f6zle\u015fme, Ara\u015ft\u0131rma ve \u0130statistik M\u00fcd\u00fcr\u00fc Emre \u00c7etinkaya\u00a0 ise, elektrik fiyatlar\u0131n\u0131n uzun vadeli olarak belirlemesinin \u00f6nemine dikkat \u00e7ekti.<\/p>\n<p><strong>\u201cEnerjide fiyatlar\u0131, bir parmak belirliyor\u201d <\/strong><\/p>\n<p>Enerji Ticareti Derne\u011fi Ba\u015fkan\u0131 Mustafa Karahan\u2019da T\u00fcrkiye enerji sekt\u00f6r\u00fcnde karar vericilerin serbest piyasa mekanizmas\u0131 kurulup kurulmayaca\u011f\u0131na karar vermeleri gerekti\u011fini ifade etti. Karahan, enerji piyasas\u0131nda fiyatlar\u0131 bir parma\u011f\u0131n belirledi\u011fini vurgulad\u0131. Karahan<a name=\"_GoBack\"><\/a>, enerji borsas\u0131n\u0131n kurulmas\u0131n\u0131n sekt\u00f6rde \u015feffafl\u0131k sa\u011flayaca\u011f\u0131n\u0131 kaydetti.<\/p>\n<p>Kaynak: <a href=\"http:\/\/www.alternatifenerji.com\/?p=8907\" target=\"_blank\">Alternatif Enerji<\/a><\/p>","protected":false},"excerpt":{"rendered":"<p>Sorry, this entry is only available in Turkish. For the sake of viewer convenience, the content is shown below in the alternative language. You may click the link to switch the active language.Kadir Has \u00dcniversitesi ve PRMIA\u2019n\u0131n (The Professional Risk Management International Association) ortak giri\u015fimiyle d\u00fczenlenen\u00a0 \u2018Enerji Risk Y\u00f6netimi\u2019 konulu panel, bug\u00fcn Kadir Has \u00dcniversitesi [&hellip;]<\/p>\n","protected":false},"author":1,"featured_media":4068,"comment_status":"open","ping_status":"open","sticky":false,"template":"","format":"standard","meta":[],"categories":[51,53],"tags":[774,67,1202,1203,1201],"views":1085,"_links":{"self":[{"href":"https:\/\/www.enerjigazetesi.ist\/en\/wp-json\/wp\/v2\/posts\/4067"}],"collection":[{"href":"https:\/\/www.enerjigazetesi.ist\/en\/wp-json\/wp\/v2\/posts"}],"about":[{"href":"https:\/\/www.enerjigazetesi.ist\/en\/wp-json\/wp\/v2\/types\/post"}],"author":[{"embeddable":true,"href":"https:\/\/www.enerjigazetesi.ist\/en\/wp-json\/wp\/v2\/users\/1"}],"replies":[{"embeddable":true,"href":"https:\/\/www.enerjigazetesi.ist\/en\/wp-json\/wp\/v2\/comments?post=4067"}],"version-history":[{"count":1,"href":"https:\/\/www.enerjigazetesi.ist\/en\/wp-json\/wp\/v2\/posts\/4067\/revisions"}],"predecessor-version":[{"id":4069,"href":"https:\/\/www.enerjigazetesi.ist\/en\/wp-json\/wp\/v2\/posts\/4067\/revisions\/4069"}],"wp:featuredmedia":[{"embeddable":true,"href":"https:\/\/www.enerjigazetesi.ist\/en\/wp-json\/wp\/v2\/media\/4068"}],"wp:attachment":[{"href":"https:\/\/www.enerjigazetesi.ist\/en\/wp-json\/wp\/v2\/media?parent=4067"}],"wp:term":[{"taxonomy":"category","embeddable":true,"href":"https:\/\/www.enerjigazetesi.ist\/en\/wp-json\/wp\/v2\/categories?post=4067"},{"taxonomy":"post_tag","embeddable":true,"href":"https:\/\/www.enerjigazetesi.ist\/en\/wp-json\/wp\/v2\/tags?post=4067"}],"curies":[{"name":"wp","href":"https:\/\/api.w.org\/{rel}","templated":true}]}}