{"id":40552,"date":"2015-06-22T14:12:18","date_gmt":"2015-06-22T11:12:18","guid":{"rendered":"https:\/\/www.enerjigazetesi.ist\/?p=40552"},"modified":"2015-06-22T14:12:18","modified_gmt":"2015-06-22T11:12:18","slug":"tamamen-sebekeden-bagimsiz-sokak-lambasi","status":"publish","type":"post","link":"https:\/\/www.enerjigazetesi.ist\/en\/tamamen-sebekeden-bagimsiz-sokak-lambasi\/","title":{"rendered":"(Turkish) Tamamen \u015eebekeden Ba\u011f\u0131ms\u0131z Sokak Lambas\u0131!"},"content":{"rendered":"<p class=\"qtranxs-available-languages-message qtranxs-available-languages-message-en\">Sorry, this entry is only available in <a href=\"https:\/\/www.enerjigazetesi.ist\/tr\/wp-json\/wp\/v2\/posts\/40552\" class=\"qtranxs-available-language-link qtranxs-available-language-link-tr\" title=\"Turkish\">Turkish<\/a>. For the sake of viewer convenience, the content is shown below in the alternative language. You may click the link to switch the active language.<\/p><p><\/p>\n<div style=\"color: #222222;\"><strong>\u0130spanya merkezli. Katalonya Politeknik \u00dcniversitesi d\u00fcnyan\u0131n ilk tamam\u0131yla \u015febekeden ba\u011f\u0131ms\u0131z, kendi kendine yeten sokak lambas\u0131 geli\u015ftirdi\u011fini duyurdu.<\/strong><\/div>\n<div style=\"color: #222222;\"><\/div>\n<div style=\"color: #222222;\">G\u00fcne\u015f enerjisi ile i\u00e7indeki pilleri \u015farj eden lambalar, gerekti\u011finde r\u00fczgardan da \u015farj i\u00e7in faydalanabiliyor. Gece de hi\u00e7 elektri\u011fin olmad\u0131\u011f\u0131 b\u00f6lgelerde bile s\u00fcrekli bir ayd\u0131nlatma sa\u011flanm\u0131\u015f oluyor. Do\u011fal parklar ya da elektri\u011fin hi\u00e7 gitmedi\u011fi yollar i\u00e7in harika olan sistem dahilinde 2015 y\u0131l\u0131nda 500 adet prototip \u00fcretilecek.<\/div>\n<p style=\"color: #222222;\">\n<div style=\"color: #222222;\"><\/div>\n<div style=\"color: #222222;\"><a style=\"color: #1e73be;\" href=\"http:\/\/statik.enerjienstitusu123.netdna-cdn.com\/wp-content\/uploads\/g%C3%BCne%C5%9F-r%C3%BCzgar-sokak-lambas%C4%B1-222222222.jpg\" target=\"_blank\"><img loading=\"lazy\" class=\"  wp-image-72264 aligncenter\" src=\"http:\/\/statik.enerjienstitusu123.netdna-cdn.com\/wp-content\/uploads\/g%C3%BCne%C5%9F-r%C3%BCzgar-sokak-lambas%C4%B1-222222222.jpg\" alt=\"g\u00fcne\u015f r\u00fczgar sokak lambas\u0131 222222222\" width=\"545\" height=\"307\" \/><\/a><\/div>\n<div style=\"color: #222222;\">Sistemin en ilgin\u00e7 yan\u0131 \u00fczerindeki r\u00fczgar t\u00fcrbininin d\u00fc\u015fey eksenli olmas\u0131. Sadece 1.7 m\/s h\u0131zlarda d\u00f6nmeye ba\u015flayan t\u00fcrbin ve 100 Watt\/saat enerji \u00fcretebiliyor. Enerji d\u00fczenleyici, pil dahil \u00fc\u00e7 kaynaktan gelen elektri\u011fi d\u00fczenliyor ve lambaya gerekti\u011fi kadar\u0131n\u0131 y\u00f6nlendirebiliyor. Ayr\u0131ca pili biter korkusu olmas\u0131n diye toplam alt\u0131 gece boyunca r\u00fczgars\u0131z ve g\u00fcne\u015fsiz \u015farjdan yiyerek \u00e7al\u0131\u015fabiliyor.<\/div>\n<div style=\"color: #222222;\"><a style=\"color: #1e73be;\" href=\"http:\/\/statik.enerjienstitusu123.netdna-cdn.com\/wp-content\/uploads\/g%C3%BCne%C5%9F-r%C3%BCzgar-sokak-lambas%C4%B1-33333333333.jpg\" target=\"_blank\"><img loading=\"lazy\" class=\"  wp-image-72265 aligncenter\" src=\"http:\/\/statik.enerjienstitusu123.netdna-cdn.com\/wp-content\/uploads\/g%C3%BCne%C5%9F-r%C3%BCzgar-sokak-lambas%C4%B1-33333333333.jpg\" alt=\"g\u00fcne\u015f r\u00fczgar sokak lambas\u0131 33333333333\" width=\"553\" height=\"311\" \/><\/a><\/div>\n<div style=\"color: #222222;\"><\/div>\n<div style=\"color: #222222;\"><em>Bu yaz\u0131 G\u00fcn Oksay taraf\u0131ndan DH+ dergisinin 16. say\u0131s\u0131nda yay\u0131nlanm\u0131\u015ft\u0131r.<\/em><\/div>\n<p><\/p>","protected":false},"excerpt":{"rendered":"<p>Sorry, this entry is only available in Turkish. For the sake of viewer convenience, the content is shown below in the alternative language. You may click the link to switch the active language. \u0130spanya merkezli. Katalonya Politeknik \u00dcniversitesi d\u00fcnyan\u0131n ilk tamam\u0131yla \u015febekeden ba\u011f\u0131ms\u0131z, kendi kendine yeten sokak lambas\u0131 geli\u015ftirdi\u011fini duyurdu. G\u00fcne\u015f enerjisi ile i\u00e7indeki pilleri [&hellip;]<\/p>\n","protected":false},"author":1,"featured_media":40554,"comment_status":"open","ping_status":"open","sticky":false,"template":"","format":"standard","meta":[],"categories":[51,53,49,50],"tags":[63,67,1009,2698,165,227,13,69,16,324,18253,23609,23608],"views":1309,"_links":{"self":[{"href":"https:\/\/www.enerjigazetesi.ist\/en\/wp-json\/wp\/v2\/posts\/40552"}],"collection":[{"href":"https:\/\/www.enerjigazetesi.ist\/en\/wp-json\/wp\/v2\/posts"}],"about":[{"href":"https:\/\/www.enerjigazetesi.ist\/en\/wp-json\/wp\/v2\/types\/post"}],"author":[{"embeddable":true,"href":"https:\/\/www.enerjigazetesi.ist\/en\/wp-json\/wp\/v2\/users\/1"}],"replies":[{"embeddable":true,"href":"https:\/\/www.enerjigazetesi.ist\/en\/wp-json\/wp\/v2\/comments?post=40552"}],"version-history":[{"count":2,"href":"https:\/\/www.enerjigazetesi.ist\/en\/wp-json\/wp\/v2\/posts\/40552\/revisions"}],"predecessor-version":[{"id":40555,"href":"https:\/\/www.enerjigazetesi.ist\/en\/wp-json\/wp\/v2\/posts\/40552\/revisions\/40555"}],"wp:featuredmedia":[{"embeddable":true,"href":"https:\/\/www.enerjigazetesi.ist\/en\/wp-json\/wp\/v2\/media\/40554"}],"wp:attachment":[{"href":"https:\/\/www.enerjigazetesi.ist\/en\/wp-json\/wp\/v2\/media?parent=40552"}],"wp:term":[{"taxonomy":"category","embeddable":true,"href":"https:\/\/www.enerjigazetesi.ist\/en\/wp-json\/wp\/v2\/categories?post=40552"},{"taxonomy":"post_tag","embeddable":true,"href":"https:\/\/www.enerjigazetesi.ist\/en\/wp-json\/wp\/v2\/tags?post=40552"}],"curies":[{"name":"wp","href":"https:\/\/api.w.org\/{rel}","templated":true}]}}