{"id":40534,"date":"2015-06-21T20:51:53","date_gmt":"2015-06-21T17:51:53","guid":{"rendered":"https:\/\/www.enerjigazetesi.ist\/?p=40534"},"modified":"2015-06-21T20:51:53","modified_gmt":"2015-06-21T17:51:53","slug":"fransa-kurulu-gucte-6-gwa-yaklasti","status":"publish","type":"post","link":"https:\/\/www.enerjigazetesi.ist\/en\/fransa-kurulu-gucte-6-gwa-yaklasti\/","title":{"rendered":"(Turkish) Fransa Kurulu G\u00fc\u00e7te 6 GW\u2019a Yakla\u015ft\u0131&#8230;"},"content":{"rendered":"<p class=\"qtranxs-available-languages-message qtranxs-available-languages-message-en\">Sorry, this entry is only available in <a href=\"https:\/\/www.enerjigazetesi.ist\/tr\/wp-json\/wp\/v2\/posts\/40534\" class=\"qtranxs-available-language-link qtranxs-available-language-link-tr\" title=\"Turkish\">Turkish<\/a>. For the sake of viewer convenience, the content is shown below in the alternative language. You may click the link to switch the active language.<\/p><p><strong>Fransa\u2019n\u0131n g\u00fcne\u015f elektri\u011fi kurulu g\u00fcc\u00fcn\u00fcn y\u0131l\u0131n ilk \u00e7eyre\u011finde 212 MW artt\u0131\u011f\u0131 bildirildi.<\/strong><\/p>\n<p>Fransa S\u00fcrd\u00fcr\u00fclebilir Kalk\u0131nma Komisyonu taraf\u0131ndan a\u00e7\u0131klanan verilere g\u00f6re \u00fclkenin toplam g\u00fcne\u015f elektri\u011fi g\u00fcc\u00fc ise 2015\u2019in Mart ay\u0131 sonu itibari ile 5.860 MW d\u00fczeyine ula\u015fm\u0131\u015f oldu.<a href=\"https:\/\/www.enerjigazetesi.ist\/wp-content\/uploads\/2015\/06\/fransa-kurulu-gucte-6-gwa-yaklasti.jpg\"><img loading=\"lazy\" class=\"alignright size-medium wp-image-40535\" src=\"https:\/\/www.enerjigazetesi.ist\/wp-content\/uploads\/2015\/06\/fransa-kurulu-gucte-6-gwa-yaklasti-300x150.jpg\" alt=\"fransa-kurulu-gucte-6-gwa-yaklasti\" width=\"300\" height=\"150\" srcset=\"https:\/\/www.enerjigazetesi.ist\/wp-content\/uploads\/2015\/06\/fransa-kurulu-gucte-6-gwa-yaklasti-300x150.jpg 300w, https:\/\/www.enerjigazetesi.ist\/wp-content\/uploads\/2015\/06\/fransa-kurulu-gucte-6-gwa-yaklasti-500x250.jpg 500w, https:\/\/www.enerjigazetesi.ist\/wp-content\/uploads\/2015\/06\/fransa-kurulu-gucte-6-gwa-yaklasti-80x40.jpg 80w, https:\/\/www.enerjigazetesi.ist\/wp-content\/uploads\/2015\/06\/fransa-kurulu-gucte-6-gwa-yaklasti.jpg 630w\" sizes=\"(max-width: 300px) 100vw, 300px\" \/><\/a><\/p>\n<p>Verilere g\u00f6re ilk \u00e7eyrekte ger\u00e7ekle\u015fen art\u0131\u015f\u0131n 148 MW\u2019l\u0131k b\u00f6l\u00fcm\u00fcn\u00fc 250 kW \u00fczeri kurulumlar, 11 MW\u2019l\u0131k b\u00f6l\u00fcm\u00fcn\u00fc 100 \u2013 250 100 kW-250 kW aras\u0131 kurulumlar, 31 MW\u2019l\u0131k b\u00f6l\u00fcm\u00fcn\u00fc 36 kW-100 kW aras\u0131 kurulumlar ve 21 MW\u2019l\u0131k b\u00f6l\u00fcm\u00fcn\u00fc ise 36 kW alt\u0131 kurulumlar olu\u015fturdu.<\/p>\n<p>Komisyon taraf\u0131ndan a\u00e7\u0131klanan verilere g\u00f6re \u00fclkede devreye girdiklerinde toplam g\u00fc\u00e7leri 2.080 MW olacak 21.967 ayr\u0131 g\u00fcne\u015f elektri\u011fi kurulumu da onay bekliyor.<\/p>\n<p>Fransa\u2019da ge\u00e7en y\u0131l\u0131n ayn\u0131 d\u00f6neminde 195 MW, bir \u00f6nceki \u00e7eyrekte ise 203 MW g\u00fcc\u00fcnde g\u00fcne\u015f elektri\u011fi sistemi devreye girmi\u015fti.<\/p>\n<p>Kaynak: <a href=\"http:\/\/www.guneselektrigi.com\/fransa-kurulu-gucte-6-gwa-yaklasti\/1260\" target=\"_blank\" rel=\"nofollow\">G\u00fcne\u015f\u00a0Elektri\u011fi<\/a><\/p>","protected":false},"excerpt":{"rendered":"<p>Sorry, this entry is only available in Turkish. For the sake of viewer convenience, the content is shown below in the alternative language. You may click the link to switch the active language.Fransa\u2019n\u0131n g\u00fcne\u015f elektri\u011fi kurulu g\u00fcc\u00fcn\u00fcn y\u0131l\u0131n ilk \u00e7eyre\u011finde 212 MW artt\u0131\u011f\u0131 bildirildi. Fransa S\u00fcrd\u00fcr\u00fclebilir Kalk\u0131nma Komisyonu taraf\u0131ndan a\u00e7\u0131klanan verilere g\u00f6re \u00fclkenin toplam g\u00fcne\u015f [&hellip;]<\/p>\n","protected":false},"author":1,"featured_media":40535,"comment_status":"open","ping_status":"open","sticky":false,"template":"","format":"standard","meta":[],"categories":[53,49],"tags":[63,67,1009,2698,165,1346,227,18797,13,23133,22209],"views":751,"_links":{"self":[{"href":"https:\/\/www.enerjigazetesi.ist\/en\/wp-json\/wp\/v2\/posts\/40534"}],"collection":[{"href":"https:\/\/www.enerjigazetesi.ist\/en\/wp-json\/wp\/v2\/posts"}],"about":[{"href":"https:\/\/www.enerjigazetesi.ist\/en\/wp-json\/wp\/v2\/types\/post"}],"author":[{"embeddable":true,"href":"https:\/\/www.enerjigazetesi.ist\/en\/wp-json\/wp\/v2\/users\/1"}],"replies":[{"embeddable":true,"href":"https:\/\/www.enerjigazetesi.ist\/en\/wp-json\/wp\/v2\/comments?post=40534"}],"version-history":[{"count":1,"href":"https:\/\/www.enerjigazetesi.ist\/en\/wp-json\/wp\/v2\/posts\/40534\/revisions"}],"predecessor-version":[{"id":40536,"href":"https:\/\/www.enerjigazetesi.ist\/en\/wp-json\/wp\/v2\/posts\/40534\/revisions\/40536"}],"wp:featuredmedia":[{"embeddable":true,"href":"https:\/\/www.enerjigazetesi.ist\/en\/wp-json\/wp\/v2\/media\/40535"}],"wp:attachment":[{"href":"https:\/\/www.enerjigazetesi.ist\/en\/wp-json\/wp\/v2\/media?parent=40534"}],"wp:term":[{"taxonomy":"category","embeddable":true,"href":"https:\/\/www.enerjigazetesi.ist\/en\/wp-json\/wp\/v2\/categories?post=40534"},{"taxonomy":"post_tag","embeddable":true,"href":"https:\/\/www.enerjigazetesi.ist\/en\/wp-json\/wp\/v2\/tags?post=40534"}],"curies":[{"name":"wp","href":"https:\/\/api.w.org\/{rel}","templated":true}]}}