{"id":40507,"date":"2015-06-20T14:00:33","date_gmt":"2015-06-20T11:00:33","guid":{"rendered":"https:\/\/www.enerjigazetesi.ist\/?p=40507"},"modified":"2015-06-20T14:00:33","modified_gmt":"2015-06-20T11:00:33","slug":"ht-grup-manisada-2-mwlik-gunes-enerjisi-santrali-ges-kuracak","status":"publish","type":"post","link":"https:\/\/www.enerjigazetesi.ist\/en\/ht-grup-manisada-2-mwlik-gunes-enerjisi-santrali-ges-kuracak\/","title":{"rendered":"(Turkish) HT Grup Manisa`da 2 MW`l\u0131k G\u00fcne\u015f Enerjisi Santrali (GES) Kuracak!"},"content":{"rendered":"<p class=\"qtranxs-available-languages-message qtranxs-available-languages-message-en\">Sorry, this entry is only available in <a href=\"https:\/\/www.enerjigazetesi.ist\/tr\/wp-json\/wp\/v2\/posts\/40507\" class=\"qtranxs-available-language-link qtranxs-available-language-link-tr\" title=\"Turkish\">Turkish<\/a>. For the sake of viewer convenience, the content is shown below in the alternative language. You may click the link to switch the active language.<\/p><p><strong>HT Grup, Manisa`da 2 MW`l\u0131k G\u00fcne\u015f Enerjisi Santrali (GES) kuracak.<\/strong><\/p>\n<p>HT Grup Enerji Sanayi ve Ticaret Limited \u015eirketi, Manisa \u0130li, Demirci \u0130l\u00e7esi, Kayran Mevkii, \u0130cikler Mahallesinde, toplam 43.621,79 m2 b\u00fcy\u00fckl\u00fc\u011f\u00fcndeki 4 no\u2019lu parselde, her biri 999 kW kapasiteli olacak iki tesisten olu\u015facak toplam <a href=\"https:\/\/www.enerjigazetesi.ist\/wp-content\/uploads\/2015\/06\/ht-grup-manisada-2-mwlik-ges-kuracak.jpg\"><img loading=\"lazy\" class=\"alignright  wp-image-40508\" src=\"https:\/\/www.enerjigazetesi.ist\/wp-content\/uploads\/2015\/06\/ht-grup-manisada-2-mwlik-ges-kuracak-300x224.jpg\" alt=\"ht-grup-manisada-2-mwlik-ges-kuracak\" width=\"300\" height=\"177\" \/><\/a>1,998 MWe kapasiteli G\u00fcne\u015f Enerjisi Santrali kurmay\u0131 planl\u0131yor.<\/p>\n<p>Proje bedeli 6.120.000 TL olarak belirlenen santraller 17.252 m2 ve 19.690 m2 olarak planlanan iki ayr\u0131 alanda kurulacak.<\/p>\n<p>Her bir tesiste elde edilmesi beklenen elektrik enerjisi miktar\u0131 y\u0131ll\u0131k 1.600.000 kWh.<\/p>\n<p><strong>PROJEYE \u00c7ED GEREKL\u0130 G\u00d6R\u00dcLMED\u0130<\/strong><\/p>\n<p>\u00c7evresel Etki De\u011ferlendirmesi \u0130zin ve Denetim Genel M\u00fcd\u00fcrl\u00fc\u011f\u00fc`n\u00fcn internet sitesinde konu ile ilgili yap\u0131lan a\u00e7\u0131klamada, proje ile ilgili olarak Bakanl\u0131\u011fa sunulan dosyan\u0131n incelenip de\u011ferlendirilerek, Manisa Valili\u011fi taraf\u0131ndan `\u00c7evresel Etki De\u011ferlendirmesi Gerekli De\u011fildir` karar\u0131 verildi\u011fi belirtildi.<\/p>\n<p>Kaynak: <a href=\"http:\/\/enerjigunlugu.net\/ht-grup-manisada-2-mwlik-ges-kuracak_14164.html#.VYVMOvntmko\" target=\"_blank\" rel=\"nofollow\">Enerji G\u00fcnl\u00fc\u011f\u00fc<\/a><\/p>","protected":false},"excerpt":{"rendered":"<p>Sorry, this entry is only available in Turkish. For the sake of viewer convenience, the content is shown below in the alternative language. You may click the link to switch the active language.HT Grup, Manisa`da 2 MW`l\u0131k G\u00fcne\u015f Enerjisi Santrali (GES) kuracak. HT Grup Enerji Sanayi ve Ticaret Limited \u015eirketi, Manisa \u0130li, Demirci \u0130l\u00e7esi, Kayran [&hellip;]<\/p>\n","protected":false},"author":1,"featured_media":40508,"comment_status":"open","ping_status":"open","sticky":false,"template":"","format":"standard","meta":[],"categories":[53,49],"tags":[63,67,1009,2698,165,2326,21886,227,13,2569,21768],"views":1268,"_links":{"self":[{"href":"https:\/\/www.enerjigazetesi.ist\/en\/wp-json\/wp\/v2\/posts\/40507"}],"collection":[{"href":"https:\/\/www.enerjigazetesi.ist\/en\/wp-json\/wp\/v2\/posts"}],"about":[{"href":"https:\/\/www.enerjigazetesi.ist\/en\/wp-json\/wp\/v2\/types\/post"}],"author":[{"embeddable":true,"href":"https:\/\/www.enerjigazetesi.ist\/en\/wp-json\/wp\/v2\/users\/1"}],"replies":[{"embeddable":true,"href":"https:\/\/www.enerjigazetesi.ist\/en\/wp-json\/wp\/v2\/comments?post=40507"}],"version-history":[{"count":1,"href":"https:\/\/www.enerjigazetesi.ist\/en\/wp-json\/wp\/v2\/posts\/40507\/revisions"}],"predecessor-version":[{"id":40509,"href":"https:\/\/www.enerjigazetesi.ist\/en\/wp-json\/wp\/v2\/posts\/40507\/revisions\/40509"}],"wp:featuredmedia":[{"embeddable":true,"href":"https:\/\/www.enerjigazetesi.ist\/en\/wp-json\/wp\/v2\/media\/40508"}],"wp:attachment":[{"href":"https:\/\/www.enerjigazetesi.ist\/en\/wp-json\/wp\/v2\/media?parent=40507"}],"wp:term":[{"taxonomy":"category","embeddable":true,"href":"https:\/\/www.enerjigazetesi.ist\/en\/wp-json\/wp\/v2\/categories?post=40507"},{"taxonomy":"post_tag","embeddable":true,"href":"https:\/\/www.enerjigazetesi.ist\/en\/wp-json\/wp\/v2\/tags?post=40507"}],"curies":[{"name":"wp","href":"https:\/\/api.w.org\/{rel}","templated":true}]}}